{"id":9880,"date":"2020-05-07T14:41:09","date_gmt":"2020-05-07T12:41:09","guid":{"rendered":"https:\/\/www.espai.es\/blog\/?p=9880"},"modified":"2022-10-24T13:40:48","modified_gmt":"2022-10-24T11:40:48","slug":"como-limpiar-mascarillas-reutilizables","status":"publish","type":"post","link":"https:\/\/www.espai.es\/blog\/2020\/05\/como-limpiar-mascarillas-reutilizables\/","title":{"rendered":"C\u00f3mo limpiar mascarillas reutilizables"},"content":{"rendered":"<p>Debido a que estamos en fase de desescalada y para salir, es obligatorio en muchos casos y recomendable en el resto, el uso de las mascarillas, vamos a tratar el uso continuado y claro est\u00e1, <strong>c\u00f3mo limpiar mascarillas reutilizables<\/strong>, para re aprovecharlas y as\u00ed, a parte de ir protegidos, ahorrar dinero sin sacrificar nuestra seguridad y la de qui\u00e9n nos rodea.<\/p>\n<p>La idea de este art\u00edculo es ver los diferentes m\u00e9todos utilizados para la gran mayor\u00eda de mascarillas, aunque como veremos, me centro en un modelo espec\u00edfico ideal para la gente que tenga que verse obligada a usarlo en su puesto de trabajo.<\/p>\n<p>Lo primero de todo, es que vamos a centrarnos en las mascarillas de uso m\u00e1s profesional, o sea las recomendables para largas horas de trabajo, por lo tanto, no podremos usar mascarillas quir\u00fargicas, porque no son las que nos protegen adecuadamente (las quir\u00fargicas es para proteger a los dem\u00e1s, pero no a nosotros mismos), tal y como se ilustra en la siguiente tabla:<\/p>\n<p><a href=\"https:\/\/www.espai.es\/blog\/wp-content\/uploads\/2020\/05\/limpieza_mascarillas00.jpg\" rel=\"attachment wp-att-9893\"><img loading=\"lazy\" decoding=\"async\" class=\"aligncenter size-full wp-image-9893\" src=\"https:\/\/www.espai.es\/blog\/wp-content\/uploads\/2020\/05\/limpieza_mascarillas00.jpg\" alt=\"limpieza_mascarillas00\" width=\"476\" height=\"580\" srcset=\"https:\/\/www.espai.es\/blog\/wp-content\/uploads\/2020\/05\/limpieza_mascarillas00.jpg 476w, https:\/\/www.espai.es\/blog\/wp-content\/uploads\/2020\/05\/limpieza_mascarillas00-246x300.jpg 246w\" sizes=\"auto, (max-width: 476px) 100vw, 476px\" \/><\/a><\/p>\n<p>As\u00ed pues, nos centraremos en los modelos N95\/KN95\/FFP2, como por ejemplo los modelos de 3M, atenci\u00f3n importante que dentro del modelo hagan referencia a una \u201cR\u201d que significa \u201creutilizable\u201d (si no la tienen, revisar las instrucciones que indicar\u00e1n a buen seguro qu\u00e9 ciclo de vida tienen):<\/p>\n<p><a href=\"https:\/\/www.espai.es\/blog\/wp-content\/uploads\/2020\/05\/limpieza_mascarillas01.jpg\" rel=\"attachment wp-att-9894\"><img loading=\"lazy\" decoding=\"async\" class=\"aligncenter wp-image-9894\" src=\"https:\/\/www.espai.es\/blog\/wp-content\/uploads\/2020\/05\/limpieza_mascarillas01.jpg\" alt=\"limpieza_mascarillas01\" width=\"776\" height=\"319\" srcset=\"https:\/\/www.espai.es\/blog\/wp-content\/uploads\/2020\/05\/limpieza_mascarillas01.jpg 1261w, https:\/\/www.espai.es\/blog\/wp-content\/uploads\/2020\/05\/limpieza_mascarillas01-300x123.jpg 300w, https:\/\/www.espai.es\/blog\/wp-content\/uploads\/2020\/05\/limpieza_mascarillas01-768x315.jpg 768w, https:\/\/www.espai.es\/blog\/wp-content\/uploads\/2020\/05\/limpieza_mascarillas01-1024x421.jpg 1024w, https:\/\/www.espai.es\/blog\/wp-content\/uploads\/2020\/05\/limpieza_mascarillas01-700x288.jpg 700w\" sizes=\"auto, (max-width: 776px) 100vw, 776px\" \/><\/a><\/p>\n<p>Estas mascarillas pueden reutilizarse durante muchos d\u00edas sin tener una p\u00e9rdida de capacidad, obs\u00e9rvese que son los modelos sin \u201cv\u00e1lvula respiratoria\u201d, estos \u00faltimos no previenen el contagio, ya que la exhalaci\u00f3n sale sin filtrar, as\u00ed pues, recordemos, un modelo que proteja y nos proteja, sobre todo si vamos a estar en contacto con compa\u00f1eros de trabajo.<\/p>\n<p><a href=\"https:\/\/www.espai.es\/blog\/wp-content\/uploads\/2020\/05\/limpieza_mascarillas02.jpg\" rel=\"attachment wp-att-9895\"><img loading=\"lazy\" decoding=\"async\" class=\"aligncenter size-full wp-image-9895\" src=\"https:\/\/www.espai.es\/blog\/wp-content\/uploads\/2020\/05\/limpieza_mascarillas02.jpg\" alt=\"limpieza_mascarillas02\" width=\"538\" height=\"455\" srcset=\"https:\/\/www.espai.es\/blog\/wp-content\/uploads\/2020\/05\/limpieza_mascarillas02.jpg 538w, https:\/\/www.espai.es\/blog\/wp-content\/uploads\/2020\/05\/limpieza_mascarillas02-300x254.jpg 300w\" sizes=\"auto, (max-width: 538px) 100vw, 538px\" \/><\/a><\/p>\n<p>Ahora bien, como han recomendado las autoridades sanitarias, una vez nos sacamos la mascarilla, no podemos volver a pon\u00e9rnosla inmediatamente a menos que la desinfectemos, a continuaci\u00f3n, veremos los m\u00e9todos que hay.<\/p>\n<h2>Agua y jab\u00f3n<\/h2>\n<p>Obviamente esta es una de las primeras soluciones que nos vienen a la cabeza, una limpieza con un a soluci\u00f3n jabonosa de cocina (capacidad antibacteriana y anti-grasa), y agua caliente, con un posterior secado, es como realmente desinfecta las mascarillas, el problema es que el tejido de estas se resiente y pierde efectividad:<\/p>\n<p><a href=\"https:\/\/www.espai.es\/blog\/wp-content\/uploads\/2020\/05\/limpieza_mascarillas03.jpg\" rel=\"attachment wp-att-9896\"><img loading=\"lazy\" decoding=\"async\" class=\"aligncenter size-full wp-image-9896\" src=\"https:\/\/www.espai.es\/blog\/wp-content\/uploads\/2020\/05\/limpieza_mascarillas03.jpg\" alt=\"limpieza_mascarillas03\" width=\"768\" height=\"478\" srcset=\"https:\/\/www.espai.es\/blog\/wp-content\/uploads\/2020\/05\/limpieza_mascarillas03.jpg 768w, https:\/\/www.espai.es\/blog\/wp-content\/uploads\/2020\/05\/limpieza_mascarillas03-300x187.jpg 300w, https:\/\/www.espai.es\/blog\/wp-content\/uploads\/2020\/05\/limpieza_mascarillas03-700x436.jpg 700w\" sizes=\"auto, (max-width: 768px) 100vw, 768px\" \/><\/a><\/p>\n<p>Adem\u00e1s, a medida que lo hacemos, el problema y la degradaci\u00f3n se agrava, as\u00ed pues, completamente desaconsejado.<\/p>\n<p>\u00bfEntonces\u2026 porqu\u00e9 hay vendedores y gente que vende o distribuye mascarillas que ellos garantizan que se pueden lavar as\u00ed? La respuesta es sencilla, se trata de m\u00e1scaras con filtros reemplazables:<\/p>\n<p><a href=\"https:\/\/www.espai.es\/blog\/wp-content\/uploads\/2020\/05\/limpieza_mascarillas04.jpg\" rel=\"attachment wp-att-9897\"><img loading=\"lazy\" decoding=\"async\" class=\"wp-image-9897 alignleft\" src=\"https:\/\/www.espai.es\/blog\/wp-content\/uploads\/2020\/05\/limpieza_mascarillas04.jpg\" alt=\"limpieza_mascarillas04\" width=\"379\" height=\"215\" srcset=\"https:\/\/www.espai.es\/blog\/wp-content\/uploads\/2020\/05\/limpieza_mascarillas04.jpg 480w, https:\/\/www.espai.es\/blog\/wp-content\/uploads\/2020\/05\/limpieza_mascarillas04-300x170.jpg 300w\" sizes=\"auto, (max-width: 379px) 100vw, 379px\" \/><\/a><a href=\"https:\/\/www.espai.es\/blog\/wp-content\/uploads\/2020\/05\/limpieza_mascarillas04b.jpg\" rel=\"attachment wp-att-9898\"><img loading=\"lazy\" decoding=\"async\" class=\"aligncenter wp-image-9898\" src=\"https:\/\/www.espai.es\/blog\/wp-content\/uploads\/2020\/05\/limpieza_mascarillas04b.jpg\" alt=\"limpieza_mascarillas04b\" width=\"240\" height=\"240\" srcset=\"https:\/\/www.espai.es\/blog\/wp-content\/uploads\/2020\/05\/limpieza_mascarillas04b.jpg 1000w, https:\/\/www.espai.es\/blog\/wp-content\/uploads\/2020\/05\/limpieza_mascarillas04b-150x150.jpg 150w, https:\/\/www.espai.es\/blog\/wp-content\/uploads\/2020\/05\/limpieza_mascarillas04b-300x300.jpg 300w, https:\/\/www.espai.es\/blog\/wp-content\/uploads\/2020\/05\/limpieza_mascarillas04b-768x768.jpg 768w, https:\/\/www.espai.es\/blog\/wp-content\/uploads\/2020\/05\/limpieza_mascarillas04b-570x570.jpg 570w, https:\/\/www.espai.es\/blog\/wp-content\/uploads\/2020\/05\/limpieza_mascarillas04b-500x500.jpg 500w, https:\/\/www.espai.es\/blog\/wp-content\/uploads\/2020\/05\/limpieza_mascarillas04b-700x700.jpg 700w\" sizes=\"auto, (max-width: 240px) 100vw, 240px\" \/><\/a><\/p>\n<p>Lo que se hace con estas es limpiar el soporte y el filtro que va dentro es lo que se reemplaza, as\u00ed pues, no se trata de la mascarilla en s\u00ed lo que se lava:<\/p>\n<p><a href=\"https:\/\/www.espai.es\/blog\/wp-content\/uploads\/2020\/05\/limpieza_mascarillas05.jpg\" rel=\"attachment wp-att-9899\"><img loading=\"lazy\" decoding=\"async\" class=\"aligncenter wp-image-9899\" src=\"https:\/\/www.espai.es\/blog\/wp-content\/uploads\/2020\/05\/limpieza_mascarillas05.jpg\" alt=\"limpieza_mascarillas05\" width=\"635\" height=\"357\" srcset=\"https:\/\/www.espai.es\/blog\/wp-content\/uploads\/2020\/05\/limpieza_mascarillas05.jpg 1280w, https:\/\/www.espai.es\/blog\/wp-content\/uploads\/2020\/05\/limpieza_mascarillas05-300x169.jpg 300w, https:\/\/www.espai.es\/blog\/wp-content\/uploads\/2020\/05\/limpieza_mascarillas05-768x432.jpg 768w, https:\/\/www.espai.es\/blog\/wp-content\/uploads\/2020\/05\/limpieza_mascarillas05-1024x576.jpg 1024w, https:\/\/www.espai.es\/blog\/wp-content\/uploads\/2020\/05\/limpieza_mascarillas05-700x394.jpg 700w, https:\/\/www.espai.es\/blog\/wp-content\/uploads\/2020\/05\/limpieza_mascarillas05-539x303.jpg 539w\" sizes=\"auto, (max-width: 635px) 100vw, 635px\" \/><\/a><\/p>\n<p style=\"text-align: center\"><a href=\"https:\/\/www.insideedition.com\/how-to-safely-clean-your-covid-19-face-mask-59075\" target=\"_blank\" rel=\"noopener\">https:\/\/www.insideedition.com\/how-to-safely-clean-your-covid-19-face-mask-59075<\/a><\/p>\n<p>En este art\u00edculo aparecen cosas que hacer y no hacer\u2026 En el video, limpian una mascarilla quir\u00fargica y de tela (ambas no son equipos de auto-protecci\u00f3n, por lo que la construcci\u00f3n no es tan espec\u00edfica y especializada como las mascarillas que hemos nombrado anteriormente, se ve claro cu\u00e1ndo<strong> desaconsejan hacerlo con las N95<\/strong>.<\/p>\n<p>&nbsp;<\/p>\n<h2>Vaporizaci\u00f3n con soluci\u00f3n alcoh\u00f3lica<\/h2>\n<p>Otra opci\u00f3n es la de vaporizar sobre las m\u00e1scaras una soluci\u00f3n alcoh\u00f3lica (por ejemplo, isoprop\u00edlico o alcohol 96\u00ba con atomizador) y luego dejarlas a secar.<\/p>\n<p><a href=\"https:\/\/www.espai.es\/blog\/wp-content\/uploads\/2020\/05\/limpieza_mascarillas06.jpeg\" rel=\"attachment wp-att-9900\"><img loading=\"lazy\" decoding=\"async\" class=\"aligncenter wp-image-9900\" src=\"https:\/\/www.espai.es\/blog\/wp-content\/uploads\/2020\/05\/limpieza_mascarillas06.jpeg\" alt=\"limpieza_mascarillas06\" width=\"375\" height=\"375\" srcset=\"https:\/\/www.espai.es\/blog\/wp-content\/uploads\/2020\/05\/limpieza_mascarillas06.jpeg 550w, https:\/\/www.espai.es\/blog\/wp-content\/uploads\/2020\/05\/limpieza_mascarillas06-150x150.jpeg 150w, https:\/\/www.espai.es\/blog\/wp-content\/uploads\/2020\/05\/limpieza_mascarillas06-300x300.jpeg 300w, https:\/\/www.espai.es\/blog\/wp-content\/uploads\/2020\/05\/limpieza_mascarillas06-500x500.jpeg 500w\" sizes=\"auto, (max-width: 375px) 100vw, 375px\" \/><\/a><\/p>\n<p>El problema de este sistema es que es a\u00fan m\u00e1s agresivo y degrada antes las hebras de las mascarillas. Ya no es s\u00f3lo un estr\u00e9s mec\u00e1nico como era en el anterior, sino que en este caso ser\u00eda qu\u00edmico, el alcohol ataca la estructura interna de las mascarillas y deshilacha el tejido interno lo que hace disminuir a\u00fan m\u00e1s su efectividad .<\/p>\n<p><a href=\"https:\/\/www.espai.es\/blog\/wp-content\/uploads\/2020\/05\/limpieza_mascarillas07.jpg\" rel=\"attachment wp-att-9901\"><img loading=\"lazy\" decoding=\"async\" class=\"aligncenter wp-image-9901\" src=\"https:\/\/www.espai.es\/blog\/wp-content\/uploads\/2020\/05\/limpieza_mascarillas07.jpg\" alt=\"limpieza_mascarillas07\" width=\"593\" height=\"390\" srcset=\"https:\/\/www.espai.es\/blog\/wp-content\/uploads\/2020\/05\/limpieza_mascarillas07.jpg 768w, https:\/\/www.espai.es\/blog\/wp-content\/uploads\/2020\/05\/limpieza_mascarillas07-300x197.jpg 300w, https:\/\/www.espai.es\/blog\/wp-content\/uploads\/2020\/05\/limpieza_mascarillas07-700x460.jpg 700w\" sizes=\"auto, (max-width: 593px) 100vw, 593px\" \/><\/a><\/p>\n<p>Por lo que,\u00a0<b>este m\u00e9todo es de todas las opciones el menos acon<\/b><strong>sejable para las m\u00e1scaras de tipo N95<\/strong> (las de tela no hay problema).<\/p>\n<h2>Reposo y secado de las mascarillas<\/h2>\n<p>La opci\u00f3n menos agresiva se tratar\u00eda de dejar las m\u00e1scaras a \u201csecar\u201d. Existen estudios sobre la duraci\u00f3n del COVID y su resistencia en superficies variadas, el problema es que los estudios son bastante preliminares y no contemplan todas las superficies:<\/p>\n<p><a href=\"https:\/\/www.espai.es\/blog\/wp-content\/uploads\/2020\/05\/limpieza_mascarillas08.jpg\" rel=\"attachment wp-att-9902\"><img loading=\"lazy\" decoding=\"async\" class=\"aligncenter wp-image-9902\" src=\"https:\/\/www.espai.es\/blog\/wp-content\/uploads\/2020\/05\/limpieza_mascarillas08.jpg\" alt=\"limpieza_mascarillas08\" width=\"647\" height=\"491\" srcset=\"https:\/\/www.espai.es\/blog\/wp-content\/uploads\/2020\/05\/limpieza_mascarillas08.jpg 768w, https:\/\/www.espai.es\/blog\/wp-content\/uploads\/2020\/05\/limpieza_mascarillas08-300x228.jpg 300w, https:\/\/www.espai.es\/blog\/wp-content\/uploads\/2020\/05\/limpieza_mascarillas08-500x380.jpg 500w, https:\/\/www.espai.es\/blog\/wp-content\/uploads\/2020\/05\/limpieza_mascarillas08-700x531.jpg 700w\" sizes=\"auto, (max-width: 647px) 100vw, 647px\" \/><\/a><\/p>\n<p>As\u00ed pues, el siguiente estudio podr\u00edamos pasarnos sobre la durabilidad del virus sobre superficie ligeramente porosas como por ejemplo el cart\u00f3n mientras que sobre pl\u00e1stico dicen que el virus puede estar latente m\u00e1s de 78 horas, mientras que sobre cart\u00f3n entre 24 y 48 horas pierde la mayor\u00eda de su efectividad (o sea muere).<\/p>\n<p><a href=\"https:\/\/www.espai.es\/blog\/wp-content\/uploads\/2020\/05\/limpieza_mascarillas09.jpg\" rel=\"attachment wp-att-9903\"><img loading=\"lazy\" decoding=\"async\" class=\"aligncenter size-full wp-image-9903\" src=\"https:\/\/www.espai.es\/blog\/wp-content\/uploads\/2020\/05\/limpieza_mascarillas09.jpg\" alt=\"limpieza_mascarillas09\" width=\"567\" height=\"319\" srcset=\"https:\/\/www.espai.es\/blog\/wp-content\/uploads\/2020\/05\/limpieza_mascarillas09.jpg 567w, https:\/\/www.espai.es\/blog\/wp-content\/uploads\/2020\/05\/limpieza_mascarillas09-300x169.jpg 300w, https:\/\/www.espai.es\/blog\/wp-content\/uploads\/2020\/05\/limpieza_mascarillas09-539x303.jpg 539w\" sizes=\"auto, (max-width: 567px) 100vw, 567px\" \/><\/a><\/p>\n<p style=\"text-align: center\"><a href=\"https:\/\/www.elperiodico.com\/es\/sociedad\/20200406\/coronavirus-superficies-7892236\" target=\"_blank\" rel=\"noopener\">https:\/\/www.elperiodico.com\/es\/sociedad\/20200406\/coronavirus-superficies-7892236<\/a><\/p>\n<p>&nbsp;<\/p>\n<p>Es por ello que lo aconsejable es dejarlas colgadas al aire en un lapso de 24 a 48 horas, aunque existen mejoras sobre este m\u00e9todo para disminuir el tiempo y la vez que aumentamos la seguridad.<\/p>\n<p><a href=\"https:\/\/www.espai.es\/blog\/wp-content\/uploads\/2020\/05\/limpieza_mascarillas10.jpg\" rel=\"attachment wp-att-9904\"><img loading=\"lazy\" decoding=\"async\" class=\"aligncenter size-full wp-image-9904\" src=\"https:\/\/www.espai.es\/blog\/wp-content\/uploads\/2020\/05\/limpieza_mascarillas10.jpg\" alt=\"limpieza_mascarillas10\" width=\"538\" height=\"358\" srcset=\"https:\/\/www.espai.es\/blog\/wp-content\/uploads\/2020\/05\/limpieza_mascarillas10.jpg 538w, https:\/\/www.espai.es\/blog\/wp-content\/uploads\/2020\/05\/limpieza_mascarillas10-300x200.jpg 300w\" sizes=\"auto, (max-width: 538px) 100vw, 538px\" \/><\/a><\/p>\n<p>Una manera que tienen los laboratorios y hospitales de higienizar salas o instrumental es precisamente el uso de una luz especial que matar las bacterias se trata de la luz ultravioleta.<\/p>\n<p>Pero no toda luz ultravioleta sirve tiene que ser un espectro espec\u00edfico de la luz ultravioleta y ataca directamente las bacterias se trata de la UV-C :<\/p>\n<p><a href=\"https:\/\/www.espai.es\/blog\/wp-content\/uploads\/2020\/05\/limpieza_mascarillas11.png\" rel=\"attachment wp-att-9905\"><img loading=\"lazy\" decoding=\"async\" class=\"aligncenter size-full wp-image-9905\" src=\"https:\/\/www.espai.es\/blog\/wp-content\/uploads\/2020\/05\/limpieza_mascarillas11.png\" alt=\"limpieza_mascarillas11\" width=\"381\" height=\"212\" srcset=\"https:\/\/www.espai.es\/blog\/wp-content\/uploads\/2020\/05\/limpieza_mascarillas11.png 381w, https:\/\/www.espai.es\/blog\/wp-content\/uploads\/2020\/05\/limpieza_mascarillas11-300x167.png 300w\" sizes=\"auto, (max-width: 381px) 100vw, 381px\" \/><\/a><\/p>\n<p>Es por ello que la combinaci\u00f3n del secado de las m\u00e1scaras con una radiaci\u00f3n por esa luz aumentar\u00eda en gran medida la rapidez y seguridad de desinfecci\u00f3n. Tenemos dos maneras de conseguirlo:<\/p>\n<h3>Exposici\u00f3n al sol<\/h3>\n<p>El sol es fuente de diferentes radiaciones entre ellas la ultravioleta es la que m\u00e1s ataca los organismos vivos como por ejemplo bacterias y en \u00faltimo caso los virus, es por ello que un m\u00e9todo ser\u00eda hacer un secado de las mascarillas al aire libre donde le diez el sol.<\/p>\n<p><a href=\"https:\/\/www.espai.es\/blog\/wp-content\/uploads\/2020\/05\/limpieza_mascarillas12.jpg\" rel=\"attachment wp-att-9906\"><img loading=\"lazy\" decoding=\"async\" class=\"aligncenter wp-image-9906\" src=\"https:\/\/www.espai.es\/blog\/wp-content\/uploads\/2020\/05\/limpieza_mascarillas12.jpg\" alt=\"limpieza_mascarillas12\" width=\"517\" height=\"312\" srcset=\"https:\/\/www.espai.es\/blog\/wp-content\/uploads\/2020\/05\/limpieza_mascarillas12.jpg 651w, https:\/\/www.espai.es\/blog\/wp-content\/uploads\/2020\/05\/limpieza_mascarillas12-300x181.jpg 300w\" sizes=\"auto, (max-width: 517px) 100vw, 517px\" \/><\/a><\/p>\n<p>Ahora bien, el sol realmente no nos da tanta radiaci\u00f3n UV es como deber\u00eda, puesto que este tipo de radiaci\u00f3n (que por cierto es da\u00f1ina para las personas humanas), ya se encarga en gran parte de eliminarlo la capa de ozono, es por eso que la cantidad que llega es bastante baja.<\/p>\n<p>El problema de ello, es que se tiene que hacer en un sitio aislado de la suciedad ambiental (y humedad, claro). Una opci\u00f3n sencilla ser\u00eda mediante un estuche pl\u00e1stico transparente poner dentro las mascarillas a secar y dejarlas al sol:<\/p>\n<p><a href=\"https:\/\/www.espai.es\/blog\/wp-content\/uploads\/2020\/05\/limpieza_mascarillas13a.jpg\" rel=\"attachment wp-att-9911\"><img loading=\"lazy\" decoding=\"async\" class=\"aligncenter wp-image-9911\" src=\"https:\/\/www.espai.es\/blog\/wp-content\/uploads\/2020\/05\/limpieza_mascarillas13a.jpg\" alt=\"limpieza_mascarillas13a\" width=\"548\" height=\"308\" srcset=\"https:\/\/www.espai.es\/blog\/wp-content\/uploads\/2020\/05\/limpieza_mascarillas13a.jpg 1154w, https:\/\/www.espai.es\/blog\/wp-content\/uploads\/2020\/05\/limpieza_mascarillas13a-300x169.jpg 300w, https:\/\/www.espai.es\/blog\/wp-content\/uploads\/2020\/05\/limpieza_mascarillas13a-768x432.jpg 768w, https:\/\/www.espai.es\/blog\/wp-content\/uploads\/2020\/05\/limpieza_mascarillas13a-1024x576.jpg 1024w, https:\/\/www.espai.es\/blog\/wp-content\/uploads\/2020\/05\/limpieza_mascarillas13a-700x394.jpg 700w, https:\/\/www.espai.es\/blog\/wp-content\/uploads\/2020\/05\/limpieza_mascarillas13a-539x303.jpg 539w\" sizes=\"auto, (max-width: 548px) 100vw, 548px\" \/><\/a><\/p>\n<p style=\"text-align: center\"><a href=\"https:\/\/www.amazon.es\/Iris-Ohyama-103428-almacenaje-Transparente\/dp\/B076SD2YGZ\/ref=sr_1_12?__mk_es_ES=%C3%85M%C3%85%C5%BD%C3%95%C3%91&amp;dchild=1&amp;keywords=caja+plastico+transparente&amp;qid=1588779033&amp;sr=8-12\" target=\"_blank\" rel=\"noopener\">Enlace de Amazon<\/a><\/p>\n<p>As\u00ed nos asegurar\u00edamos de que en un lapso de 24 o 48 h. (se recomienda el m\u00e1ximo posible, pero eso depender\u00e1 de la cantidad de mascarillas que dispongamos), estas estar\u00edan desinfectadas, ya que las radiaciones solares se encargar\u00edan de disminuir la capacidad de vida de las part\u00edculas de virus que tuviesen esas mascarillas, a la vez que evitamos que se pueda ensuciar de polvo y poluci\u00f3n atmosf\u00e9rica y degradarse, obviamente\u2026<\/p>\n<p>A continuaci\u00f3n, un diagrama de c\u00f3mo se har\u00eda:<\/p>\n<p><a href=\"https:\/\/www.espai.es\/blog\/wp-content\/uploads\/2020\/05\/limpieza_mascarillas13.jpg\" rel=\"attachment wp-att-9907\"><img loading=\"lazy\" decoding=\"async\" class=\"aligncenter size-full wp-image-9907\" src=\"https:\/\/www.espai.es\/blog\/wp-content\/uploads\/2020\/05\/limpieza_mascarillas13.jpg\" alt=\"limpieza_mascarillas13\" width=\"763\" height=\"628\" srcset=\"https:\/\/www.espai.es\/blog\/wp-content\/uploads\/2020\/05\/limpieza_mascarillas13.jpg 763w, https:\/\/www.espai.es\/blog\/wp-content\/uploads\/2020\/05\/limpieza_mascarillas13-300x247.jpg 300w, https:\/\/www.espai.es\/blog\/wp-content\/uploads\/2020\/05\/limpieza_mascarillas13-700x576.jpg 700w\" sizes=\"auto, (max-width: 763px) 100vw, 763px\" \/><\/a><\/p>\n<p>La idea ser\u00eda pasar un cordel por su interior y as\u00ed dejar colgadas con unas pinzas las mascarillas (para que no est\u00e9n en contacto con ninguna superficie. Tambi\u00e9n ser\u00eda conveniente practicar un par de agujeros para que, si evaporan calor, no se quede dentro (y corramos peligro de que se contaminen por la humedad.<\/p>\n<p>&nbsp;<\/p>\n<h3>Secado bajo rayos ultravioletas<\/h3>\n<p>Si no queremos depender de la radiaci\u00f3n solar, podemos optar por exponer las mascarillas a una radiaci\u00f3n de luz ultravioleta, pero no sirve cualquier luz ultravioleta tiene que buscarse un modelo especial de bombillas o l\u00e1mparas ultravioleta es la variante UV-C.<\/p>\n<p><a href=\"https:\/\/www.espai.es\/blog\/wp-content\/uploads\/2020\/05\/limpieza_mascarillas14b.jpg\" rel=\"attachment wp-att-9908\"><img loading=\"lazy\" decoding=\"async\" class=\"aligncenter size-full wp-image-9908\" src=\"https:\/\/www.espai.es\/blog\/wp-content\/uploads\/2020\/05\/limpieza_mascarillas14b.jpg\" alt=\"limpieza_mascarillas14b\" width=\"586\" height=\"400\" srcset=\"https:\/\/www.espai.es\/blog\/wp-content\/uploads\/2020\/05\/limpieza_mascarillas14b.jpg 586w, https:\/\/www.espai.es\/blog\/wp-content\/uploads\/2020\/05\/limpieza_mascarillas14b-300x205.jpg 300w\" sizes=\"auto, (max-width: 586px) 100vw, 586px\" \/><\/a><\/p>\n<p>Un ejemplo de esto, podemos verlo en el siguiente proyecto de las fuerzas a\u00e9reas norteamericanas:<\/p>\n<p><a href=\"https:\/\/www.espai.es\/blog\/wp-content\/uploads\/2020\/05\/limpieza_mascarillas15.jpg\" rel=\"attachment wp-att-9909\"><img loading=\"lazy\" decoding=\"async\" class=\"aligncenter size-full wp-image-9909\" src=\"https:\/\/www.espai.es\/blog\/wp-content\/uploads\/2020\/05\/limpieza_mascarillas15.jpg\" alt=\"limpieza_mascarillas15\" width=\"275\" height=\"183\" \/><\/a><\/p>\n<p style=\"text-align: center\"><a href=\"https:\/\/www.aetc.af.mil\/News\/Article\/2155104\/jbsa-airmen-develop-easy-to-build-decontamination-unit\/\" target=\"_blank\" rel=\"noopener\">JBSA Airmen develop easy-to-build decontamination unit<\/a><\/p>\n<p>Podemos encontrar f\u00e1cilmente estas l\u00e1mparas a la venta, ya que se venden como l\u00e1mparas para desinfecci\u00f3n de habitaciones o salas (aunque tambi\u00e9n se pueden conseguir modelos para desinfectar estanques de peces):<\/p>\n<p><a href=\"https:\/\/www.espai.es\/blog\/wp-content\/uploads\/2020\/05\/limpieza_mascarillas16.jpg\" rel=\"attachment wp-att-9910\"><img loading=\"lazy\" decoding=\"async\" class=\"aligncenter size-full wp-image-9910\" src=\"https:\/\/www.espai.es\/blog\/wp-content\/uploads\/2020\/05\/limpieza_mascarillas16.jpg\" alt=\"limpieza_mascarillas16\" width=\"510\" height=\"272\" srcset=\"https:\/\/www.espai.es\/blog\/wp-content\/uploads\/2020\/05\/limpieza_mascarillas16.jpg 510w, https:\/\/www.espai.es\/blog\/wp-content\/uploads\/2020\/05\/limpieza_mascarillas16-300x160.jpg 300w\" sizes=\"auto, (max-width: 510px) 100vw, 510px\" \/><\/a><\/p>\n<p><a href=\"https:\/\/es.aliexpress.com\/premium\/lampara-desinfeccion-uv.html?d=y&amp;origin=y&amp;catId=0&amp;initiative_id=SB_20200507011727&amp;SearchText=lampara%20desinfeccion%20uv\" target=\"_blank\" rel=\"noopener\">B\u00fasqueda en AliExpress de l\u00e1mparas UV<\/a><\/p>\n<p><span style=\"color: #ff0000\">*Advertencia:<\/span> \u00a1No comprar variantes con ozono! El Ozono tambi\u00e9n se usa para esterilizar, pero es t\u00f3xico. Solo se debe usar en zonas apartadas y someterse a aireaci\u00f3n la sala tras su uso.<\/p>\n<p>El sistema ser\u00eda colgar las mascarillas en una zona expuesta a esta luz de esta manera bajo irradiarlas durante varios minutos el virus bajar\u00eda considerablemente de concentraci\u00f3n si esto le a\u00f1adimos las horas de aislamiento o espera estas mascarillas para ser reutilizadas conseguir\u00edamos un sistema de limpieza much\u00edsimo mejor y m\u00e1s eficiente y seguro.<\/p>\n<p>Ahora bien, \u00bfcu\u00e1nto tiempo ser\u00eda necesario?<a href=\"https:\/\/www.espai.es\/blog\/wp-content\/uploads\/2020\/05\/limpieza_mascarillas17.png\" rel=\"attachment wp-att-9889\"><img loading=\"lazy\" decoding=\"async\" class=\"wp-image-9889 aligncenter\" src=\"https:\/\/www.espai.es\/blog\/wp-content\/uploads\/2020\/05\/limpieza_mascarillas17.png\" alt=\"limpieza_mascarillas17\" width=\"161\" height=\"161\" srcset=\"https:\/\/www.espai.es\/blog\/wp-content\/uploads\/2020\/05\/limpieza_mascarillas17.png 512w, https:\/\/www.espai.es\/blog\/wp-content\/uploads\/2020\/05\/limpieza_mascarillas17-150x150.png 150w, https:\/\/www.espai.es\/blog\/wp-content\/uploads\/2020\/05\/limpieza_mascarillas17-300x300.png 300w, https:\/\/www.espai.es\/blog\/wp-content\/uploads\/2020\/05\/limpieza_mascarillas17-500x500.png 500w\" sizes=\"auto, (max-width: 161px) 100vw, 161px\" \/><\/a><\/p>\n<p>&nbsp;<\/p>\n<p>Seg\u00fan estudios basados en las variantes SARS (no el COVID-19 pero s\u00ed una de las variantes del coronavirus-SARS), indican que una media de 67Julios de potencia sobre m<sup>2<\/sup> necesarias para eliminaci\u00f3n completa).<\/p>\n<p><a href=\"https:\/\/www.espai.es\/blog\/wp-content\/uploads\/2020\/05\/limpieza_mascarillas18.jpg\" rel=\"attachment wp-att-9890\"><img loading=\"lazy\" decoding=\"async\" class=\"aligncenter size-full wp-image-9890\" src=\"https:\/\/www.espai.es\/blog\/wp-content\/uploads\/2020\/05\/limpieza_mascarillas18.jpg\" alt=\"limpieza_mascarillas18\" width=\"707\" height=\"648\" srcset=\"https:\/\/www.espai.es\/blog\/wp-content\/uploads\/2020\/05\/limpieza_mascarillas18.jpg 707w, https:\/\/www.espai.es\/blog\/wp-content\/uploads\/2020\/05\/limpieza_mascarillas18-300x275.jpg 300w, https:\/\/www.espai.es\/blog\/wp-content\/uploads\/2020\/05\/limpieza_mascarillas18-700x642.jpg 700w\" sizes=\"auto, (max-width: 707px) 100vw, 707px\" \/><\/a><\/p>\n<p>&nbsp;<\/p>\n<p>*Extracto de<\/p>\n<p><a href=\"https:\/\/www.researchgate.net\/publication\/6018504_Effect_of_Ultraviolet_Germicidal_Irradiation_on_Viral_Aerosols\" target=\"_blank\" rel=\"noopener\">Effect of Ultraviolet Germicidal Irradiation on Viral Aerosols<\/a><\/p>\n<p>September 2007Environmental Science and Technology 41(15):5460-5<\/p>\n<p>DOI: 10.1021\/es070056u-SourcePubMed*Chris Walker*Gwangpyo Ko<\/p>\n<p>&nbsp;<\/p>\n<p>Que, extrapolado a mascarillas, (67J\/m<sup>2<\/sup>) &#8211;&gt; 67W\/s\/m<sup>2\u00a0<\/sup> implicar\u00eda que unos 2 minutos de exposici\u00f3n bajo una bombilla de 36W a cierta distancia ser\u00eda suficiente para desactivar en gran medida la presencia de coronavirus, lo cual ampliado a el tiempo de descanso, nos dar\u00e1 un amplio margen de seguridad.<\/p>\n<p>Aunque claro, esto ser\u00eda un escenario ideal (exposici\u00f3n uniforme, superficie lisa&#8230;) aplicado a la superficie de uno de los lados de la mascarilla, luego hay que a\u00f1adir las gomas de agarre y el reverso, lo cual arroja que si vamos a usar un sistema \u201cno compacto\u201d (es decir, los dejamos colgados en una parte de una habitaci\u00f3n y cerca una l\u00e1mpara irradiando), con un lapso de 15 a 30 minutos por lado de la m\u00e1scara ser\u00edan suficientes.<\/p>\n<p>En el siguiente video, incluso hacen una caja improvisada con soportes impresos en 3D para secar las m\u00e1scaras:<\/p>\n<p><a href=\"https:\/\/www.espai.es\/blog\/wp-content\/uploads\/2020\/05\/limpieza_mascarillas19.jpg\" rel=\"attachment wp-att-9891\"><img loading=\"lazy\" decoding=\"async\" class=\"aligncenter wp-image-9891\" src=\"https:\/\/www.espai.es\/blog\/wp-content\/uploads\/2020\/05\/limpieza_mascarillas19.jpg\" alt=\"limpieza_mascarillas19\" width=\"617\" height=\"380\" srcset=\"https:\/\/www.espai.es\/blog\/wp-content\/uploads\/2020\/05\/limpieza_mascarillas19.jpg 820w, https:\/\/www.espai.es\/blog\/wp-content\/uploads\/2020\/05\/limpieza_mascarillas19-300x185.jpg 300w, https:\/\/www.espai.es\/blog\/wp-content\/uploads\/2020\/05\/limpieza_mascarillas19-768x473.jpg 768w, https:\/\/www.espai.es\/blog\/wp-content\/uploads\/2020\/05\/limpieza_mascarillas19-700x431.jpg 700w\" sizes=\"auto, (max-width: 617px) 100vw, 617px\" \/><\/a><\/p>\n<p style=\"text-align: center\"><a href=\"https:\/\/www.youtube.com\/watch?v=P5HsKmTTa-c\" target=\"_blank\" rel=\"noopener\">DIY UV disinfection box for N95 masks and other equipment<\/a><\/p>\n<p>A modo de opini\u00f3n personal, considero que este es uno de los m\u00e9todos aunque no barato (las l\u00e1mparas dependiendo del modelo tienen un coste cercano a los 40\u20ac), es de los m\u00e1s seguros y eficaces, a la par que menos agresivo con las m\u00e1scaras para evitar la p\u00e9rdida de eficiencia.<\/p>\n<h2>\u00a1Pero atenci\u00f3n!<\/h2>\n<p>&nbsp;<\/p>\n<p><a href=\"https:\/\/www.espai.es\/blog\/wp-content\/uploads\/2020\/05\/limpieza_mascarillas20.png\" rel=\"attachment wp-att-9892\"><img loading=\"lazy\" decoding=\"async\" class=\"aligncenter size-full wp-image-9892\" src=\"https:\/\/www.espai.es\/blog\/wp-content\/uploads\/2020\/05\/limpieza_mascarillas20.png\" alt=\"limpieza_mascarillas20\" width=\"600\" height=\"278\" srcset=\"https:\/\/www.espai.es\/blog\/wp-content\/uploads\/2020\/05\/limpieza_mascarillas20.png 600w, https:\/\/www.espai.es\/blog\/wp-content\/uploads\/2020\/05\/limpieza_mascarillas20-300x139.png 300w\" sizes=\"auto, (max-width: 600px) 100vw, 600px\" \/><\/a><\/p>\n<p>La luz emitida por estas l\u00e1mparas es peligrosa para el ser humano, una vez encendidas, no se debe permanecer en la misma sala donde se ha dejado la luz mientras dure el tratamiento, y piensa que has de darle la vuelta a las mascarillas para que ambos lados est\u00e9n expuestos a la radiaci\u00f3n. Por cierto, m\u00e1s de una persona ha pensado que la UV es un buen sistema para desinfectarse las manos o el cuerpo sin necesidad de agua, jab\u00f3n o hidrogeles\u2026 \u00a1Ni mucho menos! Es altamente da\u00f1ino para la piel, o sea que terminantemente prohibido.<\/p>\n<p>Y obviamente, acu\u00e9rdate de lavarte las manos entre operaciones ya que al manipular las m\u00e1scaras podemos extender la contaminaci\u00f3n o infectarnos nosotros mismos.<\/p>\n<p>Y hasta aqu\u00ed esta entrada, recuerda que este art\u00edculo no es de divulgaci\u00f3n cient\u00edfica, o sea que los datos est\u00e1n sujetos a variaciones a medida que sigan avanzando las investigaciones y los datos han sido extrapolados de multitud de fuentes que enumero a continuaci\u00f3n (no est\u00e1n todas pero son las m\u00e1s relevantes). As\u00ed pues, \u00a1precauci\u00f3n!<\/p>\n<p>Por cierto, m\u00e1s de uno se preguntar\u00e1 que hace un profesor de Sistemas desarrollando art\u00edculos ajenos a su materia, pues bien, como le digo a mis alumnos y les intentamos inculcar en la escuela, es que cuando se busca informaci\u00f3n sobre algo (como por ejemplo cuando tienen que hacer comparativas entre componentes de cara a un presupuesto o valorar una actualizaci\u00f3n de hardware), uno no se ha de quedar con una sola fuente (l\u00e9ase primer resultado en Google&#8230;), ha de contrastar informaci\u00f3n de m\u00faltiples or\u00edgenes y extrapolar sus propias conclusiones, como en temas t\u00e9cnicos, si se tuviese que valorar las diferencias entre dos cpu&#8217;s, los alumnos han de buscar (o realizar) evaluaciones de rendimiento en productividad, juegos, simple y m\u00faltiple threading&#8230; No buscar la primera comparativa que se encuentren en youtube o una p\u00e1gina cualquiera de \u00abreviews\u00bb.<\/p>\n<p>As\u00ed pues, este art\u00edculo sobre C\u00f3mo limpiar mascarillas reutilizables, ha sido producto de m\u00faltiples horas de investigaci\u00f3n en los ratos libres, \u00a1espero que os haya sido de provecho!<\/p>\n<p>&nbsp;<\/p>\n<p>Algunas de las fuentes de informaci\u00f3n consultadas m\u00e1s relevantes:<\/p>\n<p><a href=\"https:\/\/www.youtube.com\/watch?v=9eQSgTWviKk\" target=\"_blank\" rel=\"noopener\">Decontamination of N95 Masks Using UV Light &#8211; Nebraska Medicine<\/a><\/p>\n<p><a href=\"https:\/\/www.elperiodico.com\/es\/sociedad\/20200406\/coronavirus-superficies-7892236\" target=\"_blank\" rel=\"noopener\">\u00bfCu\u00e1nto dura el coronavirus en las superficies?<\/a><\/p>\n<p><a href=\"https:\/\/www.lisainstitute.com\/blogs\/blog\/mascarillas-virus-tipos-n95-ffp2-ffp3\" target=\"_blank\" rel=\"noopener\">LISA Institute-Diferencias entre mascarillas<\/a><\/p>\n<p><a href=\"https:\/\/www.lagacetadesalamanca.es\/salamanca\/mascarillas-cuantos-tipos-hay-y-para-que-sirve-cada-uno-KJ2579927\" target=\"_blank\" rel=\"noopener\">La Gaceta, modelos de mascarillas y uso<\/a><\/p>\n<p><a href=\"https:\/\/www.chemicals.co.uk\/blog\/uses-of-isopropyl-alcohol\" target=\"_blank\" rel=\"noopener\">ReAgent-Informaci\u00f3n sobre el uso del alcohol Isoprop\u00edlico<\/a><\/p>\n<p><a href=\"https:\/\/smartairfilters.com\/en\/blog\/how-long-masks-last\/\" target=\"_blank\" rel=\"noopener\">I.Art\u00edculos diversos de SmartAir Filters (es una empresa de filtros de aire que realiz\u00f3 estudios en base a sus filtros EPA)<\/a><\/p>\n<p><a href=\"https:\/\/smartairfilters.com\/en\/blog\/washing-masks-effective-virus\/?rel=1\" target=\"_blank\" rel=\"noopener\">II.Art\u00edculos diversos de SmartAir Filters<span style=\"float: none;background-color: #ffffff;color: #333333;cursor: text;font-family: -apple-system,BlinkMacSystemFont,'Segoe UI',Roboto,Oxygen-Sans,Ubuntu,Cantarell,'Helvetica Neue',sans-serif;font-size: 16px;font-style: normal;font-variant: normal;font-weight: 400;letter-spacing: normal;text-align: left;text-decoration: none;text-indent: 0px\"> (es una empresa de filtros de aire que realiz\u00f3 estudios en base a sus filtros EPA)<\/span><\/a><\/p>\n<p><a href=\"https:\/\/smartairfilters.com\/en\/blog\/how-long-masks-last\/\" target=\"_blank\" rel=\"noopener\">III.Art\u00edculos diversos de SmartAir Filters<span style=\"float: none;background-color: #ffffff;color: #333333;cursor: text;font-family: -apple-system,BlinkMacSystemFont,'Segoe UI',Roboto,Oxygen-Sans,Ubuntu,Cantarell,'Helvetica Neue',sans-serif;font-size: 16px;font-style: normal;font-variant: normal;font-weight: 400;letter-spacing: normal;text-align: left;text-decoration: none;text-indent: 0px\"> (es una empresa de filtros de aire que realiz\u00f3 estudios en base a sus filtros EPA)<\/span><\/a><\/p>\n<p><a href=\"https:\/\/www.cdc.gov\/niosh\/topics\/hcwcontrols\/recommendedguidanceextuse.html\" target=\"_blank\" rel=\"noopener\">Guia de la CDC sobre la reutilizaci\u00f3n de m\u00e1scaras<\/a><\/p>\n<p style=\"text-align: left\"><a href=\"https:\/\/www.n95decon.org\/\" target=\"_blank\" rel=\"noopener\">N95DECON<\/a><\/p>\n<p><a href=\"https:\/\/static1.squarespace.com\/static\/5e8126f89327941b9453eeef\/t\/5ea25d6f6793c5352acec043\/1587699055513\/2020-04-23_N95DECON_UV-C_Fact_Sheet_V2.0_FINAL.pdf\" target=\"_blank\" rel=\"noopener\">N95DECON-Tr\u00edptico de desinfecci\u00f3n UV<\/a><\/p>\n","protected":false},"excerpt":{"rendered":"<p>Debido a que estamos en fase de desescalada y para salir, es obligatorio en muchos casos y recomendable en el resto, el uso de las mascarillas, vamos a tratar el uso continuado y claro est\u00e1, c\u00f3mo limpiar mascarillas reutilizables, para re aprovecharlas y as\u00ed, a&#8230;<\/p>\n","protected":false},"author":7,"featured_media":9914,"comment_status":"open","ping_status":"closed","sticky":false,"template":"","format":"standard","meta":{"_monsterinsights_skip_tracking":false,"_monsterinsights_sitenote_active":false,"_monsterinsights_sitenote_note":"","_monsterinsights_sitenote_category":0,"jetpack_post_was_ever_published":false,"_jetpack_newsletter_access":"","_jetpack_dont_email_post_to_subs":false,"_jetpack_newsletter_tier_id":0,"_jetpack_memberships_contains_paywalled_content":false,"_ef_editorial_meta_date_first-draft-date":"","_ef_editorial_meta_paragraph_assignment":"","_ef_editorial_meta_checkbox_needs-photo":"","_ef_editorial_meta_number_word-count":"","_jetpack_memberships_contains_paid_content":false,"footnotes":""},"categories":[218,1],"tags":[729,201],"class_list":["post-9880","post","type-post","status-publish","format-standard","has-post-thumbnail","hentry","category-escola-espai","category-sin-categoria","tag-covid","tag-productividad"],"yoast_head":"<!-- This site is optimized with the Yoast SEO plugin v27.1.1 - https:\/\/yoast.com\/product\/yoast-seo-wordpress\/ -->\n<title>C\u00f3mo limpiar mascarillas reutilizables - Blog Escola Espai<\/title>\n<meta name=\"description\" content=\"Te explicamos C\u00f3mo limpiar mascarillas reutilizables, paso a paso y con especial atenci\u00f3n a los m\u00e9todos m\u00e1s avanzados y seguros.\" \/>\n<meta name=\"robots\" content=\"index, follow, max-snippet:-1, max-image-preview:large, max-video-preview:-1\" \/>\n<link rel=\"canonical\" href=\"https:\/\/www.espai.es\/blog\/2020\/05\/como-limpiar-mascarillas-reutilizables\/\" \/>\n<meta property=\"og:locale\" content=\"es_ES\" \/>\n<meta property=\"og:type\" content=\"article\" \/>\n<meta property=\"og:title\" content=\"C\u00f3mo limpiar mascarillas reutilizables - Blog Escola Espai\" \/>\n<meta property=\"og:description\" content=\"Te explicamos C\u00f3mo limpiar mascarillas reutilizables, paso a paso y con especial atenci\u00f3n a los m\u00e9todos m\u00e1s avanzados y seguros.\" \/>\n<meta property=\"og:url\" content=\"https:\/\/www.espai.es\/blog\/2020\/05\/como-limpiar-mascarillas-reutilizables\/\" \/>\n<meta property=\"og:site_name\" content=\"Blog Escola Espai\" \/>\n<meta property=\"article:published_time\" content=\"2020-05-07T12:41:09+00:00\" \/>\n<meta property=\"article:modified_time\" content=\"2022-10-24T11:40:48+00:00\" \/>\n<meta property=\"og:image\" content=\"https:\/\/www.espai.es\/blog\/wp-content\/uploads\/2020\/05\/limpieza_mascarillas_portada.jpg\" \/>\n\t<meta property=\"og:image:width\" content=\"720\" \/>\n\t<meta property=\"og:image:height\" content=\"480\" \/>\n\t<meta property=\"og:image:type\" content=\"image\/jpeg\" \/>\n<meta name=\"author\" content=\"Jordi Lorenzo\" \/>\n<meta name=\"twitter:card\" content=\"summary_large_image\" \/>\n<meta name=\"twitter:label1\" content=\"Escrito por\" \/>\n\t<meta name=\"twitter:data1\" content=\"Jordi Lorenzo\" \/>\n\t<meta name=\"twitter:label2\" content=\"Tiempo de lectura\" \/>\n\t<meta name=\"twitter:data2\" content=\"14 minutos\" \/>\n<script type=\"application\/ld+json\" class=\"yoast-schema-graph\">{\"@context\":\"https:\/\/schema.org\",\"@graph\":[{\"@type\":\"Article\",\"@id\":\"https:\/\/www.espai.es\/blog\/2020\/05\/como-limpiar-mascarillas-reutilizables\/#article\",\"isPartOf\":{\"@id\":\"https:\/\/www.espai.es\/blog\/2020\/05\/como-limpiar-mascarillas-reutilizables\/\"},\"author\":{\"name\":\"Jordi Lorenzo\",\"@id\":\"https:\/\/www.espai.es\/blog\/#\/schema\/person\/66f318b777922f76347674ff5eb9a70d\"},\"headline\":\"C\u00f3mo limpiar mascarillas reutilizables\",\"datePublished\":\"2020-05-07T12:41:09+00:00\",\"dateModified\":\"2022-10-24T11:40:48+00:00\",\"mainEntityOfPage\":{\"@id\":\"https:\/\/www.espai.es\/blog\/2020\/05\/como-limpiar-mascarillas-reutilizables\/\"},\"wordCount\":2232,\"commentCount\":2,\"image\":{\"@id\":\"https:\/\/www.espai.es\/blog\/2020\/05\/como-limpiar-mascarillas-reutilizables\/#primaryimage\"},\"thumbnailUrl\":\"https:\/\/www.espai.es\/blog\/wp-content\/uploads\/2020\/05\/limpieza_mascarillas_portada.jpg\",\"keywords\":[\"covid\",\"productividad\"],\"articleSection\":[\"Escola Espai\"],\"inLanguage\":\"es\",\"potentialAction\":[{\"@type\":\"CommentAction\",\"name\":\"Comment\",\"target\":[\"https:\/\/www.espai.es\/blog\/2020\/05\/como-limpiar-mascarillas-reutilizables\/#respond\"]}]},{\"@type\":\"WebPage\",\"@id\":\"https:\/\/www.espai.es\/blog\/2020\/05\/como-limpiar-mascarillas-reutilizables\/\",\"url\":\"https:\/\/www.espai.es\/blog\/2020\/05\/como-limpiar-mascarillas-reutilizables\/\",\"name\":\"C\u00f3mo limpiar mascarillas reutilizables - Blog Escola Espai\",\"isPartOf\":{\"@id\":\"https:\/\/www.espai.es\/blog\/#website\"},\"primaryImageOfPage\":{\"@id\":\"https:\/\/www.espai.es\/blog\/2020\/05\/como-limpiar-mascarillas-reutilizables\/#primaryimage\"},\"image\":{\"@id\":\"https:\/\/www.espai.es\/blog\/2020\/05\/como-limpiar-mascarillas-reutilizables\/#primaryimage\"},\"thumbnailUrl\":\"https:\/\/www.espai.es\/blog\/wp-content\/uploads\/2020\/05\/limpieza_mascarillas_portada.jpg\",\"datePublished\":\"2020-05-07T12:41:09+00:00\",\"dateModified\":\"2022-10-24T11:40:48+00:00\",\"author\":{\"@id\":\"https:\/\/www.espai.es\/blog\/#\/schema\/person\/66f318b777922f76347674ff5eb9a70d\"},\"description\":\"Te explicamos C\u00f3mo limpiar mascarillas reutilizables, paso a paso y con especial atenci\u00f3n a los m\u00e9todos m\u00e1s avanzados y seguros.\",\"breadcrumb\":{\"@id\":\"https:\/\/www.espai.es\/blog\/2020\/05\/como-limpiar-mascarillas-reutilizables\/#breadcrumb\"},\"inLanguage\":\"es\",\"potentialAction\":[{\"@type\":\"ReadAction\",\"target\":[\"https:\/\/www.espai.es\/blog\/2020\/05\/como-limpiar-mascarillas-reutilizables\/\"]}]},{\"@type\":\"ImageObject\",\"inLanguage\":\"es\",\"@id\":\"https:\/\/www.espai.es\/blog\/2020\/05\/como-limpiar-mascarillas-reutilizables\/#primaryimage\",\"url\":\"https:\/\/www.espai.es\/blog\/wp-content\/uploads\/2020\/05\/limpieza_mascarillas_portada.jpg\",\"contentUrl\":\"https:\/\/www.espai.es\/blog\/wp-content\/uploads\/2020\/05\/limpieza_mascarillas_portada.jpg\",\"width\":720,\"height\":480},{\"@type\":\"BreadcrumbList\",\"@id\":\"https:\/\/www.espai.es\/blog\/2020\/05\/como-limpiar-mascarillas-reutilizables\/#breadcrumb\",\"itemListElement\":[{\"@type\":\"ListItem\",\"position\":1,\"name\":\"Portada\",\"item\":\"https:\/\/www.espai.es\/blog\/\"},{\"@type\":\"ListItem\",\"position\":2,\"name\":\"C\u00f3mo limpiar mascarillas reutilizables\"}]},{\"@type\":\"WebSite\",\"@id\":\"https:\/\/www.espai.es\/blog\/#website\",\"url\":\"https:\/\/www.espai.es\/blog\/\",\"name\":\"Blog Escola Espai\",\"description\":\"\",\"potentialAction\":[{\"@type\":\"SearchAction\",\"target\":{\"@type\":\"EntryPoint\",\"urlTemplate\":\"https:\/\/www.espai.es\/blog\/?s={search_term_string}\"},\"query-input\":{\"@type\":\"PropertyValueSpecification\",\"valueRequired\":true,\"valueName\":\"search_term_string\"}}],\"inLanguage\":\"es\"},{\"@type\":\"Person\",\"@id\":\"https:\/\/www.espai.es\/blog\/#\/schema\/person\/66f318b777922f76347674ff5eb9a70d\",\"name\":\"Jordi Lorenzo\",\"image\":{\"@type\":\"ImageObject\",\"inLanguage\":\"es\",\"@id\":\"https:\/\/www.espai.es\/blog\/#\/schema\/person\/image\/\",\"url\":\"https:\/\/secure.gravatar.com\/avatar\/085cddac1625c35378536cc1fd479de33cce3ab8a3c546095401465dea20696d?s=96&d=mm&r=g\",\"contentUrl\":\"https:\/\/secure.gravatar.com\/avatar\/085cddac1625c35378536cc1fd479de33cce3ab8a3c546095401465dea20696d?s=96&d=mm&r=g\",\"caption\":\"Jordi Lorenzo\"},\"sameAs\":[\"http:\/\/www.espai.es\"],\"url\":\"https:\/\/www.espai.es\/blog\/author\/lorenzo\/\"}]}<\/script>\n<!-- \/ Yoast SEO plugin. -->","yoast_head_json":{"title":"C\u00f3mo limpiar mascarillas reutilizables - Blog Escola Espai","description":"Te explicamos C\u00f3mo limpiar mascarillas reutilizables, paso a paso y con especial atenci\u00f3n a los m\u00e9todos m\u00e1s avanzados y seguros.","robots":{"index":"index","follow":"follow","max-snippet":"max-snippet:-1","max-image-preview":"max-image-preview:large","max-video-preview":"max-video-preview:-1"},"canonical":"https:\/\/www.espai.es\/blog\/2020\/05\/como-limpiar-mascarillas-reutilizables\/","og_locale":"es_ES","og_type":"article","og_title":"C\u00f3mo limpiar mascarillas reutilizables - Blog Escola Espai","og_description":"Te explicamos C\u00f3mo limpiar mascarillas reutilizables, paso a paso y con especial atenci\u00f3n a los m\u00e9todos m\u00e1s avanzados y seguros.","og_url":"https:\/\/www.espai.es\/blog\/2020\/05\/como-limpiar-mascarillas-reutilizables\/","og_site_name":"Blog Escola Espai","article_published_time":"2020-05-07T12:41:09+00:00","article_modified_time":"2022-10-24T11:40:48+00:00","og_image":[{"width":720,"height":480,"url":"https:\/\/www.espai.es\/blog\/wp-content\/uploads\/2020\/05\/limpieza_mascarillas_portada.jpg","type":"image\/jpeg"}],"author":"Jordi Lorenzo","twitter_card":"summary_large_image","twitter_misc":{"Escrito por":"Jordi Lorenzo","Tiempo de lectura":"14 minutos"},"schema":{"@context":"https:\/\/schema.org","@graph":[{"@type":"Article","@id":"https:\/\/www.espai.es\/blog\/2020\/05\/como-limpiar-mascarillas-reutilizables\/#article","isPartOf":{"@id":"https:\/\/www.espai.es\/blog\/2020\/05\/como-limpiar-mascarillas-reutilizables\/"},"author":{"name":"Jordi Lorenzo","@id":"https:\/\/www.espai.es\/blog\/#\/schema\/person\/66f318b777922f76347674ff5eb9a70d"},"headline":"C\u00f3mo limpiar mascarillas reutilizables","datePublished":"2020-05-07T12:41:09+00:00","dateModified":"2022-10-24T11:40:48+00:00","mainEntityOfPage":{"@id":"https:\/\/www.espai.es\/blog\/2020\/05\/como-limpiar-mascarillas-reutilizables\/"},"wordCount":2232,"commentCount":2,"image":{"@id":"https:\/\/www.espai.es\/blog\/2020\/05\/como-limpiar-mascarillas-reutilizables\/#primaryimage"},"thumbnailUrl":"https:\/\/www.espai.es\/blog\/wp-content\/uploads\/2020\/05\/limpieza_mascarillas_portada.jpg","keywords":["covid","productividad"],"articleSection":["Escola Espai"],"inLanguage":"es","potentialAction":[{"@type":"CommentAction","name":"Comment","target":["https:\/\/www.espai.es\/blog\/2020\/05\/como-limpiar-mascarillas-reutilizables\/#respond"]}]},{"@type":"WebPage","@id":"https:\/\/www.espai.es\/blog\/2020\/05\/como-limpiar-mascarillas-reutilizables\/","url":"https:\/\/www.espai.es\/blog\/2020\/05\/como-limpiar-mascarillas-reutilizables\/","name":"C\u00f3mo limpiar mascarillas reutilizables - Blog Escola Espai","isPartOf":{"@id":"https:\/\/www.espai.es\/blog\/#website"},"primaryImageOfPage":{"@id":"https:\/\/www.espai.es\/blog\/2020\/05\/como-limpiar-mascarillas-reutilizables\/#primaryimage"},"image":{"@id":"https:\/\/www.espai.es\/blog\/2020\/05\/como-limpiar-mascarillas-reutilizables\/#primaryimage"},"thumbnailUrl":"https:\/\/www.espai.es\/blog\/wp-content\/uploads\/2020\/05\/limpieza_mascarillas_portada.jpg","datePublished":"2020-05-07T12:41:09+00:00","dateModified":"2022-10-24T11:40:48+00:00","author":{"@id":"https:\/\/www.espai.es\/blog\/#\/schema\/person\/66f318b777922f76347674ff5eb9a70d"},"description":"Te explicamos C\u00f3mo limpiar mascarillas reutilizables, paso a paso y con especial atenci\u00f3n a los m\u00e9todos m\u00e1s avanzados y seguros.","breadcrumb":{"@id":"https:\/\/www.espai.es\/blog\/2020\/05\/como-limpiar-mascarillas-reutilizables\/#breadcrumb"},"inLanguage":"es","potentialAction":[{"@type":"ReadAction","target":["https:\/\/www.espai.es\/blog\/2020\/05\/como-limpiar-mascarillas-reutilizables\/"]}]},{"@type":"ImageObject","inLanguage":"es","@id":"https:\/\/www.espai.es\/blog\/2020\/05\/como-limpiar-mascarillas-reutilizables\/#primaryimage","url":"https:\/\/www.espai.es\/blog\/wp-content\/uploads\/2020\/05\/limpieza_mascarillas_portada.jpg","contentUrl":"https:\/\/www.espai.es\/blog\/wp-content\/uploads\/2020\/05\/limpieza_mascarillas_portada.jpg","width":720,"height":480},{"@type":"BreadcrumbList","@id":"https:\/\/www.espai.es\/blog\/2020\/05\/como-limpiar-mascarillas-reutilizables\/#breadcrumb","itemListElement":[{"@type":"ListItem","position":1,"name":"Portada","item":"https:\/\/www.espai.es\/blog\/"},{"@type":"ListItem","position":2,"name":"C\u00f3mo limpiar mascarillas reutilizables"}]},{"@type":"WebSite","@id":"https:\/\/www.espai.es\/blog\/#website","url":"https:\/\/www.espai.es\/blog\/","name":"Blog Escola Espai","description":"","potentialAction":[{"@type":"SearchAction","target":{"@type":"EntryPoint","urlTemplate":"https:\/\/www.espai.es\/blog\/?s={search_term_string}"},"query-input":{"@type":"PropertyValueSpecification","valueRequired":true,"valueName":"search_term_string"}}],"inLanguage":"es"},{"@type":"Person","@id":"https:\/\/www.espai.es\/blog\/#\/schema\/person\/66f318b777922f76347674ff5eb9a70d","name":"Jordi Lorenzo","image":{"@type":"ImageObject","inLanguage":"es","@id":"https:\/\/www.espai.es\/blog\/#\/schema\/person\/image\/","url":"https:\/\/secure.gravatar.com\/avatar\/085cddac1625c35378536cc1fd479de33cce3ab8a3c546095401465dea20696d?s=96&d=mm&r=g","contentUrl":"https:\/\/secure.gravatar.com\/avatar\/085cddac1625c35378536cc1fd479de33cce3ab8a3c546095401465dea20696d?s=96&d=mm&r=g","caption":"Jordi Lorenzo"},"sameAs":["http:\/\/www.espai.es"],"url":"https:\/\/www.espai.es\/blog\/author\/lorenzo\/"}]}},"jetpack_featured_media_url":"https:\/\/www.espai.es\/blog\/wp-content\/uploads\/2020\/05\/limpieza_mascarillas_portada.jpg","jetpack_sharing_enabled":true,"_links":{"self":[{"href":"https:\/\/www.espai.es\/blog\/wp-json\/wp\/v2\/posts\/9880","targetHints":{"allow":["GET"]}}],"collection":[{"href":"https:\/\/www.espai.es\/blog\/wp-json\/wp\/v2\/posts"}],"about":[{"href":"https:\/\/www.espai.es\/blog\/wp-json\/wp\/v2\/types\/post"}],"author":[{"embeddable":true,"href":"https:\/\/www.espai.es\/blog\/wp-json\/wp\/v2\/users\/7"}],"replies":[{"embeddable":true,"href":"https:\/\/www.espai.es\/blog\/wp-json\/wp\/v2\/comments?post=9880"}],"version-history":[{"count":13,"href":"https:\/\/www.espai.es\/blog\/wp-json\/wp\/v2\/posts\/9880\/revisions"}],"predecessor-version":[{"id":13898,"href":"https:\/\/www.espai.es\/blog\/wp-json\/wp\/v2\/posts\/9880\/revisions\/13898"}],"wp:featuredmedia":[{"embeddable":true,"href":"https:\/\/www.espai.es\/blog\/wp-json\/wp\/v2\/media\/9914"}],"wp:attachment":[{"href":"https:\/\/www.espai.es\/blog\/wp-json\/wp\/v2\/media?parent=9880"}],"wp:term":[{"taxonomy":"category","embeddable":true,"href":"https:\/\/www.espai.es\/blog\/wp-json\/wp\/v2\/categories?post=9880"},{"taxonomy":"post_tag","embeddable":true,"href":"https:\/\/www.espai.es\/blog\/wp-json\/wp\/v2\/tags?post=9880"}],"curies":[{"name":"wp","href":"https:\/\/api.w.org\/{rel}","templated":true}]}}