{"id":9599,"date":"2020-04-06T17:09:08","date_gmt":"2020-04-06T15:09:08","guid":{"rendered":"https:\/\/www.espai.es\/blog\/?p=9599"},"modified":"2020-04-06T17:09:32","modified_gmt":"2020-04-06T15:09:32","slug":"que-es-esa-doble-flecha-azul","status":"publish","type":"post","link":"https:\/\/www.espai.es\/blog\/2020\/04\/que-es-esa-doble-flecha-azul\/","title":{"rendered":"\u00bfQu\u00e9 es esa doble flecha azul?"},"content":{"rendered":"<p>Mucha gente, sobre todo los propietarios de port\u00e1tiles se habr\u00e1n percatado de que le han comenzado a aparecer aleatoriamente ciertos iconos o carpetas con una doble flecha azul en una esquina de los iconos, y se habr\u00e1 preguntado qu\u00e9 demonios es&#8230;<\/p>\n<p><a href=\"https:\/\/www.espai.es\/blog\/wp-content\/uploads\/2020\/03\/compresion_02.jpg\" rel=\"attachment wp-att-9601\"><img loading=\"lazy\" decoding=\"async\" class=\"aligncenter size-full wp-image-9601\" src=\"https:\/\/www.espai.es\/blog\/wp-content\/uploads\/2020\/03\/compresion_02.jpg\" alt=\"compresion_02\" width=\"267\" height=\"223\" \/><\/a><\/p>\n<p>Eso es que Windows ha comenzado a comprimir archivos. Esta es una medida autom\u00e1tica que Windows realiza de manera autom\u00e1tica cuando detecta que queda poco espacio en el disco, es por ello por lo que esto suele suceder con mayor regularidad en ordenadores port\u00e1tiles, ya que estos suelen ir equipados con discos duros bastante peque\u00f1os.<\/p>\n<p><a href=\"https:\/\/www.espai.es\/blog\/wp-content\/uploads\/2020\/03\/compresion_01.jpg\" rel=\"attachment wp-att-9600\"><img loading=\"lazy\" decoding=\"async\" class=\"aligncenter size-full wp-image-9600\" src=\"https:\/\/www.espai.es\/blog\/wp-content\/uploads\/2020\/03\/compresion_01.jpg\" alt=\"compresion_01\" width=\"600\" height=\"494\" srcset=\"https:\/\/www.espai.es\/blog\/wp-content\/uploads\/2020\/03\/compresion_01.jpg 600w, https:\/\/www.espai.es\/blog\/wp-content\/uploads\/2020\/03\/compresion_01-300x247.jpg 300w\" sizes=\"auto, (max-width: 600px) 100vw, 600px\" \/><\/a><\/p>\n<p>La compresi\u00f3n de Windows es un sistema por el cual el sistema de Microsoft mira de liberar espacio a cambio de comprimir \u201cal vuelo\u201d los archivos para que ocupen menos. La tarea de compresi\u00f3n antes mencionada hace que los archivos se compriman y descompriman solos sin intervenci\u00f3n del usuario, el problema de esto es que ralentiza mucho el sistema, sobre todo en operaciones de traslado de archivos, lo que conseguiremos al final que aparte de tener un disco duro muy lleno de archivos (y a menos que sea SSD, gravemente fragmentado), el sistema se vaya volviendo gradualmente m\u00e1s lento.<\/p>\n<p>Para evitar esto, tenemos que optar por dos pasos, primero detener el sistema autom\u00e1tico de compresi\u00f3n y luego revertirlo.<\/p>\n<h3>PASO 1: Detener la compresi\u00f3n autom\u00e1tica de disco<\/h3>\n<p>Hacemos clic en inicio, buscamos CMD y haciendo clic derecho sobre \u00e9l, seleccionaremos \u201cEjecutar como administrador\u201d.<\/p>\n<p><a href=\"https:\/\/www.espai.es\/blog\/wp-content\/uploads\/2020\/03\/compresion_03.jpg\" rel=\"attachment wp-att-9602\"><img loading=\"lazy\" decoding=\"async\" class=\"aligncenter size-full wp-image-9602\" src=\"https:\/\/www.espai.es\/blog\/wp-content\/uploads\/2020\/03\/compresion_03.jpg\" alt=\"\" width=\"838\" height=\"674\" srcset=\"https:\/\/www.espai.es\/blog\/wp-content\/uploads\/2020\/03\/compresion_03.jpg 838w, https:\/\/www.espai.es\/blog\/wp-content\/uploads\/2020\/03\/compresion_03-300x241.jpg 300w, https:\/\/www.espai.es\/blog\/wp-content\/uploads\/2020\/03\/compresion_03-768x618.jpg 768w, https:\/\/www.espai.es\/blog\/wp-content\/uploads\/2020\/03\/compresion_03-700x563.jpg 700w\" sizes=\"auto, (max-width: 838px) 100vw, 838px\" \/><\/a><\/p>\n<p>Luego tecleamos el consiguiente comando y pulsamos \u201cEnter\u201d:<\/p>\n<p><strong>fsutil behavior set disablecompression 1<\/strong><\/p>\n<p><a href=\"https:\/\/www.espai.es\/blog\/wp-content\/uploads\/2020\/03\/compresion_04.jpg\" rel=\"attachment wp-att-9603\"><img loading=\"lazy\" decoding=\"async\" class=\"aligncenter size-full wp-image-9603\" src=\"https:\/\/www.espai.es\/blog\/wp-content\/uploads\/2020\/03\/compresion_04.jpg\" alt=\"\" width=\"750\" height=\"268\" srcset=\"https:\/\/www.espai.es\/blog\/wp-content\/uploads\/2020\/03\/compresion_04.jpg 750w, https:\/\/www.espai.es\/blog\/wp-content\/uploads\/2020\/03\/compresion_04-300x107.jpg 300w, https:\/\/www.espai.es\/blog\/wp-content\/uploads\/2020\/03\/compresion_04-700x250.jpg 700w\" sizes=\"auto, (max-width: 750px) 100vw, 750px\" \/><\/a><\/p>\n<p>Una vez reiniciemos, el servicio de auto compresi\u00f3n estar\u00e1 desactivado.<\/p>\n<h3>PASO 2: Revertir la compresi\u00f3n<\/h3>\n<p>Una vez reiniciado el sistema, volvemos a entrar en el CMD como antes hicimos y ejecutaremos este comando:<\/p>\n<p><strong><em>compact \/s \/u \/i<\/em><\/strong><\/p>\n<p>Compact es una orden que permite comprimir y descomprimir unidades<\/p>\n<p><strong>\/u&#8211;&gt;<\/strong>habilita la funci\u00f3n de descomprimir (uncompact)<\/p>\n<p><strong>\/s&#8211;&gt;<\/strong>Operar en todos los subdirectorios<\/p>\n<p><strong>\/i&#8211;&gt;<\/strong>Ignorar los errores y continuar el procedimiento (es para que en ciertos archivos en uso o del sistema que no se pueden modificar podr\u00edan interrumpir la operaci\u00f3n, de este modo los salta y continua con el siguiente)<\/p>\n<p>De esta manera descomprimir\u00e1 archivos y carpetas de toda la unidad donde se ejecuta el comando (acu\u00e9rdate que, si tienes varias, cambia entre una y otra tecleando la letra de la unidad y los dos puntos).<\/p>\n<p><a href=\"https:\/\/www.espai.es\/blog\/wp-content\/uploads\/2020\/03\/compresion_05.jpg\" rel=\"attachment wp-att-9604\"><img loading=\"lazy\" decoding=\"async\" class=\"aligncenter size-full wp-image-9604\" src=\"https:\/\/www.espai.es\/blog\/wp-content\/uploads\/2020\/03\/compresion_05.jpg\" alt=\"compresion_05\" width=\"814\" height=\"258\" srcset=\"https:\/\/www.espai.es\/blog\/wp-content\/uploads\/2020\/03\/compresion_05.jpg 814w, https:\/\/www.espai.es\/blog\/wp-content\/uploads\/2020\/03\/compresion_05-300x95.jpg 300w, https:\/\/www.espai.es\/blog\/wp-content\/uploads\/2020\/03\/compresion_05-768x243.jpg 768w, https:\/\/www.espai.es\/blog\/wp-content\/uploads\/2020\/03\/compresion_05-700x222.jpg 700w\" sizes=\"auto, (max-width: 814px) 100vw, 814px\" \/><\/a><\/p>\n<p>Cambiamos de unidad y repetimos la operaci\u00f3n:<\/p>\n<p><a href=\"https:\/\/www.espai.es\/blog\/wp-content\/uploads\/2020\/03\/compresion_06.jpg\" rel=\"attachment wp-att-9605\"><img loading=\"lazy\" decoding=\"async\" class=\"aligncenter size-full wp-image-9605\" src=\"https:\/\/www.espai.es\/blog\/wp-content\/uploads\/2020\/03\/compresion_06.jpg\" alt=\"\" width=\"647\" height=\"291\" srcset=\"https:\/\/www.espai.es\/blog\/wp-content\/uploads\/2020\/03\/compresion_06.jpg 647w, https:\/\/www.espai.es\/blog\/wp-content\/uploads\/2020\/03\/compresion_06-300x135.jpg 300w\" sizes=\"auto, (max-width: 647px) 100vw, 647px\" \/><\/a><\/p>\n<p>\u00a1Y ya lo tenemos todo listo! De esta manera notaremos una mejora en el rendimiento del sistema, adem\u00e1s de habernos librado de esas molestas \u00abdoble flecha azul\u00bb pero recuerda que despu\u00e9s de la operaci\u00f3n ser\u00eda conveniente desfragmentar la unidad.<\/p>\n<h3>CIERRE:<\/h3>\n<p>Un par de recomendaciones:<\/p>\n<ul>\n<li>Antes de hacer esta operaci\u00f3n aseg\u00farate de tener un 10% al menos de espacio libre en la unidad, no vaya a ser que la vayas a llenar completamente en medio de la operaci\u00f3n.<\/li>\n<\/ul>\n<p>&nbsp;<\/p>\n<ul>\n<li>Cuando haya acabado la operaci\u00f3n, tras reiniciar, y si el disco duro no es SSD, es muy importante \u00abdefragmentar el disco\u00bb sique este enlace para ver el art\u00edculo al respecto <a href=\"https:\/\/www.espai.es\/blog\/2018\/05\/mantenimiento-de-equipos-desfragmentar-discos-duros\/\" target=\"_blank\" rel=\"noopener\">AQUI<\/a> .<\/li>\n<\/ul>\n<p>&nbsp;<\/p>\n<ul>\n<li>Obviamente, si andas justo de espacio y puedes, ampl\u00eda el disco\u2026 Ya s\u00e9 que parece un poco de caj\u00f3n, pero no siempre es posible esto \u00faltimo, para ello contacta con un t\u00e9cnico en la medida de lo posible para que te confirme si es factible y qu\u00e9 necesitas.<\/li>\n<\/ul>\n<div id=\"attachment_9610\" style=\"width: 492px\" class=\"wp-caption aligncenter\"><a href=\"https:\/\/www.espai.es\/blog\/wp-content\/uploads\/2020\/03\/compresion_07.jpg\" rel=\"attachment wp-att-9610\"><img loading=\"lazy\" decoding=\"async\" aria-describedby=\"caption-attachment-9610\" class=\"wp-image-9610\" title=\"Imagen cortes\u00eda de Tob\u00edas Heine\" src=\"https:\/\/www.espai.es\/blog\/wp-content\/uploads\/2020\/03\/compresion_07.jpg\" alt=\"compresion_07\" width=\"482\" height=\"321\" srcset=\"https:\/\/www.espai.es\/blog\/wp-content\/uploads\/2020\/03\/compresion_07.jpg 640w, https:\/\/www.espai.es\/blog\/wp-content\/uploads\/2020\/03\/compresion_07-300x200.jpg 300w\" sizes=\"auto, (max-width: 482px) 100vw, 482px\" \/><\/a><p id=\"caption-attachment-9610\" class=\"wp-caption-text\">HDD de port\u00e1til.<\/p><\/div>\n<p>&nbsp;<\/p>\n<p>Y por cierto, si eres alumno de la escuela, puedes traer tu equipo y te haremos con gusto asesoramiento, copia y cambio del disco, eso s\u00ed, con un precio: <a href=\"https:\/\/www.espai.es\/index.php\/curso-de-hardware-en-barcelona\" target=\"_blank\" rel=\"noopener\">Mis alumnos de hardware<\/a> se encargan , no te cobraremos nada, solo nos has de dar permiso para que los que est\u00e1n en la recta final del curso de hardware puedan hacer la operaci\u00f3n (bajo mi atenta supervisi\u00f3n, eso s\u00ed\u2026), as\u00ed pueden disfrutar de pr\u00e1cticas fuera del programa del curso y enfrentarse a casos reales.<\/p>\n<p>&nbsp;<\/p>\n<p>&nbsp;<\/p>\n<p>&nbsp;<\/p>\n","protected":false},"excerpt":{"rendered":"<p>Mucha gente, sobre todo los propietarios de port\u00e1tiles se habr\u00e1n percatado de que le han comenzado a aparecer aleatoriamente ciertos iconos o carpetas con una doble flecha azul en una esquina de los iconos, y se habr\u00e1 preguntado qu\u00e9 demonios es&#8230; Eso es que Windows&#8230;<\/p>\n","protected":false},"author":7,"featured_media":9606,"comment_status":"open","ping_status":"closed","sticky":false,"template":"","format":"standard","meta":{"_monsterinsights_skip_tracking":false,"_monsterinsights_sitenote_active":false,"_monsterinsights_sitenote_note":"","_monsterinsights_sitenote_category":0,"jetpack_post_was_ever_published":false,"_jetpack_newsletter_access":"","_jetpack_dont_email_post_to_subs":false,"_jetpack_newsletter_tier_id":0,"_jetpack_memberships_contains_paywalled_content":false,"_ef_editorial_meta_date_first-draft-date":"","_ef_editorial_meta_paragraph_assignment":"","_ef_editorial_meta_checkbox_needs-photo":"","_ef_editorial_meta_number_word-count":"","_jetpack_memberships_contains_paid_content":false,"footnotes":""},"categories":[74,184],"tags":[113,165],"class_list":["post-9599","post","type-post","status-publish","format-standard","has-post-thumbnail","hentry","category-hardware","category-sistemas-2","tag-hardware-2","tag-sistemas"],"yoast_head":"<!-- This site is optimized with the Yoast SEO plugin v27.1.1 - https:\/\/yoast.com\/product\/yoast-seo-wordpress\/ -->\n<title>\u00bfQu\u00e9 es esa doble flecha azul? - Blog Escola Espai<\/title>\n<meta name=\"description\" content=\"En este art\u00edculo veremos que es y porqu\u00e9 aparecen una doble flecha azul sobre algunos de los iconos del ordenador, y como solucionarlo y revertirlo.\" \/>\n<meta name=\"robots\" content=\"index, follow, max-snippet:-1, max-image-preview:large, max-video-preview:-1\" \/>\n<link rel=\"canonical\" href=\"https:\/\/www.espai.es\/blog\/2020\/04\/que-es-esa-doble-flecha-azul\/\" \/>\n<meta property=\"og:locale\" content=\"es_ES\" \/>\n<meta property=\"og:type\" content=\"article\" \/>\n<meta property=\"og:title\" content=\"\u00bfQu\u00e9 es esa doble flecha azul? - Blog Escola Espai\" \/>\n<meta property=\"og:description\" content=\"En este art\u00edculo veremos que es y porqu\u00e9 aparecen una doble flecha azul sobre algunos de los iconos del ordenador, y como solucionarlo y revertirlo.\" \/>\n<meta property=\"og:url\" content=\"https:\/\/www.espai.es\/blog\/2020\/04\/que-es-esa-doble-flecha-azul\/\" \/>\n<meta property=\"og:site_name\" content=\"Blog Escola Espai\" \/>\n<meta property=\"article:published_time\" content=\"2020-04-06T15:09:08+00:00\" \/>\n<meta property=\"article:modified_time\" content=\"2020-04-06T15:09:32+00:00\" \/>\n<meta property=\"og:image\" content=\"https:\/\/www.espai.es\/blog\/wp-content\/uploads\/2020\/03\/compresion_portada.jpg\" \/>\n\t<meta property=\"og:image:width\" content=\"720\" \/>\n\t<meta property=\"og:image:height\" content=\"480\" \/>\n\t<meta property=\"og:image:type\" content=\"image\/jpeg\" \/>\n<meta name=\"author\" content=\"Jordi Lorenzo\" \/>\n<meta name=\"twitter:card\" content=\"summary_large_image\" \/>\n<meta name=\"twitter:label1\" content=\"Escrito por\" \/>\n\t<meta name=\"twitter:data1\" content=\"Jordi Lorenzo\" \/>\n\t<meta name=\"twitter:label2\" content=\"Tiempo de lectura\" \/>\n\t<meta name=\"twitter:data2\" content=\"3 minutos\" \/>\n<script type=\"application\/ld+json\" class=\"yoast-schema-graph\">{\"@context\":\"https:\/\/schema.org\",\"@graph\":[{\"@type\":\"Article\",\"@id\":\"https:\/\/www.espai.es\/blog\/2020\/04\/que-es-esa-doble-flecha-azul\/#article\",\"isPartOf\":{\"@id\":\"https:\/\/www.espai.es\/blog\/2020\/04\/que-es-esa-doble-flecha-azul\/\"},\"author\":{\"name\":\"Jordi Lorenzo\",\"@id\":\"https:\/\/www.espai.es\/blog\/#\/schema\/person\/66f318b777922f76347674ff5eb9a70d\"},\"headline\":\"\u00bfQu\u00e9 es esa doble flecha azul?\",\"datePublished\":\"2020-04-06T15:09:08+00:00\",\"dateModified\":\"2020-04-06T15:09:32+00:00\",\"mainEntityOfPage\":{\"@id\":\"https:\/\/www.espai.es\/blog\/2020\/04\/que-es-esa-doble-flecha-azul\/\"},\"wordCount\":690,\"commentCount\":0,\"image\":{\"@id\":\"https:\/\/www.espai.es\/blog\/2020\/04\/que-es-esa-doble-flecha-azul\/#primaryimage\"},\"thumbnailUrl\":\"https:\/\/www.espai.es\/blog\/wp-content\/uploads\/2020\/03\/compresion_portada.jpg\",\"keywords\":[\"hardware\",\"sistemas\"],\"articleSection\":[\"Hardware\",\"Sistemas\"],\"inLanguage\":\"es\",\"potentialAction\":[{\"@type\":\"CommentAction\",\"name\":\"Comment\",\"target\":[\"https:\/\/www.espai.es\/blog\/2020\/04\/que-es-esa-doble-flecha-azul\/#respond\"]}]},{\"@type\":\"WebPage\",\"@id\":\"https:\/\/www.espai.es\/blog\/2020\/04\/que-es-esa-doble-flecha-azul\/\",\"url\":\"https:\/\/www.espai.es\/blog\/2020\/04\/que-es-esa-doble-flecha-azul\/\",\"name\":\"\u00bfQu\u00e9 es esa doble flecha azul? - Blog Escola Espai\",\"isPartOf\":{\"@id\":\"https:\/\/www.espai.es\/blog\/#website\"},\"primaryImageOfPage\":{\"@id\":\"https:\/\/www.espai.es\/blog\/2020\/04\/que-es-esa-doble-flecha-azul\/#primaryimage\"},\"image\":{\"@id\":\"https:\/\/www.espai.es\/blog\/2020\/04\/que-es-esa-doble-flecha-azul\/#primaryimage\"},\"thumbnailUrl\":\"https:\/\/www.espai.es\/blog\/wp-content\/uploads\/2020\/03\/compresion_portada.jpg\",\"datePublished\":\"2020-04-06T15:09:08+00:00\",\"dateModified\":\"2020-04-06T15:09:32+00:00\",\"author\":{\"@id\":\"https:\/\/www.espai.es\/blog\/#\/schema\/person\/66f318b777922f76347674ff5eb9a70d\"},\"description\":\"En este art\u00edculo veremos que es y porqu\u00e9 aparecen una doble flecha azul sobre algunos de los iconos del ordenador, y como solucionarlo y revertirlo.\",\"breadcrumb\":{\"@id\":\"https:\/\/www.espai.es\/blog\/2020\/04\/que-es-esa-doble-flecha-azul\/#breadcrumb\"},\"inLanguage\":\"es\",\"potentialAction\":[{\"@type\":\"ReadAction\",\"target\":[\"https:\/\/www.espai.es\/blog\/2020\/04\/que-es-esa-doble-flecha-azul\/\"]}]},{\"@type\":\"ImageObject\",\"inLanguage\":\"es\",\"@id\":\"https:\/\/www.espai.es\/blog\/2020\/04\/que-es-esa-doble-flecha-azul\/#primaryimage\",\"url\":\"https:\/\/www.espai.es\/blog\/wp-content\/uploads\/2020\/03\/compresion_portada.jpg\",\"contentUrl\":\"https:\/\/www.espai.es\/blog\/wp-content\/uploads\/2020\/03\/compresion_portada.jpg\",\"width\":720,\"height\":480,\"caption\":\"compresion_portada\"},{\"@type\":\"BreadcrumbList\",\"@id\":\"https:\/\/www.espai.es\/blog\/2020\/04\/que-es-esa-doble-flecha-azul\/#breadcrumb\",\"itemListElement\":[{\"@type\":\"ListItem\",\"position\":1,\"name\":\"Portada\",\"item\":\"https:\/\/www.espai.es\/blog\/\"},{\"@type\":\"ListItem\",\"position\":2,\"name\":\"\u00bfQu\u00e9 es esa doble flecha azul?\"}]},{\"@type\":\"WebSite\",\"@id\":\"https:\/\/www.espai.es\/blog\/#website\",\"url\":\"https:\/\/www.espai.es\/blog\/\",\"name\":\"Blog Escola Espai\",\"description\":\"\",\"potentialAction\":[{\"@type\":\"SearchAction\",\"target\":{\"@type\":\"EntryPoint\",\"urlTemplate\":\"https:\/\/www.espai.es\/blog\/?s={search_term_string}\"},\"query-input\":{\"@type\":\"PropertyValueSpecification\",\"valueRequired\":true,\"valueName\":\"search_term_string\"}}],\"inLanguage\":\"es\"},{\"@type\":\"Person\",\"@id\":\"https:\/\/www.espai.es\/blog\/#\/schema\/person\/66f318b777922f76347674ff5eb9a70d\",\"name\":\"Jordi Lorenzo\",\"image\":{\"@type\":\"ImageObject\",\"inLanguage\":\"es\",\"@id\":\"https:\/\/www.espai.es\/blog\/#\/schema\/person\/image\/\",\"url\":\"https:\/\/secure.gravatar.com\/avatar\/085cddac1625c35378536cc1fd479de33cce3ab8a3c546095401465dea20696d?s=96&d=mm&r=g\",\"contentUrl\":\"https:\/\/secure.gravatar.com\/avatar\/085cddac1625c35378536cc1fd479de33cce3ab8a3c546095401465dea20696d?s=96&d=mm&r=g\",\"caption\":\"Jordi Lorenzo\"},\"sameAs\":[\"http:\/\/www.espai.es\"],\"url\":\"https:\/\/www.espai.es\/blog\/author\/lorenzo\/\"}]}<\/script>\n<!-- \/ Yoast SEO plugin. -->","yoast_head_json":{"title":"\u00bfQu\u00e9 es esa doble flecha azul? - Blog Escola Espai","description":"En este art\u00edculo veremos que es y porqu\u00e9 aparecen una doble flecha azul sobre algunos de los iconos del ordenador, y como solucionarlo y revertirlo.","robots":{"index":"index","follow":"follow","max-snippet":"max-snippet:-1","max-image-preview":"max-image-preview:large","max-video-preview":"max-video-preview:-1"},"canonical":"https:\/\/www.espai.es\/blog\/2020\/04\/que-es-esa-doble-flecha-azul\/","og_locale":"es_ES","og_type":"article","og_title":"\u00bfQu\u00e9 es esa doble flecha azul? - Blog Escola Espai","og_description":"En este art\u00edculo veremos que es y porqu\u00e9 aparecen una doble flecha azul sobre algunos de los iconos del ordenador, y como solucionarlo y revertirlo.","og_url":"https:\/\/www.espai.es\/blog\/2020\/04\/que-es-esa-doble-flecha-azul\/","og_site_name":"Blog Escola Espai","article_published_time":"2020-04-06T15:09:08+00:00","article_modified_time":"2020-04-06T15:09:32+00:00","og_image":[{"width":720,"height":480,"url":"https:\/\/www.espai.es\/blog\/wp-content\/uploads\/2020\/03\/compresion_portada.jpg","type":"image\/jpeg"}],"author":"Jordi Lorenzo","twitter_card":"summary_large_image","twitter_misc":{"Escrito por":"Jordi Lorenzo","Tiempo de lectura":"3 minutos"},"schema":{"@context":"https:\/\/schema.org","@graph":[{"@type":"Article","@id":"https:\/\/www.espai.es\/blog\/2020\/04\/que-es-esa-doble-flecha-azul\/#article","isPartOf":{"@id":"https:\/\/www.espai.es\/blog\/2020\/04\/que-es-esa-doble-flecha-azul\/"},"author":{"name":"Jordi Lorenzo","@id":"https:\/\/www.espai.es\/blog\/#\/schema\/person\/66f318b777922f76347674ff5eb9a70d"},"headline":"\u00bfQu\u00e9 es esa doble flecha azul?","datePublished":"2020-04-06T15:09:08+00:00","dateModified":"2020-04-06T15:09:32+00:00","mainEntityOfPage":{"@id":"https:\/\/www.espai.es\/blog\/2020\/04\/que-es-esa-doble-flecha-azul\/"},"wordCount":690,"commentCount":0,"image":{"@id":"https:\/\/www.espai.es\/blog\/2020\/04\/que-es-esa-doble-flecha-azul\/#primaryimage"},"thumbnailUrl":"https:\/\/www.espai.es\/blog\/wp-content\/uploads\/2020\/03\/compresion_portada.jpg","keywords":["hardware","sistemas"],"articleSection":["Hardware","Sistemas"],"inLanguage":"es","potentialAction":[{"@type":"CommentAction","name":"Comment","target":["https:\/\/www.espai.es\/blog\/2020\/04\/que-es-esa-doble-flecha-azul\/#respond"]}]},{"@type":"WebPage","@id":"https:\/\/www.espai.es\/blog\/2020\/04\/que-es-esa-doble-flecha-azul\/","url":"https:\/\/www.espai.es\/blog\/2020\/04\/que-es-esa-doble-flecha-azul\/","name":"\u00bfQu\u00e9 es esa doble flecha azul? - Blog Escola Espai","isPartOf":{"@id":"https:\/\/www.espai.es\/blog\/#website"},"primaryImageOfPage":{"@id":"https:\/\/www.espai.es\/blog\/2020\/04\/que-es-esa-doble-flecha-azul\/#primaryimage"},"image":{"@id":"https:\/\/www.espai.es\/blog\/2020\/04\/que-es-esa-doble-flecha-azul\/#primaryimage"},"thumbnailUrl":"https:\/\/www.espai.es\/blog\/wp-content\/uploads\/2020\/03\/compresion_portada.jpg","datePublished":"2020-04-06T15:09:08+00:00","dateModified":"2020-04-06T15:09:32+00:00","author":{"@id":"https:\/\/www.espai.es\/blog\/#\/schema\/person\/66f318b777922f76347674ff5eb9a70d"},"description":"En este art\u00edculo veremos que es y porqu\u00e9 aparecen una doble flecha azul sobre algunos de los iconos del ordenador, y como solucionarlo y revertirlo.","breadcrumb":{"@id":"https:\/\/www.espai.es\/blog\/2020\/04\/que-es-esa-doble-flecha-azul\/#breadcrumb"},"inLanguage":"es","potentialAction":[{"@type":"ReadAction","target":["https:\/\/www.espai.es\/blog\/2020\/04\/que-es-esa-doble-flecha-azul\/"]}]},{"@type":"ImageObject","inLanguage":"es","@id":"https:\/\/www.espai.es\/blog\/2020\/04\/que-es-esa-doble-flecha-azul\/#primaryimage","url":"https:\/\/www.espai.es\/blog\/wp-content\/uploads\/2020\/03\/compresion_portada.jpg","contentUrl":"https:\/\/www.espai.es\/blog\/wp-content\/uploads\/2020\/03\/compresion_portada.jpg","width":720,"height":480,"caption":"compresion_portada"},{"@type":"BreadcrumbList","@id":"https:\/\/www.espai.es\/blog\/2020\/04\/que-es-esa-doble-flecha-azul\/#breadcrumb","itemListElement":[{"@type":"ListItem","position":1,"name":"Portada","item":"https:\/\/www.espai.es\/blog\/"},{"@type":"ListItem","position":2,"name":"\u00bfQu\u00e9 es esa doble flecha azul?"}]},{"@type":"WebSite","@id":"https:\/\/www.espai.es\/blog\/#website","url":"https:\/\/www.espai.es\/blog\/","name":"Blog Escola Espai","description":"","potentialAction":[{"@type":"SearchAction","target":{"@type":"EntryPoint","urlTemplate":"https:\/\/www.espai.es\/blog\/?s={search_term_string}"},"query-input":{"@type":"PropertyValueSpecification","valueRequired":true,"valueName":"search_term_string"}}],"inLanguage":"es"},{"@type":"Person","@id":"https:\/\/www.espai.es\/blog\/#\/schema\/person\/66f318b777922f76347674ff5eb9a70d","name":"Jordi Lorenzo","image":{"@type":"ImageObject","inLanguage":"es","@id":"https:\/\/www.espai.es\/blog\/#\/schema\/person\/image\/","url":"https:\/\/secure.gravatar.com\/avatar\/085cddac1625c35378536cc1fd479de33cce3ab8a3c546095401465dea20696d?s=96&d=mm&r=g","contentUrl":"https:\/\/secure.gravatar.com\/avatar\/085cddac1625c35378536cc1fd479de33cce3ab8a3c546095401465dea20696d?s=96&d=mm&r=g","caption":"Jordi Lorenzo"},"sameAs":["http:\/\/www.espai.es"],"url":"https:\/\/www.espai.es\/blog\/author\/lorenzo\/"}]}},"jetpack_featured_media_url":"https:\/\/www.espai.es\/blog\/wp-content\/uploads\/2020\/03\/compresion_portada.jpg","jetpack_sharing_enabled":true,"_links":{"self":[{"href":"https:\/\/www.espai.es\/blog\/wp-json\/wp\/v2\/posts\/9599","targetHints":{"allow":["GET"]}}],"collection":[{"href":"https:\/\/www.espai.es\/blog\/wp-json\/wp\/v2\/posts"}],"about":[{"href":"https:\/\/www.espai.es\/blog\/wp-json\/wp\/v2\/types\/post"}],"author":[{"embeddable":true,"href":"https:\/\/www.espai.es\/blog\/wp-json\/wp\/v2\/users\/7"}],"replies":[{"embeddable":true,"href":"https:\/\/www.espai.es\/blog\/wp-json\/wp\/v2\/comments?post=9599"}],"version-history":[{"count":9,"href":"https:\/\/www.espai.es\/blog\/wp-json\/wp\/v2\/posts\/9599\/revisions"}],"predecessor-version":[{"id":9726,"href":"https:\/\/www.espai.es\/blog\/wp-json\/wp\/v2\/posts\/9599\/revisions\/9726"}],"wp:featuredmedia":[{"embeddable":true,"href":"https:\/\/www.espai.es\/blog\/wp-json\/wp\/v2\/media\/9606"}],"wp:attachment":[{"href":"https:\/\/www.espai.es\/blog\/wp-json\/wp\/v2\/media?parent=9599"}],"wp:term":[{"taxonomy":"category","embeddable":true,"href":"https:\/\/www.espai.es\/blog\/wp-json\/wp\/v2\/categories?post=9599"},{"taxonomy":"post_tag","embeddable":true,"href":"https:\/\/www.espai.es\/blog\/wp-json\/wp\/v2\/tags?post=9599"}],"curies":[{"name":"wp","href":"https:\/\/api.w.org\/{rel}","templated":true}]}}