{"id":923,"date":"2013-09-27T20:38:00","date_gmt":"2013-09-27T18:38:00","guid":{"rendered":"http:\/\/www.espai.es\/blog\/?p=923"},"modified":"2014-02-28T22:59:47","modified_gmt":"2014-02-28T20:59:47","slug":"hola-mundo","status":"publish","type":"post","link":"https:\/\/www.espai.es\/blog\/2013\/09\/hola-mundo\/","title":{"rendered":"\u00a1Hola mundo!"},"content":{"rendered":"<p>\u00c9ste es el saludo que escriben todos los programadores ne\u00f3fitos cuando crean su primer programa. Como yo ahora mismo soy un colaborador\/bloguero en ciernes y adem\u00e1s estamos en una escuela de inform\u00e1tica, me ha parecido la mejor forma de comenzar. Ahora bien, este mensaje encierra una peque\u00f1a paradoja, y es que el \u00fanico receptor es la propia persona que lo ha escrito\u2026 Sin \u00e1nimo de ser pretencioso, yo espero tener un m\u00ednimo de lectores\u2026 Eso depender\u00e1 de si soy capaz de generar cierto inter\u00e9s a trav\u00e9s de los temas que trate. Por el \u00e1rea en qu\u00e9 estoy, que es dise\u00f1o y v\u00eddeo (no programaci\u00f3n, como mi saludo podr\u00eda haber hecho pensar), b\u00e1sicamente tratar\u00e9 temas sobre audio-visual (especialmente cine) y tecnolog\u00eda (especialmente Apple). Eso no significa que no vaya a tocar \u00abotros palos\u00bb como composici\u00f3n gr\u00e1fica, fotograf\u00eda o incluso programaci\u00f3n (\u00bfpor qu\u00e9 no?); s\u00f3lo quer\u00eda dar una indicaci\u00f3n de qu\u00e9 podr\u00e9is encontrar si alguna vez os perd\u00e9is por la red, y lleg\u00e1is inocente e incautamente a alguno de mis posts.<\/p>\n<p>Bien, pues hechas las presentaciones, vamos a hablar del evento m\u00e1s esperado del a\u00f1o a nivel mundial, \u00bfme estoy refiriendo a la dimisi\u00f3n de Rajoy? Por supuesto que s\u00ed, pero como el blog no va de eso, vamos a pasar al segundo evento m\u00e1s anhelado: el lanzamiento del nuevo Mac Pro, que fue presentado en junio de este a\u00f1o, en la conferencia para desarrolladores que dio Apple en San Francisco, y que se comercializar\u00e1 este oto\u00f1o, m\u00e1s concretamente en noviembre.<\/p>\n<p style=\"text-align: center\"><a href=\"http:\/\/www.espai.es\/blog\/wp-content\/uploads\/2013\/09\/fotonoticia_20130610123358_8001.jpg\"><img loading=\"lazy\" decoding=\"async\" class=\"aligncenter size-full wp-image-926\" src=\"http:\/\/www.espai.es\/blog\/wp-content\/uploads\/2013\/09\/fotonoticia_20130610123358_8001.jpg\" alt=\"\" width=\"297\" height=\"210\" srcset=\"https:\/\/www.espai.es\/blog\/wp-content\/uploads\/2013\/09\/fotonoticia_20130610123358_8001.jpg 706w, https:\/\/www.espai.es\/blog\/wp-content\/uploads\/2013\/09\/fotonoticia_20130610123358_8001-300x212.jpg 300w\" sizes=\"auto, (max-width: 297px) 100vw, 297px\" \/><\/a><\/p>\n<p>En su af\u00e1n siempre innovador, Apple ha redise\u00f1ado\/redefinido lo que son las estaciones de trabajo profesionales. De entrada deja de ser lo que hasta ahora ven\u00eda siendo una torre, para ser un cilindro, que hace menos de la mitad de altura que una torre convencional. Abulta, m\u00e1s o menos, lo que un rollo de papel de cocina (por abrir). Debido a su forma y dimensiones, no se podr\u00e1n insertar dentro de la carcasa tarjetas que ampl\u00eden las capacidades del equipo, lo cual har\u00e1 que se tengan que comprar carcasas a parte, que se conectar\u00e1n al Mac Pro mediante Thunderbolt 2 (una conexi\u00f3n ultra-r\u00e1pida para el intercambio de datos); y es en dichas carcasas donde encontraremos los slots\/ranuras en las cuales insertar las tarjetas que aumentar\u00e1n las prestaciones de nuestro equipo. Dicho de otro modo: es como si para hacer m\u00e1s potente nuestro equipo tuviera que tener conectado un segundo dispositivo m\u00e1s o menos del mismo tama\u00f1o, adem\u00e1s de los discos externos y otros perif\u00e9ricos que queramos\/necesitemos a\u00f1adir. Esta construcci\u00f3n modular del equipo, es el principal argumento de los detractores del mismo, pues en lugar de tener un equipo recogido (todo dentro de una misma caja), se tiene una serie de hardware esparcido por la mesa de trabajo, con sus cables correspondientes\u2026 Bueno, la cosa no es para tanto; por un lado se trata solamente de un cacharro m\u00e1s, en una carcasa normal pueden coger hasta seis tarjetas (no es que haya que a\u00f1adir una caja nueva por cada tarjeta que se quiera poner). Eso en el caso de necesitar esa ampliaci\u00f3n, pues se puede configurar un equipo ponente de buenas a primeras, que no necesite de \u00abpoderes adicionales\u00bb.<\/p>\n<p style=\"text-align: center\"><a href=\"http:\/\/www.espai.es\/blog\/wp-content\/uploads\/2013\/09\/Captura-de-pantalla-2013-09-13-a-las-12.50.41.png\"><img loading=\"lazy\" decoding=\"async\" class=\"aligncenter size-full wp-image-929\" src=\"http:\/\/www.espai.es\/blog\/wp-content\/uploads\/2013\/09\/Captura-de-pantalla-2013-09-13-a-las-12.50.41.png\" alt=\"\" width=\"579\" height=\"392\" srcset=\"https:\/\/www.espai.es\/blog\/wp-content\/uploads\/2013\/09\/Captura-de-pantalla-2013-09-13-a-las-12.50.41.png 1071w, https:\/\/www.espai.es\/blog\/wp-content\/uploads\/2013\/09\/Captura-de-pantalla-2013-09-13-a-las-12.50.41-300x203.png 300w, https:\/\/www.espai.es\/blog\/wp-content\/uploads\/2013\/09\/Captura-de-pantalla-2013-09-13-a-las-12.50.41-1024x694.png 1024w\" sizes=\"auto, (max-width: 579px) 100vw, 579px\" \/><\/a><\/p>\n<p style=\"text-align: center\">&nbsp;<\/p>\n<p>Pero esta no ser\u00e1 la \u00fanica novedad de este oto\u00f1o: a la misma vez que se lance el Mac Pro saldr\u00e1 el UpGrade de Final Cut Pro X, y esperamos que esta vez hagan un mejor lanzamiento del producto que la \u00faltima vez. Tambi\u00e9n habr\u00e1 nuevo sistema operativo: OS X 10.9 Maveriks, con el que Apple abandona los nombres de mininos y pasa a utilizar nombres de lugares emblem\u00e1ticos de California (en los siguientes posts hablar\u00e9 de todo esto). Por no hablar de los reci\u00e9n anunciados iPone 5S y 5C (esto se escapa de lo que es el enfoque que le quiero dar a mis post).<\/p>\n<p>&nbsp;<\/p>\n<p>Bueno, ya est\u00e1, de momento esto es todo\u2026 por esta vez. Repasando el texto antes de publicarlo, no me queda claro si me estoy presentando o le estoy haciendo la publicidad a Apple sin que ellos me lo hayan pedido, es el problema que tenemos todos los \u00abmacqueros\u00bb: rozamos el sectarismo. Pero es lo \u00fanico malo que tenemos, por lo dem\u00e1s somos muy buenas personas y procuramos tener una dieta equilibrada.<\/p>\n<p>&nbsp;<\/p>\n<p>Adeeeu!<\/p>\n","protected":false},"excerpt":{"rendered":"<p>\u00c9ste es el saludo que escriben todos los programadores ne\u00f3fitos cuando crean su primer programa. Como yo ahora mismo soy un colaborador\/bloguero en ciernes y adem\u00e1s estamos en una escuela de inform\u00e1tica, me ha parecido la mejor forma de comenzar. Ahora bien, este mensaje encierra&#8230;<\/p>\n","protected":false},"author":17,"featured_media":0,"comment_status":"closed","ping_status":"open","sticky":false,"template":"","format":"standard","meta":{"_monsterinsights_skip_tracking":false,"_monsterinsights_sitenote_active":false,"_monsterinsights_sitenote_note":"","_monsterinsights_sitenote_category":0,"jetpack_post_was_ever_published":false,"_jetpack_newsletter_access":"","_jetpack_dont_email_post_to_subs":false,"_jetpack_newsletter_tier_id":0,"_jetpack_memberships_contains_paywalled_content":false,"_ef_editorial_meta_date_first-draft-date":"","_ef_editorial_meta_paragraph_assignment":"","_ef_editorial_meta_checkbox_needs-photo":"","_ef_editorial_meta_number_word-count":"","_jetpack_memberships_contains_paid_content":false,"footnotes":""},"categories":[77,74],"tags":[138,66,65,26],"class_list":["post-923","post","type-post","status-publish","format-standard","hentry","category-edicion-de-video-y-postproduccion","category-hardware","tag-138","tag-apple","tag-mac","tag-video"],"yoast_head":"<!-- This site is optimized with the Yoast SEO plugin v27.1.1 - https:\/\/yoast.com\/product\/yoast-seo-wordpress\/ -->\n<title>\u00a1Hola mundo! - Blog Escola Espai<\/title>\n<meta name=\"robots\" content=\"index, follow, max-snippet:-1, max-image-preview:large, max-video-preview:-1\" \/>\n<link rel=\"canonical\" href=\"https:\/\/www.espai.es\/blog\/2013\/09\/hola-mundo\/\" \/>\n<meta property=\"og:locale\" content=\"es_ES\" \/>\n<meta property=\"og:type\" content=\"article\" \/>\n<meta property=\"og:title\" content=\"\u00a1Hola mundo! - Blog Escola Espai\" \/>\n<meta property=\"og:description\" content=\"\u00c9ste es el saludo que escriben todos los programadores ne\u00f3fitos cuando crean su primer programa. Como yo ahora mismo soy un colaborador\/bloguero en ciernes y adem\u00e1s estamos en una escuela de inform\u00e1tica, me ha parecido la mejor forma de comenzar. Ahora bien, este mensaje encierra...\" \/>\n<meta property=\"og:url\" content=\"https:\/\/www.espai.es\/blog\/2013\/09\/hola-mundo\/\" \/>\n<meta property=\"og:site_name\" content=\"Blog Escola Espai\" \/>\n<meta property=\"article:published_time\" content=\"2013-09-27T18:38:00+00:00\" \/>\n<meta property=\"article:modified_time\" content=\"2014-02-28T20:59:47+00:00\" \/>\n<meta property=\"og:image\" content=\"http:\/\/www.espai.es\/blog\/wp-content\/uploads\/2013\/09\/fotonoticia_20130610123358_8001.jpg\" \/>\n<meta name=\"author\" content=\"David S\u00e1nchez\" \/>\n<meta name=\"twitter:card\" content=\"summary_large_image\" \/>\n<meta name=\"twitter:label1\" content=\"Escrito por\" \/>\n\t<meta name=\"twitter:data1\" content=\"David S\u00e1nchez\" \/>\n\t<meta name=\"twitter:label2\" content=\"Tiempo de lectura\" \/>\n\t<meta name=\"twitter:data2\" content=\"4 minutos\" \/>\n<script type=\"application\/ld+json\" class=\"yoast-schema-graph\">{\"@context\":\"https:\/\/schema.org\",\"@graph\":[{\"@type\":\"Article\",\"@id\":\"https:\/\/www.espai.es\/blog\/2013\/09\/hola-mundo\/#article\",\"isPartOf\":{\"@id\":\"https:\/\/www.espai.es\/blog\/2013\/09\/hola-mundo\/\"},\"author\":{\"name\":\"David S\u00e1nchez\",\"@id\":\"https:\/\/www.espai.es\/blog\/#\/schema\/person\/68bce54bebac5efb40918f2f71822d27\"},\"headline\":\"\u00a1Hola mundo!\",\"datePublished\":\"2013-09-27T18:38:00+00:00\",\"dateModified\":\"2014-02-28T20:59:47+00:00\",\"mainEntityOfPage\":{\"@id\":\"https:\/\/www.espai.es\/blog\/2013\/09\/hola-mundo\/\"},\"wordCount\":767,\"image\":{\"@id\":\"https:\/\/www.espai.es\/blog\/2013\/09\/hola-mundo\/#primaryimage\"},\"thumbnailUrl\":\"http:\/\/www.espai.es\/blog\/wp-content\/uploads\/2013\/09\/fotonoticia_20130610123358_8001.jpg\",\"keywords\":[\"2013\",\"apple\",\"Mac\",\"video\"],\"articleSection\":[\"Edici\u00f3n de Video y Postproducci\u00f3n\",\"Hardware\"],\"inLanguage\":\"es\"},{\"@type\":\"WebPage\",\"@id\":\"https:\/\/www.espai.es\/blog\/2013\/09\/hola-mundo\/\",\"url\":\"https:\/\/www.espai.es\/blog\/2013\/09\/hola-mundo\/\",\"name\":\"\u00a1Hola mundo! - Blog Escola Espai\",\"isPartOf\":{\"@id\":\"https:\/\/www.espai.es\/blog\/#website\"},\"primaryImageOfPage\":{\"@id\":\"https:\/\/www.espai.es\/blog\/2013\/09\/hola-mundo\/#primaryimage\"},\"image\":{\"@id\":\"https:\/\/www.espai.es\/blog\/2013\/09\/hola-mundo\/#primaryimage\"},\"thumbnailUrl\":\"http:\/\/www.espai.es\/blog\/wp-content\/uploads\/2013\/09\/fotonoticia_20130610123358_8001.jpg\",\"datePublished\":\"2013-09-27T18:38:00+00:00\",\"dateModified\":\"2014-02-28T20:59:47+00:00\",\"author\":{\"@id\":\"https:\/\/www.espai.es\/blog\/#\/schema\/person\/68bce54bebac5efb40918f2f71822d27\"},\"breadcrumb\":{\"@id\":\"https:\/\/www.espai.es\/blog\/2013\/09\/hola-mundo\/#breadcrumb\"},\"inLanguage\":\"es\",\"potentialAction\":[{\"@type\":\"ReadAction\",\"target\":[\"https:\/\/www.espai.es\/blog\/2013\/09\/hola-mundo\/\"]}]},{\"@type\":\"ImageObject\",\"inLanguage\":\"es\",\"@id\":\"https:\/\/www.espai.es\/blog\/2013\/09\/hola-mundo\/#primaryimage\",\"url\":\"http:\/\/www.espai.es\/blog\/wp-content\/uploads\/2013\/09\/fotonoticia_20130610123358_8001.jpg\",\"contentUrl\":\"http:\/\/www.espai.es\/blog\/wp-content\/uploads\/2013\/09\/fotonoticia_20130610123358_8001.jpg\"},{\"@type\":\"BreadcrumbList\",\"@id\":\"https:\/\/www.espai.es\/blog\/2013\/09\/hola-mundo\/#breadcrumb\",\"itemListElement\":[{\"@type\":\"ListItem\",\"position\":1,\"name\":\"Portada\",\"item\":\"https:\/\/www.espai.es\/blog\/\"},{\"@type\":\"ListItem\",\"position\":2,\"name\":\"\u00a1Hola mundo!\"}]},{\"@type\":\"WebSite\",\"@id\":\"https:\/\/www.espai.es\/blog\/#website\",\"url\":\"https:\/\/www.espai.es\/blog\/\",\"name\":\"Blog Escola Espai\",\"description\":\"\",\"potentialAction\":[{\"@type\":\"SearchAction\",\"target\":{\"@type\":\"EntryPoint\",\"urlTemplate\":\"https:\/\/www.espai.es\/blog\/?s={search_term_string}\"},\"query-input\":{\"@type\":\"PropertyValueSpecification\",\"valueRequired\":true,\"valueName\":\"search_term_string\"}}],\"inLanguage\":\"es\"},{\"@type\":\"Person\",\"@id\":\"https:\/\/www.espai.es\/blog\/#\/schema\/person\/68bce54bebac5efb40918f2f71822d27\",\"name\":\"David S\u00e1nchez\",\"image\":{\"@type\":\"ImageObject\",\"inLanguage\":\"es\",\"@id\":\"https:\/\/www.espai.es\/blog\/#\/schema\/person\/image\/\",\"url\":\"https:\/\/secure.gravatar.com\/avatar\/496fe00098e4153114211ffa48f7c54a3900194ee90e49152ee5e4b276384c31?s=96&d=mm&r=g\",\"contentUrl\":\"https:\/\/secure.gravatar.com\/avatar\/496fe00098e4153114211ffa48f7c54a3900194ee90e49152ee5e4b276384c31?s=96&d=mm&r=g\",\"caption\":\"David S\u00e1nchez\"},\"url\":\"https:\/\/www.espai.es\/blog\/author\/d-sanchez\/\"}]}<\/script>\n<!-- \/ Yoast SEO plugin. -->","yoast_head_json":{"title":"\u00a1Hola mundo! - Blog Escola Espai","robots":{"index":"index","follow":"follow","max-snippet":"max-snippet:-1","max-image-preview":"max-image-preview:large","max-video-preview":"max-video-preview:-1"},"canonical":"https:\/\/www.espai.es\/blog\/2013\/09\/hola-mundo\/","og_locale":"es_ES","og_type":"article","og_title":"\u00a1Hola mundo! - Blog Escola Espai","og_description":"\u00c9ste es el saludo que escriben todos los programadores ne\u00f3fitos cuando crean su primer programa. Como yo ahora mismo soy un colaborador\/bloguero en ciernes y adem\u00e1s estamos en una escuela de inform\u00e1tica, me ha parecido la mejor forma de comenzar. Ahora bien, este mensaje encierra...","og_url":"https:\/\/www.espai.es\/blog\/2013\/09\/hola-mundo\/","og_site_name":"Blog Escola Espai","article_published_time":"2013-09-27T18:38:00+00:00","article_modified_time":"2014-02-28T20:59:47+00:00","og_image":[{"url":"http:\/\/www.espai.es\/blog\/wp-content\/uploads\/2013\/09\/fotonoticia_20130610123358_8001.jpg","type":"","width":"","height":""}],"author":"David S\u00e1nchez","twitter_card":"summary_large_image","twitter_misc":{"Escrito por":"David S\u00e1nchez","Tiempo de lectura":"4 minutos"},"schema":{"@context":"https:\/\/schema.org","@graph":[{"@type":"Article","@id":"https:\/\/www.espai.es\/blog\/2013\/09\/hola-mundo\/#article","isPartOf":{"@id":"https:\/\/www.espai.es\/blog\/2013\/09\/hola-mundo\/"},"author":{"name":"David S\u00e1nchez","@id":"https:\/\/www.espai.es\/blog\/#\/schema\/person\/68bce54bebac5efb40918f2f71822d27"},"headline":"\u00a1Hola mundo!","datePublished":"2013-09-27T18:38:00+00:00","dateModified":"2014-02-28T20:59:47+00:00","mainEntityOfPage":{"@id":"https:\/\/www.espai.es\/blog\/2013\/09\/hola-mundo\/"},"wordCount":767,"image":{"@id":"https:\/\/www.espai.es\/blog\/2013\/09\/hola-mundo\/#primaryimage"},"thumbnailUrl":"http:\/\/www.espai.es\/blog\/wp-content\/uploads\/2013\/09\/fotonoticia_20130610123358_8001.jpg","keywords":["2013","apple","Mac","video"],"articleSection":["Edici\u00f3n de Video y Postproducci\u00f3n","Hardware"],"inLanguage":"es"},{"@type":"WebPage","@id":"https:\/\/www.espai.es\/blog\/2013\/09\/hola-mundo\/","url":"https:\/\/www.espai.es\/blog\/2013\/09\/hola-mundo\/","name":"\u00a1Hola mundo! - Blog Escola Espai","isPartOf":{"@id":"https:\/\/www.espai.es\/blog\/#website"},"primaryImageOfPage":{"@id":"https:\/\/www.espai.es\/blog\/2013\/09\/hola-mundo\/#primaryimage"},"image":{"@id":"https:\/\/www.espai.es\/blog\/2013\/09\/hola-mundo\/#primaryimage"},"thumbnailUrl":"http:\/\/www.espai.es\/blog\/wp-content\/uploads\/2013\/09\/fotonoticia_20130610123358_8001.jpg","datePublished":"2013-09-27T18:38:00+00:00","dateModified":"2014-02-28T20:59:47+00:00","author":{"@id":"https:\/\/www.espai.es\/blog\/#\/schema\/person\/68bce54bebac5efb40918f2f71822d27"},"breadcrumb":{"@id":"https:\/\/www.espai.es\/blog\/2013\/09\/hola-mundo\/#breadcrumb"},"inLanguage":"es","potentialAction":[{"@type":"ReadAction","target":["https:\/\/www.espai.es\/blog\/2013\/09\/hola-mundo\/"]}]},{"@type":"ImageObject","inLanguage":"es","@id":"https:\/\/www.espai.es\/blog\/2013\/09\/hola-mundo\/#primaryimage","url":"http:\/\/www.espai.es\/blog\/wp-content\/uploads\/2013\/09\/fotonoticia_20130610123358_8001.jpg","contentUrl":"http:\/\/www.espai.es\/blog\/wp-content\/uploads\/2013\/09\/fotonoticia_20130610123358_8001.jpg"},{"@type":"BreadcrumbList","@id":"https:\/\/www.espai.es\/blog\/2013\/09\/hola-mundo\/#breadcrumb","itemListElement":[{"@type":"ListItem","position":1,"name":"Portada","item":"https:\/\/www.espai.es\/blog\/"},{"@type":"ListItem","position":2,"name":"\u00a1Hola mundo!"}]},{"@type":"WebSite","@id":"https:\/\/www.espai.es\/blog\/#website","url":"https:\/\/www.espai.es\/blog\/","name":"Blog Escola Espai","description":"","potentialAction":[{"@type":"SearchAction","target":{"@type":"EntryPoint","urlTemplate":"https:\/\/www.espai.es\/blog\/?s={search_term_string}"},"query-input":{"@type":"PropertyValueSpecification","valueRequired":true,"valueName":"search_term_string"}}],"inLanguage":"es"},{"@type":"Person","@id":"https:\/\/www.espai.es\/blog\/#\/schema\/person\/68bce54bebac5efb40918f2f71822d27","name":"David S\u00e1nchez","image":{"@type":"ImageObject","inLanguage":"es","@id":"https:\/\/www.espai.es\/blog\/#\/schema\/person\/image\/","url":"https:\/\/secure.gravatar.com\/avatar\/496fe00098e4153114211ffa48f7c54a3900194ee90e49152ee5e4b276384c31?s=96&d=mm&r=g","contentUrl":"https:\/\/secure.gravatar.com\/avatar\/496fe00098e4153114211ffa48f7c54a3900194ee90e49152ee5e4b276384c31?s=96&d=mm&r=g","caption":"David S\u00e1nchez"},"url":"https:\/\/www.espai.es\/blog\/author\/d-sanchez\/"}]}},"jetpack_featured_media_url":"","jetpack_sharing_enabled":true,"_links":{"self":[{"href":"https:\/\/www.espai.es\/blog\/wp-json\/wp\/v2\/posts\/923","targetHints":{"allow":["GET"]}}],"collection":[{"href":"https:\/\/www.espai.es\/blog\/wp-json\/wp\/v2\/posts"}],"about":[{"href":"https:\/\/www.espai.es\/blog\/wp-json\/wp\/v2\/types\/post"}],"author":[{"embeddable":true,"href":"https:\/\/www.espai.es\/blog\/wp-json\/wp\/v2\/users\/17"}],"replies":[{"embeddable":true,"href":"https:\/\/www.espai.es\/blog\/wp-json\/wp\/v2\/comments?post=923"}],"version-history":[{"count":10,"href":"https:\/\/www.espai.es\/blog\/wp-json\/wp\/v2\/posts\/923\/revisions"}],"predecessor-version":[{"id":15123,"href":"https:\/\/www.espai.es\/blog\/wp-json\/wp\/v2\/posts\/923\/revisions\/15123"}],"wp:attachment":[{"href":"https:\/\/www.espai.es\/blog\/wp-json\/wp\/v2\/media?parent=923"}],"wp:term":[{"taxonomy":"category","embeddable":true,"href":"https:\/\/www.espai.es\/blog\/wp-json\/wp\/v2\/categories?post=923"},{"taxonomy":"post_tag","embeddable":true,"href":"https:\/\/www.espai.es\/blog\/wp-json\/wp\/v2\/tags?post=923"}],"curies":[{"name":"wp","href":"https:\/\/api.w.org\/{rel}","templated":true}]}}