{"id":743,"date":"2013-05-10T11:38:25","date_gmt":"2013-05-10T09:38:25","guid":{"rendered":"http:\/\/www.espai.es\/blog\/?p=743"},"modified":"2014-02-28T23:00:16","modified_gmt":"2014-02-28T21:00:16","slug":"la-nasa-cambia-windows-por-linux-en-la-estacion-espacial-internacional","status":"publish","type":"post","link":"https:\/\/www.espai.es\/blog\/2013\/05\/la-nasa-cambia-windows-por-linux-en-la-estacion-espacial-internacional\/","title":{"rendered":"La NASA cambia Windows por Linux en la Estaci\u00f3n Espacial Internacional"},"content":{"rendered":"<h1>La NASA cambia Windows por Linux en la Estaci\u00f3n Espacial Internacional (ISS)<\/h1>\n<p><a title=\"La NASA cambia de sistema operativo de Windows a Linux en la Estaci\u00f3n Espacial Internacional (ISS).\" rel=\"imagenes\" href=\"http:\/\/www.espai.es\/blog\/wp-content\/uploads\/2013\/05\/120002-753-500.jpg\" target=\"_blank\"> <img loading=\"lazy\" decoding=\"async\" title=\"La NASA cambia de sistema operativo de Windows a Linux en la Estaci\u00f3n Espacial Internacional (ISS).\" src=\"http:\/\/www.espai.es\/blog\/wp-content\/uploads\/2013\/05\/120002-620-282.jpg\" alt=\"La NASA cambia de sistema operativo de Windows a Linux en la Estaci\u00f3n Espacial Internacional (ISS).\" width=\"620\" height=\"282\" \/><\/a><\/p>\n<p><a title=\"La NASA cambia de sistema operativo de Windows a Linux en la Estaci\u00f3n Espacial Internacional (ISS).\" rel=\"imagenes\" href=\"http:\/\/www.espai.es\/blog\/wp-content\/uploads\/2013\/05\/120002-753-500.jpg\" target=\"_blank\"><\/p>\n<div>La NASA cambia de sistema operativo de Windows a Linux en la Estaci\u00f3n Espacial Internacional (ISS). (NASA)<\/div>\n<p><\/a><\/p>\n<p><a title=\"La NASA cambia de sistema operativo de Windows a Linux en la Estaci\u00f3n Espacial Internacional (ISS).\" rel=\"imagenes\" href=\"http:\/\/www.espai.es\/blog\/wp-content\/uploads\/2013\/05\/120002-753-500.jpg\" target=\"_blank\">Ampliar <\/a><\/p>\n<div>\n<ul>\n<li>Sigue la guerra de sistemas operativos: <a href=\"http:\/\/www.20minutos.es\/noticia\/1633853\/0\/pentagono\/blackberry\/seguridad\/\">en el Pent\u00e1gono tambi\u00e9n cambiaron los dispositivos blackberry por Apple<\/a>.<\/li>\n<li>La migraci\u00f3n se va a llevar a cabo en los equipos personales de los astronautas de la Estaci\u00f3n Espacial Internacional.<\/li>\n<li>La capacidad de Linux ayudar\u00e1 a los desarrolladores de la NASA a asegurar que R2 pueda ser una adici\u00f3n productiva de la ISS.<\/li>\n<\/ul>\n<\/div>\n<p>&nbsp;<\/p>\n","protected":false},"excerpt":{"rendered":"<p>La NASA cambia Windows por Linux en la Estaci\u00f3n Espacial Internacional (ISS) La NASA cambia de sistema operativo de Windows a Linux en la Estaci\u00f3n Espacial Internacional (ISS). (NASA) Ampliar Sigue la guerra de sistemas operativos: en el Pent\u00e1gono tambi\u00e9n cambiaron los dispositivos blackberry por&#8230;<\/p>\n","protected":false},"author":12,"featured_media":0,"comment_status":"closed","ping_status":"open","sticky":false,"template":"","format":"standard","meta":{"_monsterinsights_skip_tracking":false,"_monsterinsights_sitenote_active":false,"_monsterinsights_sitenote_note":"","_monsterinsights_sitenote_category":0,"jetpack_post_was_ever_published":false,"_jetpack_newsletter_access":"","_jetpack_dont_email_post_to_subs":false,"_jetpack_newsletter_tier_id":0,"_jetpack_memberships_contains_paywalled_content":false,"_ef_editorial_meta_date_first-draft-date":"","_ef_editorial_meta_paragraph_assignment":"","_ef_editorial_meta_checkbox_needs-photo":"","_ef_editorial_meta_number_word-count":"","_jetpack_memberships_contains_paid_content":false,"footnotes":""},"categories":[74,5,73,184],"tags":[],"class_list":["post-743","post","type-post","status-publish","format-standard","hentry","category-hardware","category-programacion","category-redes","category-sistemas-2"],"yoast_head":"<!-- This site is optimized with the Yoast SEO plugin v27.1.1 - https:\/\/yoast.com\/product\/yoast-seo-wordpress\/ -->\n<title>La NASA cambia Windows por Linux en la Estaci\u00f3n Espacial Internacional - Blog Escola Espai<\/title>\n<meta name=\"robots\" content=\"index, follow, max-snippet:-1, max-image-preview:large, max-video-preview:-1\" \/>\n<link rel=\"canonical\" href=\"https:\/\/www.espai.es\/blog\/2013\/05\/la-nasa-cambia-windows-por-linux-en-la-estacion-espacial-internacional\/\" \/>\n<meta property=\"og:locale\" content=\"es_ES\" \/>\n<meta property=\"og:type\" content=\"article\" \/>\n<meta property=\"og:title\" content=\"La NASA cambia Windows por Linux en la Estaci\u00f3n Espacial Internacional - Blog Escola Espai\" \/>\n<meta property=\"og:description\" content=\"La NASA cambia Windows por Linux en la Estaci\u00f3n Espacial Internacional (ISS) La NASA cambia de sistema operativo de Windows a Linux en la Estaci\u00f3n Espacial Internacional (ISS). (NASA) Ampliar Sigue la guerra de sistemas operativos: en el Pent\u00e1gono tambi\u00e9n cambiaron los dispositivos blackberry por...\" \/>\n<meta property=\"og:url\" content=\"https:\/\/www.espai.es\/blog\/2013\/05\/la-nasa-cambia-windows-por-linux-en-la-estacion-espacial-internacional\/\" \/>\n<meta property=\"og:site_name\" content=\"Blog Escola Espai\" \/>\n<meta property=\"article:published_time\" content=\"2013-05-10T09:38:25+00:00\" \/>\n<meta property=\"article:modified_time\" content=\"2014-02-28T21:00:16+00:00\" \/>\n<meta property=\"og:image\" content=\"http:\/\/www.espai.es\/blog\/wp-content\/uploads\/2013\/05\/120002-620-282.jpg\" \/>\n<meta name=\"author\" content=\"Jordi de los Mozos\" \/>\n<meta name=\"twitter:card\" content=\"summary_large_image\" \/>\n<meta name=\"twitter:label1\" content=\"Escrito por\" \/>\n\t<meta name=\"twitter:data1\" content=\"Jordi de los Mozos\" \/>\n<script type=\"application\/ld+json\" class=\"yoast-schema-graph\">{\"@context\":\"https:\/\/schema.org\",\"@graph\":[{\"@type\":\"Article\",\"@id\":\"https:\/\/www.espai.es\/blog\/2013\/05\/la-nasa-cambia-windows-por-linux-en-la-estacion-espacial-internacional\/#article\",\"isPartOf\":{\"@id\":\"https:\/\/www.espai.es\/blog\/2013\/05\/la-nasa-cambia-windows-por-linux-en-la-estacion-espacial-internacional\/\"},\"author\":{\"name\":\"Jordi de los Mozos\",\"@id\":\"https:\/\/www.espai.es\/blog\/#\/schema\/person\/e25788957477d7eddc3ed214ba95267d\"},\"headline\":\"La NASA cambia Windows por Linux en la Estaci\u00f3n Espacial Internacional\",\"datePublished\":\"2013-05-10T09:38:25+00:00\",\"dateModified\":\"2014-02-28T21:00:16+00:00\",\"mainEntityOfPage\":{\"@id\":\"https:\/\/www.espai.es\/blog\/2013\/05\/la-nasa-cambia-windows-por-linux-en-la-estacion-espacial-internacional\/\"},\"wordCount\":109,\"image\":{\"@id\":\"https:\/\/www.espai.es\/blog\/2013\/05\/la-nasa-cambia-windows-por-linux-en-la-estacion-espacial-internacional\/#primaryimage\"},\"thumbnailUrl\":\"http:\/\/www.espai.es\/blog\/wp-content\/uploads\/2013\/05\/120002-620-282.jpg\",\"articleSection\":[\"Hardware\",\"Programaci\u00f3n\",\"Redes\",\"Sistemas\"],\"inLanguage\":\"es\"},{\"@type\":\"WebPage\",\"@id\":\"https:\/\/www.espai.es\/blog\/2013\/05\/la-nasa-cambia-windows-por-linux-en-la-estacion-espacial-internacional\/\",\"url\":\"https:\/\/www.espai.es\/blog\/2013\/05\/la-nasa-cambia-windows-por-linux-en-la-estacion-espacial-internacional\/\",\"name\":\"La NASA cambia Windows por Linux en la Estaci\u00f3n Espacial Internacional - Blog Escola Espai\",\"isPartOf\":{\"@id\":\"https:\/\/www.espai.es\/blog\/#website\"},\"primaryImageOfPage\":{\"@id\":\"https:\/\/www.espai.es\/blog\/2013\/05\/la-nasa-cambia-windows-por-linux-en-la-estacion-espacial-internacional\/#primaryimage\"},\"image\":{\"@id\":\"https:\/\/www.espai.es\/blog\/2013\/05\/la-nasa-cambia-windows-por-linux-en-la-estacion-espacial-internacional\/#primaryimage\"},\"thumbnailUrl\":\"http:\/\/www.espai.es\/blog\/wp-content\/uploads\/2013\/05\/120002-620-282.jpg\",\"datePublished\":\"2013-05-10T09:38:25+00:00\",\"dateModified\":\"2014-02-28T21:00:16+00:00\",\"author\":{\"@id\":\"https:\/\/www.espai.es\/blog\/#\/schema\/person\/e25788957477d7eddc3ed214ba95267d\"},\"breadcrumb\":{\"@id\":\"https:\/\/www.espai.es\/blog\/2013\/05\/la-nasa-cambia-windows-por-linux-en-la-estacion-espacial-internacional\/#breadcrumb\"},\"inLanguage\":\"es\",\"potentialAction\":[{\"@type\":\"ReadAction\",\"target\":[\"https:\/\/www.espai.es\/blog\/2013\/05\/la-nasa-cambia-windows-por-linux-en-la-estacion-espacial-internacional\/\"]}]},{\"@type\":\"ImageObject\",\"inLanguage\":\"es\",\"@id\":\"https:\/\/www.espai.es\/blog\/2013\/05\/la-nasa-cambia-windows-por-linux-en-la-estacion-espacial-internacional\/#primaryimage\",\"url\":\"http:\/\/www.espai.es\/blog\/wp-content\/uploads\/2013\/05\/120002-620-282.jpg\",\"contentUrl\":\"http:\/\/www.espai.es\/blog\/wp-content\/uploads\/2013\/05\/120002-620-282.jpg\"},{\"@type\":\"BreadcrumbList\",\"@id\":\"https:\/\/www.espai.es\/blog\/2013\/05\/la-nasa-cambia-windows-por-linux-en-la-estacion-espacial-internacional\/#breadcrumb\",\"itemListElement\":[{\"@type\":\"ListItem\",\"position\":1,\"name\":\"Portada\",\"item\":\"https:\/\/www.espai.es\/blog\/\"},{\"@type\":\"ListItem\",\"position\":2,\"name\":\"La NASA cambia Windows por Linux en la Estaci\u00f3n Espacial Internacional\"}]},{\"@type\":\"WebSite\",\"@id\":\"https:\/\/www.espai.es\/blog\/#website\",\"url\":\"https:\/\/www.espai.es\/blog\/\",\"name\":\"Blog Escola Espai\",\"description\":\"\",\"potentialAction\":[{\"@type\":\"SearchAction\",\"target\":{\"@type\":\"EntryPoint\",\"urlTemplate\":\"https:\/\/www.espai.es\/blog\/?s={search_term_string}\"},\"query-input\":{\"@type\":\"PropertyValueSpecification\",\"valueRequired\":true,\"valueName\":\"search_term_string\"}}],\"inLanguage\":\"es\"},{\"@type\":\"Person\",\"@id\":\"https:\/\/www.espai.es\/blog\/#\/schema\/person\/e25788957477d7eddc3ed214ba95267d\",\"name\":\"Jordi de los Mozos\",\"image\":{\"@type\":\"ImageObject\",\"inLanguage\":\"es\",\"@id\":\"https:\/\/www.espai.es\/blog\/#\/schema\/person\/image\/\",\"url\":\"https:\/\/secure.gravatar.com\/avatar\/f91ccec5a4515dc2d87a45492f5c12f36d08748b582fc2d8165a0dd1c6395073?s=96&d=mm&r=g\",\"contentUrl\":\"https:\/\/secure.gravatar.com\/avatar\/f91ccec5a4515dc2d87a45492f5c12f36d08748b582fc2d8165a0dd1c6395073?s=96&d=mm&r=g\",\"caption\":\"Jordi de los Mozos\"},\"sameAs\":[\"http:\/\/www.espai.es\"],\"url\":\"https:\/\/www.espai.es\/blog\/author\/jordi\/\"}]}<\/script>\n<!-- \/ Yoast SEO plugin. -->","yoast_head_json":{"title":"La NASA cambia Windows por Linux en la Estaci\u00f3n Espacial Internacional - Blog Escola Espai","robots":{"index":"index","follow":"follow","max-snippet":"max-snippet:-1","max-image-preview":"max-image-preview:large","max-video-preview":"max-video-preview:-1"},"canonical":"https:\/\/www.espai.es\/blog\/2013\/05\/la-nasa-cambia-windows-por-linux-en-la-estacion-espacial-internacional\/","og_locale":"es_ES","og_type":"article","og_title":"La NASA cambia Windows por Linux en la Estaci\u00f3n Espacial Internacional - Blog Escola Espai","og_description":"La NASA cambia Windows por Linux en la Estaci\u00f3n Espacial Internacional (ISS) La NASA cambia de sistema operativo de Windows a Linux en la Estaci\u00f3n Espacial Internacional (ISS). (NASA) Ampliar Sigue la guerra de sistemas operativos: en el Pent\u00e1gono tambi\u00e9n cambiaron los dispositivos blackberry por...","og_url":"https:\/\/www.espai.es\/blog\/2013\/05\/la-nasa-cambia-windows-por-linux-en-la-estacion-espacial-internacional\/","og_site_name":"Blog Escola Espai","article_published_time":"2013-05-10T09:38:25+00:00","article_modified_time":"2014-02-28T21:00:16+00:00","og_image":[{"url":"http:\/\/www.espai.es\/blog\/wp-content\/uploads\/2013\/05\/120002-620-282.jpg","type":"","width":"","height":""}],"author":"Jordi de los Mozos","twitter_card":"summary_large_image","twitter_misc":{"Escrito por":"Jordi de los Mozos"},"schema":{"@context":"https:\/\/schema.org","@graph":[{"@type":"Article","@id":"https:\/\/www.espai.es\/blog\/2013\/05\/la-nasa-cambia-windows-por-linux-en-la-estacion-espacial-internacional\/#article","isPartOf":{"@id":"https:\/\/www.espai.es\/blog\/2013\/05\/la-nasa-cambia-windows-por-linux-en-la-estacion-espacial-internacional\/"},"author":{"name":"Jordi de los Mozos","@id":"https:\/\/www.espai.es\/blog\/#\/schema\/person\/e25788957477d7eddc3ed214ba95267d"},"headline":"La NASA cambia Windows por Linux en la Estaci\u00f3n Espacial Internacional","datePublished":"2013-05-10T09:38:25+00:00","dateModified":"2014-02-28T21:00:16+00:00","mainEntityOfPage":{"@id":"https:\/\/www.espai.es\/blog\/2013\/05\/la-nasa-cambia-windows-por-linux-en-la-estacion-espacial-internacional\/"},"wordCount":109,"image":{"@id":"https:\/\/www.espai.es\/blog\/2013\/05\/la-nasa-cambia-windows-por-linux-en-la-estacion-espacial-internacional\/#primaryimage"},"thumbnailUrl":"http:\/\/www.espai.es\/blog\/wp-content\/uploads\/2013\/05\/120002-620-282.jpg","articleSection":["Hardware","Programaci\u00f3n","Redes","Sistemas"],"inLanguage":"es"},{"@type":"WebPage","@id":"https:\/\/www.espai.es\/blog\/2013\/05\/la-nasa-cambia-windows-por-linux-en-la-estacion-espacial-internacional\/","url":"https:\/\/www.espai.es\/blog\/2013\/05\/la-nasa-cambia-windows-por-linux-en-la-estacion-espacial-internacional\/","name":"La NASA cambia Windows por Linux en la Estaci\u00f3n Espacial Internacional - Blog Escola Espai","isPartOf":{"@id":"https:\/\/www.espai.es\/blog\/#website"},"primaryImageOfPage":{"@id":"https:\/\/www.espai.es\/blog\/2013\/05\/la-nasa-cambia-windows-por-linux-en-la-estacion-espacial-internacional\/#primaryimage"},"image":{"@id":"https:\/\/www.espai.es\/blog\/2013\/05\/la-nasa-cambia-windows-por-linux-en-la-estacion-espacial-internacional\/#primaryimage"},"thumbnailUrl":"http:\/\/www.espai.es\/blog\/wp-content\/uploads\/2013\/05\/120002-620-282.jpg","datePublished":"2013-05-10T09:38:25+00:00","dateModified":"2014-02-28T21:00:16+00:00","author":{"@id":"https:\/\/www.espai.es\/blog\/#\/schema\/person\/e25788957477d7eddc3ed214ba95267d"},"breadcrumb":{"@id":"https:\/\/www.espai.es\/blog\/2013\/05\/la-nasa-cambia-windows-por-linux-en-la-estacion-espacial-internacional\/#breadcrumb"},"inLanguage":"es","potentialAction":[{"@type":"ReadAction","target":["https:\/\/www.espai.es\/blog\/2013\/05\/la-nasa-cambia-windows-por-linux-en-la-estacion-espacial-internacional\/"]}]},{"@type":"ImageObject","inLanguage":"es","@id":"https:\/\/www.espai.es\/blog\/2013\/05\/la-nasa-cambia-windows-por-linux-en-la-estacion-espacial-internacional\/#primaryimage","url":"http:\/\/www.espai.es\/blog\/wp-content\/uploads\/2013\/05\/120002-620-282.jpg","contentUrl":"http:\/\/www.espai.es\/blog\/wp-content\/uploads\/2013\/05\/120002-620-282.jpg"},{"@type":"BreadcrumbList","@id":"https:\/\/www.espai.es\/blog\/2013\/05\/la-nasa-cambia-windows-por-linux-en-la-estacion-espacial-internacional\/#breadcrumb","itemListElement":[{"@type":"ListItem","position":1,"name":"Portada","item":"https:\/\/www.espai.es\/blog\/"},{"@type":"ListItem","position":2,"name":"La NASA cambia Windows por Linux en la Estaci\u00f3n Espacial Internacional"}]},{"@type":"WebSite","@id":"https:\/\/www.espai.es\/blog\/#website","url":"https:\/\/www.espai.es\/blog\/","name":"Blog Escola Espai","description":"","potentialAction":[{"@type":"SearchAction","target":{"@type":"EntryPoint","urlTemplate":"https:\/\/www.espai.es\/blog\/?s={search_term_string}"},"query-input":{"@type":"PropertyValueSpecification","valueRequired":true,"valueName":"search_term_string"}}],"inLanguage":"es"},{"@type":"Person","@id":"https:\/\/www.espai.es\/blog\/#\/schema\/person\/e25788957477d7eddc3ed214ba95267d","name":"Jordi de los Mozos","image":{"@type":"ImageObject","inLanguage":"es","@id":"https:\/\/www.espai.es\/blog\/#\/schema\/person\/image\/","url":"https:\/\/secure.gravatar.com\/avatar\/f91ccec5a4515dc2d87a45492f5c12f36d08748b582fc2d8165a0dd1c6395073?s=96&d=mm&r=g","contentUrl":"https:\/\/secure.gravatar.com\/avatar\/f91ccec5a4515dc2d87a45492f5c12f36d08748b582fc2d8165a0dd1c6395073?s=96&d=mm&r=g","caption":"Jordi de los Mozos"},"sameAs":["http:\/\/www.espai.es"],"url":"https:\/\/www.espai.es\/blog\/author\/jordi\/"}]}},"jetpack_featured_media_url":"","jetpack_sharing_enabled":true,"_links":{"self":[{"href":"https:\/\/www.espai.es\/blog\/wp-json\/wp\/v2\/posts\/743","targetHints":{"allow":["GET"]}}],"collection":[{"href":"https:\/\/www.espai.es\/blog\/wp-json\/wp\/v2\/posts"}],"about":[{"href":"https:\/\/www.espai.es\/blog\/wp-json\/wp\/v2\/types\/post"}],"author":[{"embeddable":true,"href":"https:\/\/www.espai.es\/blog\/wp-json\/wp\/v2\/users\/12"}],"replies":[{"embeddable":true,"href":"https:\/\/www.espai.es\/blog\/wp-json\/wp\/v2\/comments?post=743"}],"version-history":[{"count":5,"href":"https:\/\/www.espai.es\/blog\/wp-json\/wp\/v2\/posts\/743\/revisions"}],"predecessor-version":[{"id":2064,"href":"https:\/\/www.espai.es\/blog\/wp-json\/wp\/v2\/posts\/743\/revisions\/2064"}],"wp:attachment":[{"href":"https:\/\/www.espai.es\/blog\/wp-json\/wp\/v2\/media?parent=743"}],"wp:term":[{"taxonomy":"category","embeddable":true,"href":"https:\/\/www.espai.es\/blog\/wp-json\/wp\/v2\/categories?post=743"},{"taxonomy":"post_tag","embeddable":true,"href":"https:\/\/www.espai.es\/blog\/wp-json\/wp\/v2\/tags?post=743"}],"curies":[{"name":"wp","href":"https:\/\/api.w.org\/{rel}","templated":true}]}}