{"id":733,"date":"2013-04-26T12:12:34","date_gmt":"2013-04-26T10:12:34","guid":{"rendered":"http:\/\/www.espai.es\/blog\/?p=733"},"modified":"2014-02-28T23:00:19","modified_gmt":"2014-02-28T21:00:19","slug":"el-ataque-de-las-nubes-adobe-creative-cloud","status":"publish","type":"post","link":"https:\/\/www.espai.es\/blog\/2013\/04\/el-ataque-de-las-nubes-adobe-creative-cloud\/","title":{"rendered":"El Ataque de las Nubes (Adobe Creative Cloud)"},"content":{"rendered":"<p><a href=\"http:\/\/www.espai.es\/blog\/wp-content\/uploads\/2013\/04\/Unknown.jpeg\"><img loading=\"lazy\" decoding=\"async\" src=\"http:\/\/www.espai.es\/blog\/wp-content\/uploads\/2013\/04\/Unknown-300x132.jpg\" alt=\"Logo Adobe Creative Cloud\" width=\"300\" height=\"132\" class=\"aligncenter size-medium wp-image-734\" srcset=\"https:\/\/www.espai.es\/blog\/wp-content\/uploads\/2013\/04\/Unknown-300x132.jpg 300w, https:\/\/www.espai.es\/blog\/wp-content\/uploads\/2013\/04\/Unknown.jpeg 338w\" sizes=\"auto, (max-width: 300px) 100vw, 300px\" \/><\/a><br \/>\nDurante el a\u00f1o pasado, hemos estado viviendo el ataque de las nubes, como yo digo, que quiere decir esto; estamos en medio de una carrera que a mi me recuerda a la carrera espacial de los a\u00f1os 50 entre USA y la URSS, estamos a ver quien llena antes el espacio virtual y se apodera de el. Otro d\u00eda ya hablare sobre lo que yo opino de esta especie de obsesi\u00f3n, por lo virtual, pero hoy vamos a dedicarnos un poco a nuestro querido amigo Adobe.<br \/>\nCon el cambio a la Creative Suite 6, Adobe Systems tuvo la idea de decir, aprovechemos la nube, y dicho y hecho sacaron un peque\u00f1o embri\u00f3n, Adobe Muse, un editor de paginas web en la nube.<br \/>\n\u00bfQue quiere decir esto? Que tu como usuario, \u00abalquilabas\u00bb durante un tiempo la licencia y uso del software, en la nube.<br \/>\n\u00bfQue ventajas tenia? El hecho de no tener que comprar un software para un trabajo \u00abtemporal\u00bb, o sea si yo no me dedico a tiempo completo al trabajo de paginas web, pero me entre un encargo, podr\u00eda pagar solo por el tiempo de uso del mismo, con lo que pagar por lo que utilizas. Adem\u00e1s de que pod\u00edas llevar el programa donde quisieras, o sea, ibas a visitar al cliente y pod\u00edas trabajar en sus equipos para realizar modificaciones sin necesidad de instalar el software en sus equipos.<br \/>\nA fecha de hoy no solo tenemos disponible ese programa (por otro lado, \u00fanicamente disponible v\u00eda \u00abnube\u00bb, o sea sin distribuci\u00f3n ni instalador f\u00edsico), sino que ya tenemos disponible todo lo que seria el equivalente a la famosa Adobe Master Collecti\u00f3n.<\/p>\n<p>Llegados a este punto, que ventajas podemos tener sobre la instalaci\u00f3n f\u00edsica, si usamos la versi\u00f3n Cloud. Bueno, sin entrar en man\u00edas conspiranoides, de esas que gustan a algunos sobre el control de la red, y cosas de esas, lo que esta claro es que no tenemos que hacer un desembolso tan exagerado a la hora de comprar las licencias como a nivel f\u00edsico:<br \/>\nAdobe Creative Master Collection 3.628&#8217;79 \u20ac vs. 61&#8217;49 \u20ac mensuales.<\/p>\n<p>En realidad tenemos dos tarifas, 24&#8217;59 \u20ac mes. (2Gb de almacenamiento en la nube y acceso limitado) por una aplicaci\u00f3n \u00fanica (pongamos por ejemplo) yo necesito hacer un trabajo X con una aplicaci\u00f3n que normalmente no suelo usar mucho, puedo pagar durante ese mes el uso de ese programa, y una vez terminado el trabajo, dejar de usar (y pagar) ese programa. La de 61,49 requiere un compromiso anual, lo que serian 737&#8217;88 \u20ac a\u00f1o (20Gb de almacenamiento, acceso completo). No solo saldr\u00eda mas econ\u00f3mico sino, que te garantizan la actualizaci\u00f3n del software, con lo que en vez de aguantar el software que hemos comprado para estirar al m\u00e1ximo la inversi\u00f3n realizada, siempre tendremos la ultima versi\u00f3n del producto. No esta mal.<\/p>\n<p>La comparativa no solo sale ganando el Cloud a nivel econ\u00f3mico, sino que tambi\u00e9n a nivel de software, veamos como va la cosa:<\/p>\n<p>Adobe Creative Master Collecti\u00f3n:<br \/>\nPhotoshop Extended, Illustrator, InDesign (sin la Digital Publishing Suite), Acrobat, Flash Profesional, Flash Builder, Dreamweaver, Fireworks, Premiere Pro, After Effects, Audition, Speed Grade, Prelude, Encore, Bridge y Media Encoder.<\/p>\n<p>Adobe Creative Cloud:<br \/>\nMaster Collection mas Adobe Muse, Servicios y Herramientas de Edge Tools, Business Catalyst, Typekit, PhoneGap Build, Story Plus y Lightroom.<\/p>\n<p>Como pod\u00e9is ver realmente la oferta es mucho mas amplia, y abarca ciertos softwares que de otra manera no podr\u00edais acceder a ellos, ya que son exclusivos del Cloud. <\/p>\n<p>A mi parecer, las opciones de Cloud son muy golosas y est\u00e1n muy bien, pero (siempre hay un pero) considero que es un poco un agravio comparativo, para las personas que no usen Cloud, en casos como por ejemplo una buena cobertura tecnol\u00f3gica para su zona, esto tal vez este muy bien para los USA, pero recordemos que estamos en Espa\u00f1a, hay sitios que aun no tienen ni tel\u00e9fono, con lo que una red de alta velocidad es una quimera, y obviamente toda la Creative Cloud esta en la nube, no en tu equipo, con lo que si tienes un trabajo de mucho peso en Mb y una cobertura made in Spain, probablemente puedas acabar de los nervios. <\/p>\n","protected":false},"excerpt":{"rendered":"<p>Durante el a\u00f1o pasado, hemos estado viviendo el ataque de las nubes, como yo digo, que quiere decir esto; estamos en medio de una carrera que a mi me recuerda a la carrera espacial de los a\u00f1os 50 entre USA y la URSS, estamos a&#8230;<\/p>\n","protected":false},"author":2,"featured_media":0,"comment_status":"closed","ping_status":"open","sticky":false,"template":"","format":"standard","meta":{"_monsterinsights_skip_tracking":false,"_monsterinsights_sitenote_active":false,"_monsterinsights_sitenote_note":"","_monsterinsights_sitenote_category":0,"jetpack_post_was_ever_published":false,"_jetpack_newsletter_access":"","_jetpack_dont_email_post_to_subs":false,"_jetpack_newsletter_tier_id":0,"_jetpack_memberships_contains_paywalled_content":false,"_ef_editorial_meta_date_first-draft-date":"","_ef_editorial_meta_paragraph_assignment":"","_ef_editorial_meta_checkbox_needs-photo":"","_ef_editorial_meta_number_word-count":"","_jetpack_memberships_contains_paid_content":false,"footnotes":""},"categories":[8,73],"tags":[28,179,181,180],"class_list":["post-733","post","type-post","status-publish","format-standard","hentry","category-diseno-grafico","category-redes","tag-adobe","tag-creative-cloud","tag-nube","tag-software"],"yoast_head":"<!-- This site is optimized with the Yoast SEO plugin v27.1.1 - https:\/\/yoast.com\/product\/yoast-seo-wordpress\/ -->\n<title>El Ataque de las Nubes (Adobe Creative Cloud) - Blog Escola Espai<\/title>\n<meta name=\"robots\" content=\"index, follow, max-snippet:-1, max-image-preview:large, max-video-preview:-1\" \/>\n<link rel=\"canonical\" href=\"https:\/\/www.espai.es\/blog\/2013\/04\/el-ataque-de-las-nubes-adobe-creative-cloud\/\" \/>\n<meta property=\"og:locale\" content=\"es_ES\" \/>\n<meta property=\"og:type\" content=\"article\" \/>\n<meta property=\"og:title\" content=\"El Ataque de las Nubes (Adobe Creative Cloud) - Blog Escola Espai\" \/>\n<meta property=\"og:description\" content=\"Durante el a\u00f1o pasado, hemos estado viviendo el ataque de las nubes, como yo digo, que quiere decir esto; estamos en medio de una carrera que a mi me recuerda a la carrera espacial de los a\u00f1os 50 entre USA y la URSS, estamos a...\" \/>\n<meta property=\"og:url\" content=\"https:\/\/www.espai.es\/blog\/2013\/04\/el-ataque-de-las-nubes-adobe-creative-cloud\/\" \/>\n<meta property=\"og:site_name\" content=\"Blog Escola Espai\" \/>\n<meta property=\"article:published_time\" content=\"2013-04-26T10:12:34+00:00\" \/>\n<meta property=\"article:modified_time\" content=\"2014-02-28T21:00:19+00:00\" \/>\n<meta property=\"og:image\" content=\"https:\/\/www.espai.es\/blog\/wp-content\/uploads\/2013\/04\/Unknown.jpeg\" \/>\n\t<meta property=\"og:image:width\" content=\"338\" \/>\n\t<meta property=\"og:image:height\" content=\"149\" \/>\n\t<meta property=\"og:image:type\" content=\"image\/jpeg\" \/>\n<meta name=\"author\" content=\"Xavier Lara\" \/>\n<meta name=\"twitter:card\" content=\"summary_large_image\" \/>\n<meta name=\"twitter:label1\" content=\"Escrito por\" \/>\n\t<meta name=\"twitter:data1\" content=\"Xavier Lara\" \/>\n\t<meta name=\"twitter:label2\" content=\"Tiempo de lectura\" \/>\n\t<meta name=\"twitter:data2\" content=\"4 minutos\" \/>\n<script type=\"application\/ld+json\" class=\"yoast-schema-graph\">{\"@context\":\"https:\/\/schema.org\",\"@graph\":[{\"@type\":\"Article\",\"@id\":\"https:\/\/www.espai.es\/blog\/2013\/04\/el-ataque-de-las-nubes-adobe-creative-cloud\/#article\",\"isPartOf\":{\"@id\":\"https:\/\/www.espai.es\/blog\/2013\/04\/el-ataque-de-las-nubes-adobe-creative-cloud\/\"},\"author\":{\"name\":\"Xavier Lara\",\"@id\":\"https:\/\/www.espai.es\/blog\/#\/schema\/person\/f4b1b7f2b4d9546814581ba81276ae5f\"},\"headline\":\"El Ataque de las Nubes (Adobe Creative Cloud)\",\"datePublished\":\"2013-04-26T10:12:34+00:00\",\"dateModified\":\"2014-02-28T21:00:19+00:00\",\"mainEntityOfPage\":{\"@id\":\"https:\/\/www.espai.es\/blog\/2013\/04\/el-ataque-de-las-nubes-adobe-creative-cloud\/\"},\"wordCount\":728,\"image\":{\"@id\":\"https:\/\/www.espai.es\/blog\/2013\/04\/el-ataque-de-las-nubes-adobe-creative-cloud\/#primaryimage\"},\"thumbnailUrl\":\"http:\/\/www.espai.es\/blog\/wp-content\/uploads\/2013\/04\/Unknown-300x132.jpg\",\"keywords\":[\"Adobe\",\"Creative Cloud\",\"Nube\",\"Software\"],\"articleSection\":[\"Dise\u00f1o Gr\u00e1fico\",\"Redes\"],\"inLanguage\":\"es\"},{\"@type\":\"WebPage\",\"@id\":\"https:\/\/www.espai.es\/blog\/2013\/04\/el-ataque-de-las-nubes-adobe-creative-cloud\/\",\"url\":\"https:\/\/www.espai.es\/blog\/2013\/04\/el-ataque-de-las-nubes-adobe-creative-cloud\/\",\"name\":\"El Ataque de las Nubes (Adobe Creative Cloud) - Blog Escola Espai\",\"isPartOf\":{\"@id\":\"https:\/\/www.espai.es\/blog\/#website\"},\"primaryImageOfPage\":{\"@id\":\"https:\/\/www.espai.es\/blog\/2013\/04\/el-ataque-de-las-nubes-adobe-creative-cloud\/#primaryimage\"},\"image\":{\"@id\":\"https:\/\/www.espai.es\/blog\/2013\/04\/el-ataque-de-las-nubes-adobe-creative-cloud\/#primaryimage\"},\"thumbnailUrl\":\"http:\/\/www.espai.es\/blog\/wp-content\/uploads\/2013\/04\/Unknown-300x132.jpg\",\"datePublished\":\"2013-04-26T10:12:34+00:00\",\"dateModified\":\"2014-02-28T21:00:19+00:00\",\"author\":{\"@id\":\"https:\/\/www.espai.es\/blog\/#\/schema\/person\/f4b1b7f2b4d9546814581ba81276ae5f\"},\"breadcrumb\":{\"@id\":\"https:\/\/www.espai.es\/blog\/2013\/04\/el-ataque-de-las-nubes-adobe-creative-cloud\/#breadcrumb\"},\"inLanguage\":\"es\",\"potentialAction\":[{\"@type\":\"ReadAction\",\"target\":[\"https:\/\/www.espai.es\/blog\/2013\/04\/el-ataque-de-las-nubes-adobe-creative-cloud\/\"]}]},{\"@type\":\"ImageObject\",\"inLanguage\":\"es\",\"@id\":\"https:\/\/www.espai.es\/blog\/2013\/04\/el-ataque-de-las-nubes-adobe-creative-cloud\/#primaryimage\",\"url\":\"http:\/\/www.espai.es\/blog\/wp-content\/uploads\/2013\/04\/Unknown-300x132.jpg\",\"contentUrl\":\"http:\/\/www.espai.es\/blog\/wp-content\/uploads\/2013\/04\/Unknown-300x132.jpg\"},{\"@type\":\"BreadcrumbList\",\"@id\":\"https:\/\/www.espai.es\/blog\/2013\/04\/el-ataque-de-las-nubes-adobe-creative-cloud\/#breadcrumb\",\"itemListElement\":[{\"@type\":\"ListItem\",\"position\":1,\"name\":\"Portada\",\"item\":\"https:\/\/www.espai.es\/blog\/\"},{\"@type\":\"ListItem\",\"position\":2,\"name\":\"El Ataque de las Nubes (Adobe Creative Cloud)\"}]},{\"@type\":\"WebSite\",\"@id\":\"https:\/\/www.espai.es\/blog\/#website\",\"url\":\"https:\/\/www.espai.es\/blog\/\",\"name\":\"Blog Escola Espai\",\"description\":\"\",\"potentialAction\":[{\"@type\":\"SearchAction\",\"target\":{\"@type\":\"EntryPoint\",\"urlTemplate\":\"https:\/\/www.espai.es\/blog\/?s={search_term_string}\"},\"query-input\":{\"@type\":\"PropertyValueSpecification\",\"valueRequired\":true,\"valueName\":\"search_term_string\"}}],\"inLanguage\":\"es\"},{\"@type\":\"Person\",\"@id\":\"https:\/\/www.espai.es\/blog\/#\/schema\/person\/f4b1b7f2b4d9546814581ba81276ae5f\",\"name\":\"Xavier Lara\",\"image\":{\"@type\":\"ImageObject\",\"inLanguage\":\"es\",\"@id\":\"https:\/\/www.espai.es\/blog\/#\/schema\/person\/image\/\",\"url\":\"https:\/\/secure.gravatar.com\/avatar\/179d65a63022da125628e8d82fe6e32d4f8e1a2c77b044cd10cdee3f70a9d9bc?s=96&d=mm&r=g\",\"contentUrl\":\"https:\/\/secure.gravatar.com\/avatar\/179d65a63022da125628e8d82fe6e32d4f8e1a2c77b044cd10cdee3f70a9d9bc?s=96&d=mm&r=g\",\"caption\":\"Xavier Lara\"},\"sameAs\":[\"http:\/\/www.espai.es\"],\"url\":\"https:\/\/www.espai.es\/blog\/author\/xavier\/\"}]}<\/script>\n<!-- \/ Yoast SEO plugin. -->","yoast_head_json":{"title":"El Ataque de las Nubes (Adobe Creative Cloud) - Blog Escola Espai","robots":{"index":"index","follow":"follow","max-snippet":"max-snippet:-1","max-image-preview":"max-image-preview:large","max-video-preview":"max-video-preview:-1"},"canonical":"https:\/\/www.espai.es\/blog\/2013\/04\/el-ataque-de-las-nubes-adobe-creative-cloud\/","og_locale":"es_ES","og_type":"article","og_title":"El Ataque de las Nubes (Adobe Creative Cloud) - Blog Escola Espai","og_description":"Durante el a\u00f1o pasado, hemos estado viviendo el ataque de las nubes, como yo digo, que quiere decir esto; estamos en medio de una carrera que a mi me recuerda a la carrera espacial de los a\u00f1os 50 entre USA y la URSS, estamos a...","og_url":"https:\/\/www.espai.es\/blog\/2013\/04\/el-ataque-de-las-nubes-adobe-creative-cloud\/","og_site_name":"Blog Escola Espai","article_published_time":"2013-04-26T10:12:34+00:00","article_modified_time":"2014-02-28T21:00:19+00:00","og_image":[{"width":338,"height":149,"url":"https:\/\/www.espai.es\/blog\/wp-content\/uploads\/2013\/04\/Unknown.jpeg","type":"image\/jpeg"}],"author":"Xavier Lara","twitter_card":"summary_large_image","twitter_misc":{"Escrito por":"Xavier Lara","Tiempo de lectura":"4 minutos"},"schema":{"@context":"https:\/\/schema.org","@graph":[{"@type":"Article","@id":"https:\/\/www.espai.es\/blog\/2013\/04\/el-ataque-de-las-nubes-adobe-creative-cloud\/#article","isPartOf":{"@id":"https:\/\/www.espai.es\/blog\/2013\/04\/el-ataque-de-las-nubes-adobe-creative-cloud\/"},"author":{"name":"Xavier Lara","@id":"https:\/\/www.espai.es\/blog\/#\/schema\/person\/f4b1b7f2b4d9546814581ba81276ae5f"},"headline":"El Ataque de las Nubes (Adobe Creative Cloud)","datePublished":"2013-04-26T10:12:34+00:00","dateModified":"2014-02-28T21:00:19+00:00","mainEntityOfPage":{"@id":"https:\/\/www.espai.es\/blog\/2013\/04\/el-ataque-de-las-nubes-adobe-creative-cloud\/"},"wordCount":728,"image":{"@id":"https:\/\/www.espai.es\/blog\/2013\/04\/el-ataque-de-las-nubes-adobe-creative-cloud\/#primaryimage"},"thumbnailUrl":"http:\/\/www.espai.es\/blog\/wp-content\/uploads\/2013\/04\/Unknown-300x132.jpg","keywords":["Adobe","Creative Cloud","Nube","Software"],"articleSection":["Dise\u00f1o Gr\u00e1fico","Redes"],"inLanguage":"es"},{"@type":"WebPage","@id":"https:\/\/www.espai.es\/blog\/2013\/04\/el-ataque-de-las-nubes-adobe-creative-cloud\/","url":"https:\/\/www.espai.es\/blog\/2013\/04\/el-ataque-de-las-nubes-adobe-creative-cloud\/","name":"El Ataque de las Nubes (Adobe Creative Cloud) - Blog Escola Espai","isPartOf":{"@id":"https:\/\/www.espai.es\/blog\/#website"},"primaryImageOfPage":{"@id":"https:\/\/www.espai.es\/blog\/2013\/04\/el-ataque-de-las-nubes-adobe-creative-cloud\/#primaryimage"},"image":{"@id":"https:\/\/www.espai.es\/blog\/2013\/04\/el-ataque-de-las-nubes-adobe-creative-cloud\/#primaryimage"},"thumbnailUrl":"http:\/\/www.espai.es\/blog\/wp-content\/uploads\/2013\/04\/Unknown-300x132.jpg","datePublished":"2013-04-26T10:12:34+00:00","dateModified":"2014-02-28T21:00:19+00:00","author":{"@id":"https:\/\/www.espai.es\/blog\/#\/schema\/person\/f4b1b7f2b4d9546814581ba81276ae5f"},"breadcrumb":{"@id":"https:\/\/www.espai.es\/blog\/2013\/04\/el-ataque-de-las-nubes-adobe-creative-cloud\/#breadcrumb"},"inLanguage":"es","potentialAction":[{"@type":"ReadAction","target":["https:\/\/www.espai.es\/blog\/2013\/04\/el-ataque-de-las-nubes-adobe-creative-cloud\/"]}]},{"@type":"ImageObject","inLanguage":"es","@id":"https:\/\/www.espai.es\/blog\/2013\/04\/el-ataque-de-las-nubes-adobe-creative-cloud\/#primaryimage","url":"http:\/\/www.espai.es\/blog\/wp-content\/uploads\/2013\/04\/Unknown-300x132.jpg","contentUrl":"http:\/\/www.espai.es\/blog\/wp-content\/uploads\/2013\/04\/Unknown-300x132.jpg"},{"@type":"BreadcrumbList","@id":"https:\/\/www.espai.es\/blog\/2013\/04\/el-ataque-de-las-nubes-adobe-creative-cloud\/#breadcrumb","itemListElement":[{"@type":"ListItem","position":1,"name":"Portada","item":"https:\/\/www.espai.es\/blog\/"},{"@type":"ListItem","position":2,"name":"El Ataque de las Nubes (Adobe Creative Cloud)"}]},{"@type":"WebSite","@id":"https:\/\/www.espai.es\/blog\/#website","url":"https:\/\/www.espai.es\/blog\/","name":"Blog Escola Espai","description":"","potentialAction":[{"@type":"SearchAction","target":{"@type":"EntryPoint","urlTemplate":"https:\/\/www.espai.es\/blog\/?s={search_term_string}"},"query-input":{"@type":"PropertyValueSpecification","valueRequired":true,"valueName":"search_term_string"}}],"inLanguage":"es"},{"@type":"Person","@id":"https:\/\/www.espai.es\/blog\/#\/schema\/person\/f4b1b7f2b4d9546814581ba81276ae5f","name":"Xavier Lara","image":{"@type":"ImageObject","inLanguage":"es","@id":"https:\/\/www.espai.es\/blog\/#\/schema\/person\/image\/","url":"https:\/\/secure.gravatar.com\/avatar\/179d65a63022da125628e8d82fe6e32d4f8e1a2c77b044cd10cdee3f70a9d9bc?s=96&d=mm&r=g","contentUrl":"https:\/\/secure.gravatar.com\/avatar\/179d65a63022da125628e8d82fe6e32d4f8e1a2c77b044cd10cdee3f70a9d9bc?s=96&d=mm&r=g","caption":"Xavier Lara"},"sameAs":["http:\/\/www.espai.es"],"url":"https:\/\/www.espai.es\/blog\/author\/xavier\/"}]}},"jetpack_featured_media_url":"","jetpack_sharing_enabled":true,"_links":{"self":[{"href":"https:\/\/www.espai.es\/blog\/wp-json\/wp\/v2\/posts\/733","targetHints":{"allow":["GET"]}}],"collection":[{"href":"https:\/\/www.espai.es\/blog\/wp-json\/wp\/v2\/posts"}],"about":[{"href":"https:\/\/www.espai.es\/blog\/wp-json\/wp\/v2\/types\/post"}],"author":[{"embeddable":true,"href":"https:\/\/www.espai.es\/blog\/wp-json\/wp\/v2\/users\/2"}],"replies":[{"embeddable":true,"href":"https:\/\/www.espai.es\/blog\/wp-json\/wp\/v2\/comments?post=733"}],"version-history":[{"count":5,"href":"https:\/\/www.espai.es\/blog\/wp-json\/wp\/v2\/posts\/733\/revisions"}],"predecessor-version":[{"id":2066,"href":"https:\/\/www.espai.es\/blog\/wp-json\/wp\/v2\/posts\/733\/revisions\/2066"}],"wp:attachment":[{"href":"https:\/\/www.espai.es\/blog\/wp-json\/wp\/v2\/media?parent=733"}],"wp:term":[{"taxonomy":"category","embeddable":true,"href":"https:\/\/www.espai.es\/blog\/wp-json\/wp\/v2\/categories?post=733"},{"taxonomy":"post_tag","embeddable":true,"href":"https:\/\/www.espai.es\/blog\/wp-json\/wp\/v2\/tags?post=733"}],"curies":[{"name":"wp","href":"https:\/\/api.w.org\/{rel}","templated":true}]}}