{"id":660,"date":"2012-11-29T11:55:56","date_gmt":"2012-11-29T09:55:56","guid":{"rendered":"http:\/\/www.espai.es\/blog\/?p=660"},"modified":"2013-11-12T12:10:55","modified_gmt":"2013-11-12T10:10:55","slug":"festival-europeo-de-cine-online-%c2%bfquien-dijo-que-el-cine-era-caro","status":"publish","type":"post","link":"https:\/\/www.espai.es\/blog\/2012\/11\/festival-europeo-de-cine-online-%c2%bfquien-dijo-que-el-cine-era-caro\/","title":{"rendered":"Festival Europeo de Cine Online \u00bfQui\u00e9n dijo que el cine era caro?"},"content":{"rendered":"<p>Durante TODO el mes de Diciembre, se realiza el Festival Europeo de Cine Online, en el que se presentan 15 pel\u00edculas de 7 pa\u00edses, y que podemos disfrutar por un precio muy econ\u00f3mico.<\/p>\n<p>En estos momentos en los que los t\u00edtulos de cartelera no presentan muchas novedades interesantes, seguro que el aficionado al cine o incluso el cin\u00e9filo podr\u00e1 encontrar alg\u00fan t\u00edtulo de su agrado a un precio muy razonable.<\/p>\n<p>Podr\u00eda ser un regalo diferente y entretenido para el grupo de amig@s: vosotr@s pon\u00e9is el cine y ell@s las palomitas y los refrescos, con el fr\u00edo que hace \u00faltimamente seguro que os lo agradecen el doble.<\/p>\n<p><a href=\"http:\/\/www.filmin.es\/streams\" target=\"_blank\">El link para m\u00e1s informaci\u00f3n<\/a><\/p>\n<p>Salu2<\/p>\n<p>&nbsp;<\/p>\n<p>.<\/p>\n","protected":false},"excerpt":{"rendered":"<p>Durante TODO el mes de Diciembre, se realiza el Festival Europeo de Cine Online, en el que se presentan 15 pel\u00edculas de 7 pa\u00edses, y que podemos disfrutar por un precio muy econ\u00f3mico. En estos momentos en los que los t\u00edtulos de cartelera no presentan&#8230;<\/p>\n","protected":false},"author":10,"featured_media":0,"comment_status":"closed","ping_status":"open","sticky":false,"template":"","format":"standard","meta":{"_monsterinsights_skip_tracking":false,"_monsterinsights_sitenote_active":false,"_monsterinsights_sitenote_note":"","_monsterinsights_sitenote_category":0,"jetpack_post_was_ever_published":false,"_jetpack_newsletter_access":"","_jetpack_dont_email_post_to_subs":false,"_jetpack_newsletter_tier_id":0,"_jetpack_memberships_contains_paywalled_content":false,"_ef_editorial_meta_date_first-draft-date":"","_ef_editorial_meta_paragraph_assignment":"","_ef_editorial_meta_checkbox_needs-photo":"","_ef_editorial_meta_number_word-count":"","_jetpack_memberships_contains_paid_content":false,"footnotes":""},"categories":[77,4,9,1],"tags":[118,157,158],"class_list":["post-660","post","type-post","status-publish","format-standard","hentry","category-edicion-de-video-y-postproduccion","category-internet","category-marketing-online","category-sin-categoria","tag-cine","tag-festival","tag-pelis"],"yoast_head":"<!-- This site is optimized with the Yoast SEO plugin v27.1.1 - https:\/\/yoast.com\/product\/yoast-seo-wordpress\/ -->\n<title>Festival Europeo de Cine Online \u00bfQui\u00e9n dijo que el cine era caro? - Blog Escola Espai<\/title>\n<meta name=\"robots\" content=\"index, follow, max-snippet:-1, max-image-preview:large, max-video-preview:-1\" \/>\n<link rel=\"canonical\" href=\"https:\/\/www.espai.es\/blog\/2012\/11\/festival-europeo-de-cine-online-\u00bfquien-dijo-que-el-cine-era-caro\/\" \/>\n<meta property=\"og:locale\" content=\"es_ES\" \/>\n<meta property=\"og:type\" content=\"article\" \/>\n<meta property=\"og:title\" content=\"Festival Europeo de Cine Online \u00bfQui\u00e9n dijo que el cine era caro? - Blog Escola Espai\" \/>\n<meta property=\"og:description\" content=\"Durante TODO el mes de Diciembre, se realiza el Festival Europeo de Cine Online, en el que se presentan 15 pel\u00edculas de 7 pa\u00edses, y que podemos disfrutar por un precio muy econ\u00f3mico. En estos momentos en los que los t\u00edtulos de cartelera no presentan...\" \/>\n<meta property=\"og:url\" content=\"https:\/\/www.espai.es\/blog\/2012\/11\/festival-europeo-de-cine-online-\u00bfquien-dijo-que-el-cine-era-caro\/\" \/>\n<meta property=\"og:site_name\" content=\"Blog Escola Espai\" \/>\n<meta property=\"article:published_time\" content=\"2012-11-29T09:55:56+00:00\" \/>\n<meta property=\"article:modified_time\" content=\"2013-11-12T10:10:55+00:00\" \/>\n<meta name=\"author\" content=\"Adriano\" \/>\n<meta name=\"twitter:card\" content=\"summary_large_image\" \/>\n<meta name=\"twitter:label1\" content=\"Escrito por\" \/>\n\t<meta name=\"twitter:data1\" content=\"Adriano\" \/>\n\t<meta name=\"twitter:label2\" content=\"Tiempo de lectura\" \/>\n\t<meta name=\"twitter:data2\" content=\"1 minuto\" \/>\n<script type=\"application\/ld+json\" class=\"yoast-schema-graph\">{\"@context\":\"https:\/\/schema.org\",\"@graph\":[{\"@type\":\"Article\",\"@id\":\"https:\/\/www.espai.es\/blog\/2012\/11\/festival-europeo-de-cine-online-%c2%bfquien-dijo-que-el-cine-era-caro\/#article\",\"isPartOf\":{\"@id\":\"https:\/\/www.espai.es\/blog\/2012\/11\/festival-europeo-de-cine-online-%c2%bfquien-dijo-que-el-cine-era-caro\/\"},\"author\":{\"name\":\"Adriano\",\"@id\":\"https:\/\/www.espai.es\/blog\/#\/schema\/person\/28c48b9ac3d09730cbf1675286b8c689\"},\"headline\":\"Festival Europeo de Cine Online \u00bfQui\u00e9n dijo que el cine era caro?\",\"datePublished\":\"2012-11-29T09:55:56+00:00\",\"dateModified\":\"2013-11-12T10:10:55+00:00\",\"mainEntityOfPage\":{\"@id\":\"https:\/\/www.espai.es\/blog\/2012\/11\/festival-europeo-de-cine-online-%c2%bfquien-dijo-que-el-cine-era-caro\/\"},\"wordCount\":139,\"keywords\":[\"cine\",\"festival\",\"pelis\"],\"articleSection\":[\"Edici\u00f3n de Video y Postproducci\u00f3n\",\"Internet\",\"Marketing Digital\"],\"inLanguage\":\"es\"},{\"@type\":\"WebPage\",\"@id\":\"https:\/\/www.espai.es\/blog\/2012\/11\/festival-europeo-de-cine-online-%c2%bfquien-dijo-que-el-cine-era-caro\/\",\"url\":\"https:\/\/www.espai.es\/blog\/2012\/11\/festival-europeo-de-cine-online-%c2%bfquien-dijo-que-el-cine-era-caro\/\",\"name\":\"Festival Europeo de Cine Online \u00bfQui\u00e9n dijo que el cine era caro? - Blog Escola Espai\",\"isPartOf\":{\"@id\":\"https:\/\/www.espai.es\/blog\/#website\"},\"datePublished\":\"2012-11-29T09:55:56+00:00\",\"dateModified\":\"2013-11-12T10:10:55+00:00\",\"author\":{\"@id\":\"https:\/\/www.espai.es\/blog\/#\/schema\/person\/28c48b9ac3d09730cbf1675286b8c689\"},\"breadcrumb\":{\"@id\":\"https:\/\/www.espai.es\/blog\/2012\/11\/festival-europeo-de-cine-online-%c2%bfquien-dijo-que-el-cine-era-caro\/#breadcrumb\"},\"inLanguage\":\"es\",\"potentialAction\":[{\"@type\":\"ReadAction\",\"target\":[\"https:\/\/www.espai.es\/blog\/2012\/11\/festival-europeo-de-cine-online-%c2%bfquien-dijo-que-el-cine-era-caro\/\"]}]},{\"@type\":\"BreadcrumbList\",\"@id\":\"https:\/\/www.espai.es\/blog\/2012\/11\/festival-europeo-de-cine-online-%c2%bfquien-dijo-que-el-cine-era-caro\/#breadcrumb\",\"itemListElement\":[{\"@type\":\"ListItem\",\"position\":1,\"name\":\"Portada\",\"item\":\"https:\/\/www.espai.es\/blog\/\"},{\"@type\":\"ListItem\",\"position\":2,\"name\":\"Festival Europeo de Cine Online \u00bfQui\u00e9n dijo que el cine era caro?\"}]},{\"@type\":\"WebSite\",\"@id\":\"https:\/\/www.espai.es\/blog\/#website\",\"url\":\"https:\/\/www.espai.es\/blog\/\",\"name\":\"Blog Escola Espai\",\"description\":\"\",\"potentialAction\":[{\"@type\":\"SearchAction\",\"target\":{\"@type\":\"EntryPoint\",\"urlTemplate\":\"https:\/\/www.espai.es\/blog\/?s={search_term_string}\"},\"query-input\":{\"@type\":\"PropertyValueSpecification\",\"valueRequired\":true,\"valueName\":\"search_term_string\"}}],\"inLanguage\":\"es\"},{\"@type\":\"Person\",\"@id\":\"https:\/\/www.espai.es\/blog\/#\/schema\/person\/28c48b9ac3d09730cbf1675286b8c689\",\"name\":\"Adriano\",\"image\":{\"@type\":\"ImageObject\",\"inLanguage\":\"es\",\"@id\":\"https:\/\/www.espai.es\/blog\/#\/schema\/person\/image\/\",\"url\":\"https:\/\/secure.gravatar.com\/avatar\/b9df4536c3a7578d2a819d94da182e08b8908857d25cd55340791ea954da8f0d?s=96&d=mm&r=g\",\"contentUrl\":\"https:\/\/secure.gravatar.com\/avatar\/b9df4536c3a7578d2a819d94da182e08b8908857d25cd55340791ea954da8f0d?s=96&d=mm&r=g\",\"caption\":\"Adriano\"},\"sameAs\":[\"http:\/\/www.espai.es\"],\"url\":\"https:\/\/www.espai.es\/blog\/author\/adriano\/\"}]}<\/script>\n<!-- \/ Yoast SEO plugin. -->","yoast_head_json":{"title":"Festival Europeo de Cine Online \u00bfQui\u00e9n dijo que el cine era caro? - Blog Escola Espai","robots":{"index":"index","follow":"follow","max-snippet":"max-snippet:-1","max-image-preview":"max-image-preview:large","max-video-preview":"max-video-preview:-1"},"canonical":"https:\/\/www.espai.es\/blog\/2012\/11\/festival-europeo-de-cine-online-\u00bfquien-dijo-que-el-cine-era-caro\/","og_locale":"es_ES","og_type":"article","og_title":"Festival Europeo de Cine Online \u00bfQui\u00e9n dijo que el cine era caro? - Blog Escola Espai","og_description":"Durante TODO el mes de Diciembre, se realiza el Festival Europeo de Cine Online, en el que se presentan 15 pel\u00edculas de 7 pa\u00edses, y que podemos disfrutar por un precio muy econ\u00f3mico. En estos momentos en los que los t\u00edtulos de cartelera no presentan...","og_url":"https:\/\/www.espai.es\/blog\/2012\/11\/festival-europeo-de-cine-online-\u00bfquien-dijo-que-el-cine-era-caro\/","og_site_name":"Blog Escola Espai","article_published_time":"2012-11-29T09:55:56+00:00","article_modified_time":"2013-11-12T10:10:55+00:00","author":"Adriano","twitter_card":"summary_large_image","twitter_misc":{"Escrito por":"Adriano","Tiempo de lectura":"1 minuto"},"schema":{"@context":"https:\/\/schema.org","@graph":[{"@type":"Article","@id":"https:\/\/www.espai.es\/blog\/2012\/11\/festival-europeo-de-cine-online-%c2%bfquien-dijo-que-el-cine-era-caro\/#article","isPartOf":{"@id":"https:\/\/www.espai.es\/blog\/2012\/11\/festival-europeo-de-cine-online-%c2%bfquien-dijo-que-el-cine-era-caro\/"},"author":{"name":"Adriano","@id":"https:\/\/www.espai.es\/blog\/#\/schema\/person\/28c48b9ac3d09730cbf1675286b8c689"},"headline":"Festival Europeo de Cine Online \u00bfQui\u00e9n dijo que el cine era caro?","datePublished":"2012-11-29T09:55:56+00:00","dateModified":"2013-11-12T10:10:55+00:00","mainEntityOfPage":{"@id":"https:\/\/www.espai.es\/blog\/2012\/11\/festival-europeo-de-cine-online-%c2%bfquien-dijo-que-el-cine-era-caro\/"},"wordCount":139,"keywords":["cine","festival","pelis"],"articleSection":["Edici\u00f3n de Video y Postproducci\u00f3n","Internet","Marketing Digital"],"inLanguage":"es"},{"@type":"WebPage","@id":"https:\/\/www.espai.es\/blog\/2012\/11\/festival-europeo-de-cine-online-%c2%bfquien-dijo-que-el-cine-era-caro\/","url":"https:\/\/www.espai.es\/blog\/2012\/11\/festival-europeo-de-cine-online-%c2%bfquien-dijo-que-el-cine-era-caro\/","name":"Festival Europeo de Cine Online \u00bfQui\u00e9n dijo que el cine era caro? - Blog Escola Espai","isPartOf":{"@id":"https:\/\/www.espai.es\/blog\/#website"},"datePublished":"2012-11-29T09:55:56+00:00","dateModified":"2013-11-12T10:10:55+00:00","author":{"@id":"https:\/\/www.espai.es\/blog\/#\/schema\/person\/28c48b9ac3d09730cbf1675286b8c689"},"breadcrumb":{"@id":"https:\/\/www.espai.es\/blog\/2012\/11\/festival-europeo-de-cine-online-%c2%bfquien-dijo-que-el-cine-era-caro\/#breadcrumb"},"inLanguage":"es","potentialAction":[{"@type":"ReadAction","target":["https:\/\/www.espai.es\/blog\/2012\/11\/festival-europeo-de-cine-online-%c2%bfquien-dijo-que-el-cine-era-caro\/"]}]},{"@type":"BreadcrumbList","@id":"https:\/\/www.espai.es\/blog\/2012\/11\/festival-europeo-de-cine-online-%c2%bfquien-dijo-que-el-cine-era-caro\/#breadcrumb","itemListElement":[{"@type":"ListItem","position":1,"name":"Portada","item":"https:\/\/www.espai.es\/blog\/"},{"@type":"ListItem","position":2,"name":"Festival Europeo de Cine Online \u00bfQui\u00e9n dijo que el cine era caro?"}]},{"@type":"WebSite","@id":"https:\/\/www.espai.es\/blog\/#website","url":"https:\/\/www.espai.es\/blog\/","name":"Blog Escola Espai","description":"","potentialAction":[{"@type":"SearchAction","target":{"@type":"EntryPoint","urlTemplate":"https:\/\/www.espai.es\/blog\/?s={search_term_string}"},"query-input":{"@type":"PropertyValueSpecification","valueRequired":true,"valueName":"search_term_string"}}],"inLanguage":"es"},{"@type":"Person","@id":"https:\/\/www.espai.es\/blog\/#\/schema\/person\/28c48b9ac3d09730cbf1675286b8c689","name":"Adriano","image":{"@type":"ImageObject","inLanguage":"es","@id":"https:\/\/www.espai.es\/blog\/#\/schema\/person\/image\/","url":"https:\/\/secure.gravatar.com\/avatar\/b9df4536c3a7578d2a819d94da182e08b8908857d25cd55340791ea954da8f0d?s=96&d=mm&r=g","contentUrl":"https:\/\/secure.gravatar.com\/avatar\/b9df4536c3a7578d2a819d94da182e08b8908857d25cd55340791ea954da8f0d?s=96&d=mm&r=g","caption":"Adriano"},"sameAs":["http:\/\/www.espai.es"],"url":"https:\/\/www.espai.es\/blog\/author\/adriano\/"}]}},"jetpack_featured_media_url":"","jetpack_sharing_enabled":true,"_links":{"self":[{"href":"https:\/\/www.espai.es\/blog\/wp-json\/wp\/v2\/posts\/660","targetHints":{"allow":["GET"]}}],"collection":[{"href":"https:\/\/www.espai.es\/blog\/wp-json\/wp\/v2\/posts"}],"about":[{"href":"https:\/\/www.espai.es\/blog\/wp-json\/wp\/v2\/types\/post"}],"author":[{"embeddable":true,"href":"https:\/\/www.espai.es\/blog\/wp-json\/wp\/v2\/users\/10"}],"replies":[{"embeddable":true,"href":"https:\/\/www.espai.es\/blog\/wp-json\/wp\/v2\/comments?post=660"}],"version-history":[{"count":7,"href":"https:\/\/www.espai.es\/blog\/wp-json\/wp\/v2\/posts\/660\/revisions"}],"predecessor-version":[{"id":1176,"href":"https:\/\/www.espai.es\/blog\/wp-json\/wp\/v2\/posts\/660\/revisions\/1176"}],"wp:attachment":[{"href":"https:\/\/www.espai.es\/blog\/wp-json\/wp\/v2\/media?parent=660"}],"wp:term":[{"taxonomy":"category","embeddable":true,"href":"https:\/\/www.espai.es\/blog\/wp-json\/wp\/v2\/categories?post=660"},{"taxonomy":"post_tag","embeddable":true,"href":"https:\/\/www.espai.es\/blog\/wp-json\/wp\/v2\/tags?post=660"}],"curies":[{"name":"wp","href":"https:\/\/api.w.org\/{rel}","templated":true}]}}