{"id":626,"date":"2012-09-30T04:07:48","date_gmt":"2012-09-30T02:07:48","guid":{"rendered":"http:\/\/www.espai.es\/blog\/?p=626"},"modified":"2013-11-12T12:11:11","modified_gmt":"2013-11-12T10:11:11","slug":"premiere-vs-final-cut-a-octubre-de-2012","status":"publish","type":"post","link":"https:\/\/www.espai.es\/blog\/2012\/09\/premiere-vs-final-cut-a-octubre-de-2012\/","title":{"rendered":"Premiere vs Final Cut &#8211; a octubre de 2012"},"content":{"rendered":"<p>Cada cual tiene sus gustos y opiniones:Unos prefieren los Rollings, otros los Beatles, unos prefieren Coca Cola, otros Pepsi, unos prefieren Premiere, otros Final Cut&#8230;<\/p>\n<p> Pero as\u00ed como los buenos cient\u00edficos han de conocer los hechos y decantarse por una u otra teor\u00eda en funci\u00f3n de los resultados que arrojan los experimentos, los profesionales de cualquier campo han de posicionarse, no blandiendo sus prejuicios, sus ideales rom\u00e1nticos, fobias o filias, sino bas\u00e1ndose en el contexto tecnol\u00f3gico emp\u00edrico actual.<\/p>\n<p>El tecnolog\u00eda, quien no aprovecha y exprime los recursos que tenemos a nuestro alcance, se queda atr\u00e1s.<br \/>\nUna Generaci\u00f3n de Tarjetas Gr\u00e1ficas y Programas trabajan en sinergia, acelerando los procesos de renderizado y exportaci\u00f3n de los mismos y ganando tambi\u00e9n fluidez en el trabajo en tiempo real.<\/p>\n<p>En \u00e9ste caso, Adobe ha apostado e invertido en la aceleraci\u00f3n por GPU, y aunque dicha aceleraci\u00f3n la soportan modelos de las dos empresas m\u00e1s importantes del sector, la ventaja en este caso la tiene NVIDIA y sus tecnologias CUDA y Playback Mercury Engine. Gracias a ello y a una muy buena labor del equipo de desarrollo de Adobe, Premiere Pro CS6, es de hecho, el programa de edici\u00f3n de video mejor posicionado tecnol\u00f3gicamente para liderar el mercado. <\/p>\n<p>No es una opini\u00f3n, es un hecho a d\u00eda de hoy; nos puede gustar mas o menos, pero eso no va a hacer que el hecho cambie. <\/p>\n<p>Los hechos han de tener m\u00e1s valor en las personas inteligentes que las falacias y los prejuicios.<\/p>\n<p>En estos tiempos que corren vemos quiz\u00e1s con demasiada frecuencia actos irracionales de fanatismo, y a veces podemos tomarlos hasta con cierto sentido c\u00f3mico <\/p>\n<p>La fidelidad es un valor muy importante, pero ya dijimos anteriormente que no en el terreno de la tecnolog\u00eda. Aferrarnos al uso de una marca o software por no traicionar a nuestros prejuicios no es de personas adultas, y no hay peor ceguera que la de la persona que no quiere ver.<\/p>\n<p>Final Cut ha sido un grande entre los grandes, un coloso, un referente y un pionero; con \u00e9l, se han editado un notable porcentaje de las pel\u00edculas ganadoras de Oscars al mejor montaje de las 2 ultimas d\u00e9cadas.<\/p>\n<p>Todas las misiones Apolo, incluidas las que pusieron al hombre en la Luna, fueron propulsadas por una serie de cohetes llamados \u00abSaturn\u00bb<\/p>\n<p>Si se descubriese una tecnolog\u00eda capaz de propulsar naves a velocidades hiperlum\u00ednicas &#8230; \u00bfseguir\u00edamos usando cohetes Saturn para propulsar nuestras naves para viajar a otras galaxias?<\/p>\n<p>En el campo de la edici\u00f3n de video se ha dado un salto cu\u00e1ntico con la posibilidad de aceleraci\u00f3n gr\u00e1fica por medio de GPU. Los programas que aprovechan dicha tecnolog\u00eda pueden trabajar a un rendimiento superior que aquellos programas que no la usan. <\/p>\n<p>Es muy sencillo de comprender, aunque es posible que no tan f\u00e1cil de asimilar para cierto sector.<\/p>\n<p>Pensad en ello&#8230; <\/p>\n<p>Salu2!<\/p>\n","protected":false},"excerpt":{"rendered":"<p>Cada cual tiene sus gustos y opiniones:Unos prefieren los Rollings, otros los Beatles, unos prefieren Coca Cola, otros Pepsi, unos prefieren Premiere, otros Final Cut&#8230; Pero as\u00ed como los buenos cient\u00edficos han de conocer los hechos y decantarse por una u otra teor\u00eda en funci\u00f3n&#8230;<\/p>\n","protected":false},"author":10,"featured_media":0,"comment_status":"closed","ping_status":"open","sticky":false,"template":"","format":"standard","meta":{"_monsterinsights_skip_tracking":false,"_monsterinsights_sitenote_active":false,"_monsterinsights_sitenote_note":"","_monsterinsights_sitenote_category":0,"jetpack_post_was_ever_published":false,"_jetpack_newsletter_access":"","_jetpack_dont_email_post_to_subs":false,"_jetpack_newsletter_tier_id":0,"_jetpack_memberships_contains_paywalled_content":false,"_ef_editorial_meta_date_first-draft-date":"","_ef_editorial_meta_paragraph_assignment":"","_ef_editorial_meta_checkbox_needs-photo":"","_ef_editorial_meta_number_word-count":"","_jetpack_memberships_contains_paid_content":false,"footnotes":""},"categories":[1],"tags":[],"class_list":["post-626","post","type-post","status-publish","format-standard","hentry","category-sin-categoria"],"yoast_head":"<!-- This site is optimized with the Yoast SEO plugin v27.1.1 - https:\/\/yoast.com\/product\/yoast-seo-wordpress\/ -->\n<title>Premiere vs Final Cut - a octubre de 2012 - Blog Escola Espai<\/title>\n<meta name=\"robots\" content=\"index, follow, max-snippet:-1, max-image-preview:large, max-video-preview:-1\" \/>\n<link rel=\"canonical\" href=\"https:\/\/www.espai.es\/blog\/2012\/09\/premiere-vs-final-cut-a-octubre-de-2012\/\" \/>\n<meta property=\"og:locale\" content=\"es_ES\" \/>\n<meta property=\"og:type\" content=\"article\" \/>\n<meta property=\"og:title\" content=\"Premiere vs Final Cut - a octubre de 2012 - Blog Escola Espai\" \/>\n<meta property=\"og:description\" content=\"Cada cual tiene sus gustos y opiniones:Unos prefieren los Rollings, otros los Beatles, unos prefieren Coca Cola, otros Pepsi, unos prefieren Premiere, otros Final Cut&#8230; Pero as\u00ed como los buenos cient\u00edficos han de conocer los hechos y decantarse por una u otra teor\u00eda en funci\u00f3n...\" \/>\n<meta property=\"og:url\" content=\"https:\/\/www.espai.es\/blog\/2012\/09\/premiere-vs-final-cut-a-octubre-de-2012\/\" \/>\n<meta property=\"og:site_name\" content=\"Blog Escola Espai\" \/>\n<meta property=\"article:published_time\" content=\"2012-09-30T02:07:48+00:00\" \/>\n<meta property=\"article:modified_time\" content=\"2013-11-12T10:11:11+00:00\" \/>\n<meta name=\"author\" content=\"Adriano\" \/>\n<meta name=\"twitter:card\" content=\"summary_large_image\" \/>\n<meta name=\"twitter:label1\" content=\"Escrito por\" \/>\n\t<meta name=\"twitter:data1\" content=\"Adriano\" \/>\n\t<meta name=\"twitter:label2\" content=\"Tiempo de lectura\" \/>\n\t<meta name=\"twitter:data2\" content=\"3 minutos\" \/>\n<script type=\"application\/ld+json\" class=\"yoast-schema-graph\">{\"@context\":\"https:\/\/schema.org\",\"@graph\":[{\"@type\":\"Article\",\"@id\":\"https:\/\/www.espai.es\/blog\/2012\/09\/premiere-vs-final-cut-a-octubre-de-2012\/#article\",\"isPartOf\":{\"@id\":\"https:\/\/www.espai.es\/blog\/2012\/09\/premiere-vs-final-cut-a-octubre-de-2012\/\"},\"author\":{\"name\":\"Adriano\",\"@id\":\"https:\/\/www.espai.es\/blog\/#\/schema\/person\/28c48b9ac3d09730cbf1675286b8c689\"},\"headline\":\"Premiere vs Final Cut &#8211; a octubre de 2012\",\"datePublished\":\"2012-09-30T02:07:48+00:00\",\"dateModified\":\"2013-11-12T10:11:11+00:00\",\"mainEntityOfPage\":{\"@id\":\"https:\/\/www.espai.es\/blog\/2012\/09\/premiere-vs-final-cut-a-octubre-de-2012\/\"},\"wordCount\":515,\"inLanguage\":\"es\"},{\"@type\":\"WebPage\",\"@id\":\"https:\/\/www.espai.es\/blog\/2012\/09\/premiere-vs-final-cut-a-octubre-de-2012\/\",\"url\":\"https:\/\/www.espai.es\/blog\/2012\/09\/premiere-vs-final-cut-a-octubre-de-2012\/\",\"name\":\"Premiere vs Final Cut - a octubre de 2012 - Blog Escola Espai\",\"isPartOf\":{\"@id\":\"https:\/\/www.espai.es\/blog\/#website\"},\"datePublished\":\"2012-09-30T02:07:48+00:00\",\"dateModified\":\"2013-11-12T10:11:11+00:00\",\"author\":{\"@id\":\"https:\/\/www.espai.es\/blog\/#\/schema\/person\/28c48b9ac3d09730cbf1675286b8c689\"},\"breadcrumb\":{\"@id\":\"https:\/\/www.espai.es\/blog\/2012\/09\/premiere-vs-final-cut-a-octubre-de-2012\/#breadcrumb\"},\"inLanguage\":\"es\",\"potentialAction\":[{\"@type\":\"ReadAction\",\"target\":[\"https:\/\/www.espai.es\/blog\/2012\/09\/premiere-vs-final-cut-a-octubre-de-2012\/\"]}]},{\"@type\":\"BreadcrumbList\",\"@id\":\"https:\/\/www.espai.es\/blog\/2012\/09\/premiere-vs-final-cut-a-octubre-de-2012\/#breadcrumb\",\"itemListElement\":[{\"@type\":\"ListItem\",\"position\":1,\"name\":\"Portada\",\"item\":\"https:\/\/www.espai.es\/blog\/\"},{\"@type\":\"ListItem\",\"position\":2,\"name\":\"Premiere vs Final Cut &#8211; a octubre de 2012\"}]},{\"@type\":\"WebSite\",\"@id\":\"https:\/\/www.espai.es\/blog\/#website\",\"url\":\"https:\/\/www.espai.es\/blog\/\",\"name\":\"Blog Escola Espai\",\"description\":\"\",\"potentialAction\":[{\"@type\":\"SearchAction\",\"target\":{\"@type\":\"EntryPoint\",\"urlTemplate\":\"https:\/\/www.espai.es\/blog\/?s={search_term_string}\"},\"query-input\":{\"@type\":\"PropertyValueSpecification\",\"valueRequired\":true,\"valueName\":\"search_term_string\"}}],\"inLanguage\":\"es\"},{\"@type\":\"Person\",\"@id\":\"https:\/\/www.espai.es\/blog\/#\/schema\/person\/28c48b9ac3d09730cbf1675286b8c689\",\"name\":\"Adriano\",\"image\":{\"@type\":\"ImageObject\",\"inLanguage\":\"es\",\"@id\":\"https:\/\/www.espai.es\/blog\/#\/schema\/person\/image\/\",\"url\":\"https:\/\/secure.gravatar.com\/avatar\/b9df4536c3a7578d2a819d94da182e08b8908857d25cd55340791ea954da8f0d?s=96&d=mm&r=g\",\"contentUrl\":\"https:\/\/secure.gravatar.com\/avatar\/b9df4536c3a7578d2a819d94da182e08b8908857d25cd55340791ea954da8f0d?s=96&d=mm&r=g\",\"caption\":\"Adriano\"},\"sameAs\":[\"http:\/\/www.espai.es\"],\"url\":\"https:\/\/www.espai.es\/blog\/author\/adriano\/\"}]}<\/script>\n<!-- \/ Yoast SEO plugin. -->","yoast_head_json":{"title":"Premiere vs Final Cut - a octubre de 2012 - Blog Escola Espai","robots":{"index":"index","follow":"follow","max-snippet":"max-snippet:-1","max-image-preview":"max-image-preview:large","max-video-preview":"max-video-preview:-1"},"canonical":"https:\/\/www.espai.es\/blog\/2012\/09\/premiere-vs-final-cut-a-octubre-de-2012\/","og_locale":"es_ES","og_type":"article","og_title":"Premiere vs Final Cut - a octubre de 2012 - Blog Escola Espai","og_description":"Cada cual tiene sus gustos y opiniones:Unos prefieren los Rollings, otros los Beatles, unos prefieren Coca Cola, otros Pepsi, unos prefieren Premiere, otros Final Cut&#8230; Pero as\u00ed como los buenos cient\u00edficos han de conocer los hechos y decantarse por una u otra teor\u00eda en funci\u00f3n...","og_url":"https:\/\/www.espai.es\/blog\/2012\/09\/premiere-vs-final-cut-a-octubre-de-2012\/","og_site_name":"Blog Escola Espai","article_published_time":"2012-09-30T02:07:48+00:00","article_modified_time":"2013-11-12T10:11:11+00:00","author":"Adriano","twitter_card":"summary_large_image","twitter_misc":{"Escrito por":"Adriano","Tiempo de lectura":"3 minutos"},"schema":{"@context":"https:\/\/schema.org","@graph":[{"@type":"Article","@id":"https:\/\/www.espai.es\/blog\/2012\/09\/premiere-vs-final-cut-a-octubre-de-2012\/#article","isPartOf":{"@id":"https:\/\/www.espai.es\/blog\/2012\/09\/premiere-vs-final-cut-a-octubre-de-2012\/"},"author":{"name":"Adriano","@id":"https:\/\/www.espai.es\/blog\/#\/schema\/person\/28c48b9ac3d09730cbf1675286b8c689"},"headline":"Premiere vs Final Cut &#8211; a octubre de 2012","datePublished":"2012-09-30T02:07:48+00:00","dateModified":"2013-11-12T10:11:11+00:00","mainEntityOfPage":{"@id":"https:\/\/www.espai.es\/blog\/2012\/09\/premiere-vs-final-cut-a-octubre-de-2012\/"},"wordCount":515,"inLanguage":"es"},{"@type":"WebPage","@id":"https:\/\/www.espai.es\/blog\/2012\/09\/premiere-vs-final-cut-a-octubre-de-2012\/","url":"https:\/\/www.espai.es\/blog\/2012\/09\/premiere-vs-final-cut-a-octubre-de-2012\/","name":"Premiere vs Final Cut - a octubre de 2012 - Blog Escola Espai","isPartOf":{"@id":"https:\/\/www.espai.es\/blog\/#website"},"datePublished":"2012-09-30T02:07:48+00:00","dateModified":"2013-11-12T10:11:11+00:00","author":{"@id":"https:\/\/www.espai.es\/blog\/#\/schema\/person\/28c48b9ac3d09730cbf1675286b8c689"},"breadcrumb":{"@id":"https:\/\/www.espai.es\/blog\/2012\/09\/premiere-vs-final-cut-a-octubre-de-2012\/#breadcrumb"},"inLanguage":"es","potentialAction":[{"@type":"ReadAction","target":["https:\/\/www.espai.es\/blog\/2012\/09\/premiere-vs-final-cut-a-octubre-de-2012\/"]}]},{"@type":"BreadcrumbList","@id":"https:\/\/www.espai.es\/blog\/2012\/09\/premiere-vs-final-cut-a-octubre-de-2012\/#breadcrumb","itemListElement":[{"@type":"ListItem","position":1,"name":"Portada","item":"https:\/\/www.espai.es\/blog\/"},{"@type":"ListItem","position":2,"name":"Premiere vs Final Cut &#8211; a octubre de 2012"}]},{"@type":"WebSite","@id":"https:\/\/www.espai.es\/blog\/#website","url":"https:\/\/www.espai.es\/blog\/","name":"Blog Escola Espai","description":"","potentialAction":[{"@type":"SearchAction","target":{"@type":"EntryPoint","urlTemplate":"https:\/\/www.espai.es\/blog\/?s={search_term_string}"},"query-input":{"@type":"PropertyValueSpecification","valueRequired":true,"valueName":"search_term_string"}}],"inLanguage":"es"},{"@type":"Person","@id":"https:\/\/www.espai.es\/blog\/#\/schema\/person\/28c48b9ac3d09730cbf1675286b8c689","name":"Adriano","image":{"@type":"ImageObject","inLanguage":"es","@id":"https:\/\/www.espai.es\/blog\/#\/schema\/person\/image\/","url":"https:\/\/secure.gravatar.com\/avatar\/b9df4536c3a7578d2a819d94da182e08b8908857d25cd55340791ea954da8f0d?s=96&d=mm&r=g","contentUrl":"https:\/\/secure.gravatar.com\/avatar\/b9df4536c3a7578d2a819d94da182e08b8908857d25cd55340791ea954da8f0d?s=96&d=mm&r=g","caption":"Adriano"},"sameAs":["http:\/\/www.espai.es"],"url":"https:\/\/www.espai.es\/blog\/author\/adriano\/"}]}},"jetpack_featured_media_url":"","jetpack_sharing_enabled":true,"_links":{"self":[{"href":"https:\/\/www.espai.es\/blog\/wp-json\/wp\/v2\/posts\/626","targetHints":{"allow":["GET"]}}],"collection":[{"href":"https:\/\/www.espai.es\/blog\/wp-json\/wp\/v2\/posts"}],"about":[{"href":"https:\/\/www.espai.es\/blog\/wp-json\/wp\/v2\/types\/post"}],"author":[{"embeddable":true,"href":"https:\/\/www.espai.es\/blog\/wp-json\/wp\/v2\/users\/10"}],"replies":[{"embeddable":true,"href":"https:\/\/www.espai.es\/blog\/wp-json\/wp\/v2\/comments?post=626"}],"version-history":[{"count":2,"href":"https:\/\/www.espai.es\/blog\/wp-json\/wp\/v2\/posts\/626\/revisions"}],"predecessor-version":[{"id":1183,"href":"https:\/\/www.espai.es\/blog\/wp-json\/wp\/v2\/posts\/626\/revisions\/1183"}],"wp:attachment":[{"href":"https:\/\/www.espai.es\/blog\/wp-json\/wp\/v2\/media?parent=626"}],"wp:term":[{"taxonomy":"category","embeddable":true,"href":"https:\/\/www.espai.es\/blog\/wp-json\/wp\/v2\/categories?post=626"},{"taxonomy":"post_tag","embeddable":true,"href":"https:\/\/www.espai.es\/blog\/wp-json\/wp\/v2\/tags?post=626"}],"curies":[{"name":"wp","href":"https:\/\/api.w.org\/{rel}","templated":true}]}}