{"id":615,"date":"2012-09-14T17:51:53","date_gmt":"2012-09-14T15:51:53","guid":{"rendered":"http:\/\/www.espai.es\/blog\/?p=615"},"modified":"2013-11-12T12:11:11","modified_gmt":"2013-11-12T10:11:11","slug":"el-principio-del-fin-para-las-unidades-opticas","status":"publish","type":"post","link":"https:\/\/www.espai.es\/blog\/2012\/09\/el-principio-del-fin-para-las-unidades-opticas\/","title":{"rendered":"El Principio del Fin&#8230; para las unidades \u00f3pticas"},"content":{"rendered":"<p>Al igual que le lleg\u00f3 el turno a la disquetera (algunos de vosotros ni sabr\u00e9is lo que significa ese t\u00e9rmino),  las unidades \u00f3pticas es posible que tambi\u00e9n tengan sus d\u00edas contados.<\/p>\n<p>Sony ha anunciado que para marzo de 2013 deja de fabricar para equipos inform\u00e1ticos, lectores de DVD y de Blue Ray.<\/p>\n<p>Recordemos que Sony es el principal part\u00edcipe de que exista el Blue Ray<\/p>\n<p>Y qu\u00e9 significa esto: Pues que cada uno saque sus propias conclusiones<\/p>\n<p>No quiero decir que deje de existir dicho mercado de la noche a la ma\u00f1ana, de hecho hay empresas que seguiran produciendo dichas unidades.<\/p>\n<p>Pero es un dato que hay que tener en cuenta, sobre todo los que nos dedicamos o estamos relacionados con el mundo del video.<\/p>\n<p>Aunqu\u00e9 por las latitudes que nos movemos, como todo, llegar\u00e1 algo m\u00e1s tarde, el mercado se est\u00e1 redirigiendo al video bajo pago por internet. El soporte f\u00edsico no desaparecer\u00e1, al igual que no desaparecer\u00e1n ni los libros ni los vinilos, son productos que siempre tendr\u00e1n un mercado. Pero la porci\u00f3n grande del mercado, no ser\u00e1 esa.<\/p>\n<p>Fuente: Europa Press &#8211; Madrid<\/p>\n","protected":false},"excerpt":{"rendered":"<p>Al igual que le lleg\u00f3 el turno a la disquetera (algunos de vosotros ni sabr\u00e9is lo que significa ese t\u00e9rmino), las unidades \u00f3pticas es posible que tambi\u00e9n tengan sus d\u00edas contados. Sony ha anunciado que para marzo de 2013 deja de fabricar para equipos inform\u00e1ticos,&#8230;<\/p>\n","protected":false},"author":10,"featured_media":0,"comment_status":"closed","ping_status":"open","sticky":false,"template":"","format":"standard","meta":{"_monsterinsights_skip_tracking":false,"_monsterinsights_sitenote_active":false,"_monsterinsights_sitenote_note":"","_monsterinsights_sitenote_category":0,"jetpack_post_was_ever_published":false,"_jetpack_newsletter_access":"","_jetpack_dont_email_post_to_subs":false,"_jetpack_newsletter_tier_id":0,"_jetpack_memberships_contains_paywalled_content":false,"_ef_editorial_meta_date_first-draft-date":"","_ef_editorial_meta_paragraph_assignment":"","_ef_editorial_meta_checkbox_needs-photo":"","_ef_editorial_meta_number_word-count":"","_jetpack_memberships_contains_paid_content":false,"footnotes":""},"categories":[1],"tags":[],"class_list":["post-615","post","type-post","status-publish","format-standard","hentry","category-sin-categoria"],"yoast_head":"<!-- This site is optimized with the Yoast SEO plugin v27.1.1 - https:\/\/yoast.com\/product\/yoast-seo-wordpress\/ -->\n<title>El Principio del Fin... para las unidades \u00f3pticas - Blog Escola Espai<\/title>\n<meta name=\"robots\" content=\"index, follow, max-snippet:-1, max-image-preview:large, max-video-preview:-1\" \/>\n<link rel=\"canonical\" href=\"https:\/\/www.espai.es\/blog\/2012\/09\/el-principio-del-fin-para-las-unidades-opticas\/\" \/>\n<meta property=\"og:locale\" content=\"es_ES\" \/>\n<meta property=\"og:type\" content=\"article\" \/>\n<meta property=\"og:title\" content=\"El Principio del Fin... para las unidades \u00f3pticas - Blog Escola Espai\" \/>\n<meta property=\"og:description\" content=\"Al igual que le lleg\u00f3 el turno a la disquetera (algunos de vosotros ni sabr\u00e9is lo que significa ese t\u00e9rmino), las unidades \u00f3pticas es posible que tambi\u00e9n tengan sus d\u00edas contados. Sony ha anunciado que para marzo de 2013 deja de fabricar para equipos inform\u00e1ticos,...\" \/>\n<meta property=\"og:url\" content=\"https:\/\/www.espai.es\/blog\/2012\/09\/el-principio-del-fin-para-las-unidades-opticas\/\" \/>\n<meta property=\"og:site_name\" content=\"Blog Escola Espai\" \/>\n<meta property=\"article:published_time\" content=\"2012-09-14T15:51:53+00:00\" \/>\n<meta property=\"article:modified_time\" content=\"2013-11-12T10:11:11+00:00\" \/>\n<meta name=\"author\" content=\"Adriano\" \/>\n<meta name=\"twitter:card\" content=\"summary_large_image\" \/>\n<meta name=\"twitter:label1\" content=\"Escrito por\" \/>\n\t<meta name=\"twitter:data1\" content=\"Adriano\" \/>\n\t<meta name=\"twitter:label2\" content=\"Tiempo de lectura\" \/>\n\t<meta name=\"twitter:data2\" content=\"1 minuto\" \/>\n<script type=\"application\/ld+json\" class=\"yoast-schema-graph\">{\"@context\":\"https:\/\/schema.org\",\"@graph\":[{\"@type\":\"Article\",\"@id\":\"https:\/\/www.espai.es\/blog\/2012\/09\/el-principio-del-fin-para-las-unidades-opticas\/#article\",\"isPartOf\":{\"@id\":\"https:\/\/www.espai.es\/blog\/2012\/09\/el-principio-del-fin-para-las-unidades-opticas\/\"},\"author\":{\"name\":\"Adriano\",\"@id\":\"https:\/\/www.espai.es\/blog\/#\/schema\/person\/28c48b9ac3d09730cbf1675286b8c689\"},\"headline\":\"El Principio del Fin&#8230; para las unidades \u00f3pticas\",\"datePublished\":\"2012-09-14T15:51:53+00:00\",\"dateModified\":\"2013-11-12T10:11:11+00:00\",\"mainEntityOfPage\":{\"@id\":\"https:\/\/www.espai.es\/blog\/2012\/09\/el-principio-del-fin-para-las-unidades-opticas\/\"},\"wordCount\":205,\"inLanguage\":\"es\"},{\"@type\":\"WebPage\",\"@id\":\"https:\/\/www.espai.es\/blog\/2012\/09\/el-principio-del-fin-para-las-unidades-opticas\/\",\"url\":\"https:\/\/www.espai.es\/blog\/2012\/09\/el-principio-del-fin-para-las-unidades-opticas\/\",\"name\":\"El Principio del Fin... para las unidades \u00f3pticas - Blog Escola Espai\",\"isPartOf\":{\"@id\":\"https:\/\/www.espai.es\/blog\/#website\"},\"datePublished\":\"2012-09-14T15:51:53+00:00\",\"dateModified\":\"2013-11-12T10:11:11+00:00\",\"author\":{\"@id\":\"https:\/\/www.espai.es\/blog\/#\/schema\/person\/28c48b9ac3d09730cbf1675286b8c689\"},\"breadcrumb\":{\"@id\":\"https:\/\/www.espai.es\/blog\/2012\/09\/el-principio-del-fin-para-las-unidades-opticas\/#breadcrumb\"},\"inLanguage\":\"es\",\"potentialAction\":[{\"@type\":\"ReadAction\",\"target\":[\"https:\/\/www.espai.es\/blog\/2012\/09\/el-principio-del-fin-para-las-unidades-opticas\/\"]}]},{\"@type\":\"BreadcrumbList\",\"@id\":\"https:\/\/www.espai.es\/blog\/2012\/09\/el-principio-del-fin-para-las-unidades-opticas\/#breadcrumb\",\"itemListElement\":[{\"@type\":\"ListItem\",\"position\":1,\"name\":\"Portada\",\"item\":\"https:\/\/www.espai.es\/blog\/\"},{\"@type\":\"ListItem\",\"position\":2,\"name\":\"El Principio del Fin&#8230; para las unidades \u00f3pticas\"}]},{\"@type\":\"WebSite\",\"@id\":\"https:\/\/www.espai.es\/blog\/#website\",\"url\":\"https:\/\/www.espai.es\/blog\/\",\"name\":\"Blog Escola Espai\",\"description\":\"\",\"potentialAction\":[{\"@type\":\"SearchAction\",\"target\":{\"@type\":\"EntryPoint\",\"urlTemplate\":\"https:\/\/www.espai.es\/blog\/?s={search_term_string}\"},\"query-input\":{\"@type\":\"PropertyValueSpecification\",\"valueRequired\":true,\"valueName\":\"search_term_string\"}}],\"inLanguage\":\"es\"},{\"@type\":\"Person\",\"@id\":\"https:\/\/www.espai.es\/blog\/#\/schema\/person\/28c48b9ac3d09730cbf1675286b8c689\",\"name\":\"Adriano\",\"image\":{\"@type\":\"ImageObject\",\"inLanguage\":\"es\",\"@id\":\"https:\/\/www.espai.es\/blog\/#\/schema\/person\/image\/\",\"url\":\"https:\/\/secure.gravatar.com\/avatar\/b9df4536c3a7578d2a819d94da182e08b8908857d25cd55340791ea954da8f0d?s=96&d=mm&r=g\",\"contentUrl\":\"https:\/\/secure.gravatar.com\/avatar\/b9df4536c3a7578d2a819d94da182e08b8908857d25cd55340791ea954da8f0d?s=96&d=mm&r=g\",\"caption\":\"Adriano\"},\"sameAs\":[\"http:\/\/www.espai.es\"],\"url\":\"https:\/\/www.espai.es\/blog\/author\/adriano\/\"}]}<\/script>\n<!-- \/ Yoast SEO plugin. -->","yoast_head_json":{"title":"El Principio del Fin... para las unidades \u00f3pticas - Blog Escola Espai","robots":{"index":"index","follow":"follow","max-snippet":"max-snippet:-1","max-image-preview":"max-image-preview:large","max-video-preview":"max-video-preview:-1"},"canonical":"https:\/\/www.espai.es\/blog\/2012\/09\/el-principio-del-fin-para-las-unidades-opticas\/","og_locale":"es_ES","og_type":"article","og_title":"El Principio del Fin... para las unidades \u00f3pticas - Blog Escola Espai","og_description":"Al igual que le lleg\u00f3 el turno a la disquetera (algunos de vosotros ni sabr\u00e9is lo que significa ese t\u00e9rmino), las unidades \u00f3pticas es posible que tambi\u00e9n tengan sus d\u00edas contados. Sony ha anunciado que para marzo de 2013 deja de fabricar para equipos inform\u00e1ticos,...","og_url":"https:\/\/www.espai.es\/blog\/2012\/09\/el-principio-del-fin-para-las-unidades-opticas\/","og_site_name":"Blog Escola Espai","article_published_time":"2012-09-14T15:51:53+00:00","article_modified_time":"2013-11-12T10:11:11+00:00","author":"Adriano","twitter_card":"summary_large_image","twitter_misc":{"Escrito por":"Adriano","Tiempo de lectura":"1 minuto"},"schema":{"@context":"https:\/\/schema.org","@graph":[{"@type":"Article","@id":"https:\/\/www.espai.es\/blog\/2012\/09\/el-principio-del-fin-para-las-unidades-opticas\/#article","isPartOf":{"@id":"https:\/\/www.espai.es\/blog\/2012\/09\/el-principio-del-fin-para-las-unidades-opticas\/"},"author":{"name":"Adriano","@id":"https:\/\/www.espai.es\/blog\/#\/schema\/person\/28c48b9ac3d09730cbf1675286b8c689"},"headline":"El Principio del Fin&#8230; para las unidades \u00f3pticas","datePublished":"2012-09-14T15:51:53+00:00","dateModified":"2013-11-12T10:11:11+00:00","mainEntityOfPage":{"@id":"https:\/\/www.espai.es\/blog\/2012\/09\/el-principio-del-fin-para-las-unidades-opticas\/"},"wordCount":205,"inLanguage":"es"},{"@type":"WebPage","@id":"https:\/\/www.espai.es\/blog\/2012\/09\/el-principio-del-fin-para-las-unidades-opticas\/","url":"https:\/\/www.espai.es\/blog\/2012\/09\/el-principio-del-fin-para-las-unidades-opticas\/","name":"El Principio del Fin... para las unidades \u00f3pticas - Blog Escola Espai","isPartOf":{"@id":"https:\/\/www.espai.es\/blog\/#website"},"datePublished":"2012-09-14T15:51:53+00:00","dateModified":"2013-11-12T10:11:11+00:00","author":{"@id":"https:\/\/www.espai.es\/blog\/#\/schema\/person\/28c48b9ac3d09730cbf1675286b8c689"},"breadcrumb":{"@id":"https:\/\/www.espai.es\/blog\/2012\/09\/el-principio-del-fin-para-las-unidades-opticas\/#breadcrumb"},"inLanguage":"es","potentialAction":[{"@type":"ReadAction","target":["https:\/\/www.espai.es\/blog\/2012\/09\/el-principio-del-fin-para-las-unidades-opticas\/"]}]},{"@type":"BreadcrumbList","@id":"https:\/\/www.espai.es\/blog\/2012\/09\/el-principio-del-fin-para-las-unidades-opticas\/#breadcrumb","itemListElement":[{"@type":"ListItem","position":1,"name":"Portada","item":"https:\/\/www.espai.es\/blog\/"},{"@type":"ListItem","position":2,"name":"El Principio del Fin&#8230; para las unidades \u00f3pticas"}]},{"@type":"WebSite","@id":"https:\/\/www.espai.es\/blog\/#website","url":"https:\/\/www.espai.es\/blog\/","name":"Blog Escola Espai","description":"","potentialAction":[{"@type":"SearchAction","target":{"@type":"EntryPoint","urlTemplate":"https:\/\/www.espai.es\/blog\/?s={search_term_string}"},"query-input":{"@type":"PropertyValueSpecification","valueRequired":true,"valueName":"search_term_string"}}],"inLanguage":"es"},{"@type":"Person","@id":"https:\/\/www.espai.es\/blog\/#\/schema\/person\/28c48b9ac3d09730cbf1675286b8c689","name":"Adriano","image":{"@type":"ImageObject","inLanguage":"es","@id":"https:\/\/www.espai.es\/blog\/#\/schema\/person\/image\/","url":"https:\/\/secure.gravatar.com\/avatar\/b9df4536c3a7578d2a819d94da182e08b8908857d25cd55340791ea954da8f0d?s=96&d=mm&r=g","contentUrl":"https:\/\/secure.gravatar.com\/avatar\/b9df4536c3a7578d2a819d94da182e08b8908857d25cd55340791ea954da8f0d?s=96&d=mm&r=g","caption":"Adriano"},"sameAs":["http:\/\/www.espai.es"],"url":"https:\/\/www.espai.es\/blog\/author\/adriano\/"}]}},"jetpack_featured_media_url":"","jetpack_sharing_enabled":true,"_links":{"self":[{"href":"https:\/\/www.espai.es\/blog\/wp-json\/wp\/v2\/posts\/615","targetHints":{"allow":["GET"]}}],"collection":[{"href":"https:\/\/www.espai.es\/blog\/wp-json\/wp\/v2\/posts"}],"about":[{"href":"https:\/\/www.espai.es\/blog\/wp-json\/wp\/v2\/types\/post"}],"author":[{"embeddable":true,"href":"https:\/\/www.espai.es\/blog\/wp-json\/wp\/v2\/users\/10"}],"replies":[{"embeddable":true,"href":"https:\/\/www.espai.es\/blog\/wp-json\/wp\/v2\/comments?post=615"}],"version-history":[{"count":2,"href":"https:\/\/www.espai.es\/blog\/wp-json\/wp\/v2\/posts\/615\/revisions"}],"predecessor-version":[{"id":1185,"href":"https:\/\/www.espai.es\/blog\/wp-json\/wp\/v2\/posts\/615\/revisions\/1185"}],"wp:attachment":[{"href":"https:\/\/www.espai.es\/blog\/wp-json\/wp\/v2\/media?parent=615"}],"wp:term":[{"taxonomy":"category","embeddable":true,"href":"https:\/\/www.espai.es\/blog\/wp-json\/wp\/v2\/categories?post=615"},{"taxonomy":"post_tag","embeddable":true,"href":"https:\/\/www.espai.es\/blog\/wp-json\/wp\/v2\/tags?post=615"}],"curies":[{"name":"wp","href":"https:\/\/api.w.org\/{rel}","templated":true}]}}