{"id":606,"date":"2012-09-07T16:29:03","date_gmt":"2012-09-07T14:29:03","guid":{"rendered":"http:\/\/www.espai.es\/blog\/?p=606"},"modified":"2013-11-12T12:11:11","modified_gmt":"2013-11-12T10:11:11","slug":"para-los-que-quieran-iniciarse-a-mac","status":"publish","type":"post","link":"https:\/\/www.espai.es\/blog\/2012\/09\/para-los-que-quieran-iniciarse-a-mac\/","title":{"rendered":"para los que quieran iniciarse a mac"},"content":{"rendered":"<p>Es inminente la subida a la web de ESPAI del videotutorial donde nuestro compa\u00f1ero Xavier nos explicar\u00e1 c\u00f3mo iniciarnos dentro del nuevo sistema operativo de apple.<\/p>\n<p>Mientras, dejo por aqui un pu\u00f1ado de links para que la espera sea m\u00e1s leve. As\u00ed, todos aquellos que no hay\u00e1is tenido contacto con un mac pod\u00e9is comenzar a dar vuestros primeros pasos con este sistema.<\/p>\n<p>Aprovechad el puente para disfrutar y para ponerse al d\u00eda<\/p>\n<p>http:\/\/www.apple.com\/es\/support\/mac101\/work\/<\/p>\n<p>http:\/\/www.applesfera.com\/applesfera-responde\/guia-para-los-recien-llegados-a-mac-os-x-como-empezar<\/p>\n<p>http:\/\/www.periodistadigital.com\/tecnologia\/herramientas\/2010\/10\/19\/guia-basica-mac-os-x-leopard-10-video-tutoriales-para-empezar-sistema-operativo.shtml<\/p>\n<p>Saludos!<\/p>\n","protected":false},"excerpt":{"rendered":"<p>Es inminente la subida a la web de ESPAI del videotutorial donde nuestro compa\u00f1ero Xavier nos explicar\u00e1 c\u00f3mo iniciarnos dentro del nuevo sistema operativo de apple. Mientras, dejo por aqui un pu\u00f1ado de links para que la espera sea m\u00e1s leve. As\u00ed, todos aquellos que&#8230;<\/p>\n","protected":false},"author":10,"featured_media":0,"comment_status":"closed","ping_status":"open","sticky":false,"template":"","format":"standard","meta":{"_monsterinsights_skip_tracking":false,"_monsterinsights_sitenote_active":false,"_monsterinsights_sitenote_note":"","_monsterinsights_sitenote_category":0,"jetpack_post_was_ever_published":false,"_jetpack_newsletter_access":"","_jetpack_dont_email_post_to_subs":false,"_jetpack_newsletter_tier_id":0,"_jetpack_memberships_contains_paywalled_content":false,"_ef_editorial_meta_date_first-draft-date":"","_ef_editorial_meta_paragraph_assignment":"","_ef_editorial_meta_checkbox_needs-photo":"","_ef_editorial_meta_number_word-count":"","_jetpack_memberships_contains_paid_content":false,"footnotes":""},"categories":[1],"tags":[],"class_list":["post-606","post","type-post","status-publish","format-standard","hentry","category-sin-categoria"],"yoast_head":"<!-- This site is optimized with the Yoast SEO plugin v27.1.1 - https:\/\/yoast.com\/product\/yoast-seo-wordpress\/ -->\n<title>para los que quieran iniciarse a mac - Blog Escola Espai<\/title>\n<meta name=\"robots\" content=\"index, follow, max-snippet:-1, max-image-preview:large, max-video-preview:-1\" \/>\n<link rel=\"canonical\" href=\"https:\/\/www.espai.es\/blog\/2012\/09\/para-los-que-quieran-iniciarse-a-mac\/\" \/>\n<meta property=\"og:locale\" content=\"es_ES\" \/>\n<meta property=\"og:type\" content=\"article\" \/>\n<meta property=\"og:title\" content=\"para los que quieran iniciarse a mac - Blog Escola Espai\" \/>\n<meta property=\"og:description\" content=\"Es inminente la subida a la web de ESPAI del videotutorial donde nuestro compa\u00f1ero Xavier nos explicar\u00e1 c\u00f3mo iniciarnos dentro del nuevo sistema operativo de apple. Mientras, dejo por aqui un pu\u00f1ado de links para que la espera sea m\u00e1s leve. As\u00ed, todos aquellos que...\" \/>\n<meta property=\"og:url\" content=\"https:\/\/www.espai.es\/blog\/2012\/09\/para-los-que-quieran-iniciarse-a-mac\/\" \/>\n<meta property=\"og:site_name\" content=\"Blog Escola Espai\" \/>\n<meta property=\"article:published_time\" content=\"2012-09-07T14:29:03+00:00\" \/>\n<meta property=\"article:modified_time\" content=\"2013-11-12T10:11:11+00:00\" \/>\n<meta name=\"author\" content=\"Adriano\" \/>\n<meta name=\"twitter:card\" content=\"summary_large_image\" \/>\n<meta name=\"twitter:label1\" content=\"Escrito por\" \/>\n\t<meta name=\"twitter:data1\" content=\"Adriano\" \/>\n\t<meta name=\"twitter:label2\" content=\"Tiempo de lectura\" \/>\n\t<meta name=\"twitter:data2\" content=\"1 minuto\" \/>\n<script type=\"application\/ld+json\" class=\"yoast-schema-graph\">{\"@context\":\"https:\/\/schema.org\",\"@graph\":[{\"@type\":\"Article\",\"@id\":\"https:\/\/www.espai.es\/blog\/2012\/09\/para-los-que-quieran-iniciarse-a-mac\/#article\",\"isPartOf\":{\"@id\":\"https:\/\/www.espai.es\/blog\/2012\/09\/para-los-que-quieran-iniciarse-a-mac\/\"},\"author\":{\"name\":\"Adriano\",\"@id\":\"https:\/\/www.espai.es\/blog\/#\/schema\/person\/28c48b9ac3d09730cbf1675286b8c689\"},\"headline\":\"para los que quieran iniciarse a mac\",\"datePublished\":\"2012-09-07T14:29:03+00:00\",\"dateModified\":\"2013-11-12T10:11:11+00:00\",\"mainEntityOfPage\":{\"@id\":\"https:\/\/www.espai.es\/blog\/2012\/09\/para-los-que-quieran-iniciarse-a-mac\/\"},\"wordCount\":110,\"inLanguage\":\"es\"},{\"@type\":\"WebPage\",\"@id\":\"https:\/\/www.espai.es\/blog\/2012\/09\/para-los-que-quieran-iniciarse-a-mac\/\",\"url\":\"https:\/\/www.espai.es\/blog\/2012\/09\/para-los-que-quieran-iniciarse-a-mac\/\",\"name\":\"para los que quieran iniciarse a mac - Blog Escola Espai\",\"isPartOf\":{\"@id\":\"https:\/\/www.espai.es\/blog\/#website\"},\"datePublished\":\"2012-09-07T14:29:03+00:00\",\"dateModified\":\"2013-11-12T10:11:11+00:00\",\"author\":{\"@id\":\"https:\/\/www.espai.es\/blog\/#\/schema\/person\/28c48b9ac3d09730cbf1675286b8c689\"},\"breadcrumb\":{\"@id\":\"https:\/\/www.espai.es\/blog\/2012\/09\/para-los-que-quieran-iniciarse-a-mac\/#breadcrumb\"},\"inLanguage\":\"es\",\"potentialAction\":[{\"@type\":\"ReadAction\",\"target\":[\"https:\/\/www.espai.es\/blog\/2012\/09\/para-los-que-quieran-iniciarse-a-mac\/\"]}]},{\"@type\":\"BreadcrumbList\",\"@id\":\"https:\/\/www.espai.es\/blog\/2012\/09\/para-los-que-quieran-iniciarse-a-mac\/#breadcrumb\",\"itemListElement\":[{\"@type\":\"ListItem\",\"position\":1,\"name\":\"Portada\",\"item\":\"https:\/\/www.espai.es\/blog\/\"},{\"@type\":\"ListItem\",\"position\":2,\"name\":\"para los que quieran iniciarse a mac\"}]},{\"@type\":\"WebSite\",\"@id\":\"https:\/\/www.espai.es\/blog\/#website\",\"url\":\"https:\/\/www.espai.es\/blog\/\",\"name\":\"Blog Escola Espai\",\"description\":\"\",\"potentialAction\":[{\"@type\":\"SearchAction\",\"target\":{\"@type\":\"EntryPoint\",\"urlTemplate\":\"https:\/\/www.espai.es\/blog\/?s={search_term_string}\"},\"query-input\":{\"@type\":\"PropertyValueSpecification\",\"valueRequired\":true,\"valueName\":\"search_term_string\"}}],\"inLanguage\":\"es\"},{\"@type\":\"Person\",\"@id\":\"https:\/\/www.espai.es\/blog\/#\/schema\/person\/28c48b9ac3d09730cbf1675286b8c689\",\"name\":\"Adriano\",\"image\":{\"@type\":\"ImageObject\",\"inLanguage\":\"es\",\"@id\":\"https:\/\/www.espai.es\/blog\/#\/schema\/person\/image\/\",\"url\":\"https:\/\/secure.gravatar.com\/avatar\/b9df4536c3a7578d2a819d94da182e08b8908857d25cd55340791ea954da8f0d?s=96&d=mm&r=g\",\"contentUrl\":\"https:\/\/secure.gravatar.com\/avatar\/b9df4536c3a7578d2a819d94da182e08b8908857d25cd55340791ea954da8f0d?s=96&d=mm&r=g\",\"caption\":\"Adriano\"},\"sameAs\":[\"http:\/\/www.espai.es\"],\"url\":\"https:\/\/www.espai.es\/blog\/author\/adriano\/\"}]}<\/script>\n<!-- \/ Yoast SEO plugin. -->","yoast_head_json":{"title":"para los que quieran iniciarse a mac - Blog Escola Espai","robots":{"index":"index","follow":"follow","max-snippet":"max-snippet:-1","max-image-preview":"max-image-preview:large","max-video-preview":"max-video-preview:-1"},"canonical":"https:\/\/www.espai.es\/blog\/2012\/09\/para-los-que-quieran-iniciarse-a-mac\/","og_locale":"es_ES","og_type":"article","og_title":"para los que quieran iniciarse a mac - Blog Escola Espai","og_description":"Es inminente la subida a la web de ESPAI del videotutorial donde nuestro compa\u00f1ero Xavier nos explicar\u00e1 c\u00f3mo iniciarnos dentro del nuevo sistema operativo de apple. Mientras, dejo por aqui un pu\u00f1ado de links para que la espera sea m\u00e1s leve. As\u00ed, todos aquellos que...","og_url":"https:\/\/www.espai.es\/blog\/2012\/09\/para-los-que-quieran-iniciarse-a-mac\/","og_site_name":"Blog Escola Espai","article_published_time":"2012-09-07T14:29:03+00:00","article_modified_time":"2013-11-12T10:11:11+00:00","author":"Adriano","twitter_card":"summary_large_image","twitter_misc":{"Escrito por":"Adriano","Tiempo de lectura":"1 minuto"},"schema":{"@context":"https:\/\/schema.org","@graph":[{"@type":"Article","@id":"https:\/\/www.espai.es\/blog\/2012\/09\/para-los-que-quieran-iniciarse-a-mac\/#article","isPartOf":{"@id":"https:\/\/www.espai.es\/blog\/2012\/09\/para-los-que-quieran-iniciarse-a-mac\/"},"author":{"name":"Adriano","@id":"https:\/\/www.espai.es\/blog\/#\/schema\/person\/28c48b9ac3d09730cbf1675286b8c689"},"headline":"para los que quieran iniciarse a mac","datePublished":"2012-09-07T14:29:03+00:00","dateModified":"2013-11-12T10:11:11+00:00","mainEntityOfPage":{"@id":"https:\/\/www.espai.es\/blog\/2012\/09\/para-los-que-quieran-iniciarse-a-mac\/"},"wordCount":110,"inLanguage":"es"},{"@type":"WebPage","@id":"https:\/\/www.espai.es\/blog\/2012\/09\/para-los-que-quieran-iniciarse-a-mac\/","url":"https:\/\/www.espai.es\/blog\/2012\/09\/para-los-que-quieran-iniciarse-a-mac\/","name":"para los que quieran iniciarse a mac - Blog Escola Espai","isPartOf":{"@id":"https:\/\/www.espai.es\/blog\/#website"},"datePublished":"2012-09-07T14:29:03+00:00","dateModified":"2013-11-12T10:11:11+00:00","author":{"@id":"https:\/\/www.espai.es\/blog\/#\/schema\/person\/28c48b9ac3d09730cbf1675286b8c689"},"breadcrumb":{"@id":"https:\/\/www.espai.es\/blog\/2012\/09\/para-los-que-quieran-iniciarse-a-mac\/#breadcrumb"},"inLanguage":"es","potentialAction":[{"@type":"ReadAction","target":["https:\/\/www.espai.es\/blog\/2012\/09\/para-los-que-quieran-iniciarse-a-mac\/"]}]},{"@type":"BreadcrumbList","@id":"https:\/\/www.espai.es\/blog\/2012\/09\/para-los-que-quieran-iniciarse-a-mac\/#breadcrumb","itemListElement":[{"@type":"ListItem","position":1,"name":"Portada","item":"https:\/\/www.espai.es\/blog\/"},{"@type":"ListItem","position":2,"name":"para los que quieran iniciarse a mac"}]},{"@type":"WebSite","@id":"https:\/\/www.espai.es\/blog\/#website","url":"https:\/\/www.espai.es\/blog\/","name":"Blog Escola Espai","description":"","potentialAction":[{"@type":"SearchAction","target":{"@type":"EntryPoint","urlTemplate":"https:\/\/www.espai.es\/blog\/?s={search_term_string}"},"query-input":{"@type":"PropertyValueSpecification","valueRequired":true,"valueName":"search_term_string"}}],"inLanguage":"es"},{"@type":"Person","@id":"https:\/\/www.espai.es\/blog\/#\/schema\/person\/28c48b9ac3d09730cbf1675286b8c689","name":"Adriano","image":{"@type":"ImageObject","inLanguage":"es","@id":"https:\/\/www.espai.es\/blog\/#\/schema\/person\/image\/","url":"https:\/\/secure.gravatar.com\/avatar\/b9df4536c3a7578d2a819d94da182e08b8908857d25cd55340791ea954da8f0d?s=96&d=mm&r=g","contentUrl":"https:\/\/secure.gravatar.com\/avatar\/b9df4536c3a7578d2a819d94da182e08b8908857d25cd55340791ea954da8f0d?s=96&d=mm&r=g","caption":"Adriano"},"sameAs":["http:\/\/www.espai.es"],"url":"https:\/\/www.espai.es\/blog\/author\/adriano\/"}]}},"jetpack_featured_media_url":"","jetpack_sharing_enabled":true,"_links":{"self":[{"href":"https:\/\/www.espai.es\/blog\/wp-json\/wp\/v2\/posts\/606","targetHints":{"allow":["GET"]}}],"collection":[{"href":"https:\/\/www.espai.es\/blog\/wp-json\/wp\/v2\/posts"}],"about":[{"href":"https:\/\/www.espai.es\/blog\/wp-json\/wp\/v2\/types\/post"}],"author":[{"embeddable":true,"href":"https:\/\/www.espai.es\/blog\/wp-json\/wp\/v2\/users\/10"}],"replies":[{"embeddable":true,"href":"https:\/\/www.espai.es\/blog\/wp-json\/wp\/v2\/comments?post=606"}],"version-history":[{"count":2,"href":"https:\/\/www.espai.es\/blog\/wp-json\/wp\/v2\/posts\/606\/revisions"}],"predecessor-version":[{"id":1188,"href":"https:\/\/www.espai.es\/blog\/wp-json\/wp\/v2\/posts\/606\/revisions\/1188"}],"wp:attachment":[{"href":"https:\/\/www.espai.es\/blog\/wp-json\/wp\/v2\/media?parent=606"}],"wp:term":[{"taxonomy":"category","embeddable":true,"href":"https:\/\/www.espai.es\/blog\/wp-json\/wp\/v2\/categories?post=606"},{"taxonomy":"post_tag","embeddable":true,"href":"https:\/\/www.espai.es\/blog\/wp-json\/wp\/v2\/tags?post=606"}],"curies":[{"name":"wp","href":"https:\/\/api.w.org\/{rel}","templated":true}]}}