{"id":5960,"date":"2016-11-11T15:24:57","date_gmt":"2016-11-11T14:24:57","guid":{"rendered":"http:\/\/www.espai.es\/blog\/?p=5960"},"modified":"2016-11-11T15:27:37","modified_gmt":"2016-11-11T14:27:37","slug":"final-cut-pro-x-tour-barcelona","status":"publish","type":"post","link":"https:\/\/www.espai.es\/blog\/2016\/11\/final-cut-pro-x-tour-barcelona\/","title":{"rendered":"Final Cut Pro X Tour en Barcelona"},"content":{"rendered":"<p class=\"p1\">Este pasado viernes 4 de Noviembre hizo parada y fonda en Barcelona la gira del <em>Final Cut Pro X<\/em>, o como es m\u00e1s conocida: el <em><strong>FCPX Tour<\/strong><\/em>; lo cual motiva el presente post. Aqu\u00ed ten\u00e9is un enlace\u00a0a la\u00a0p\u00e1gina oficial: <a href=\"http:\/\/fcpxtour.com\" target=\"_blank\">http:\/\/fcpxtour.com<\/a>, y aqu\u00ed un enlace\u00a0directo al evento que se realiz\u00f3 en Barcelona: <a href=\"http:\/\/fcpxtour.com\/fcpx-tour-barcelona-2016\/\" target=\"_blank\">http:\/\/fcpxtour.com\/fcpx-tour-barcelona-2016\/<\/a><\/p>\n<p class=\"p1\"><a href=\"http:\/\/www.espai.es\/blog\/wp-content\/uploads\/2016\/11\/FCPXTOUR_WorldMap.jpg\"><img loading=\"lazy\" decoding=\"async\" class=\"aligncenter wp-image-5964\" src=\"http:\/\/www.espai.es\/blog\/wp-content\/uploads\/2016\/11\/FCPXTOUR_WorldMap.jpg\" alt=\"FCPXTOUR_WorldMap\" width=\"1200\" height=\"432\" srcset=\"https:\/\/www.espai.es\/blog\/wp-content\/uploads\/2016\/11\/FCPXTOUR_WorldMap.jpg 1658w, https:\/\/www.espai.es\/blog\/wp-content\/uploads\/2016\/11\/FCPXTOUR_WorldMap-300x108.jpg 300w, https:\/\/www.espai.es\/blog\/wp-content\/uploads\/2016\/11\/FCPXTOUR_WorldMap-768x277.jpg 768w, https:\/\/www.espai.es\/blog\/wp-content\/uploads\/2016\/11\/FCPXTOUR_WorldMap-1024x369.jpg 1024w\" sizes=\"auto, (max-width: 1200px) 100vw, 1200px\" \/><\/a><\/p>\n<p class=\"p1\">El <em><strong>FCPX Tour<\/strong><\/em> consiste en una serie de charlas y conferencias gratuitas, donde algunos destacados editores y t\u00e9cnicos de postproducci\u00f3n comparten sus experiencias profesionales derivadas de su trabajo con las herramientas del entorno de <em>Apple<\/em>. Obviamente la punta de lanza es el <em><strong>Final Cut Pro X<\/strong><\/em>, pero el \u201cecosistema\u201d es m\u00e1s amplio: incluye a <a href=\"http:\/\/www.apple.com\/es\/final-cut-pro\/motion\/\" target=\"_blank\"><em><strong>Motion<\/strong><\/em><\/a>, con el cual se realizan grafismos animados (y ser\u00eda el equivalente al <em>After Effects<\/em> de <em>Adobe<\/em>); <a href=\"http:\/\/www.apple.com\/es\/final-cut-pro\/compressor\/\" target=\"_blank\"><em><strong>Compressor<\/strong><\/em><\/a> que permite hacer exportaciones de v\u00eddeo y audio en lote; y un sinf\u00edn de <em>Plug-ins<\/em> y efectos as\u00ed como aplicaciones \u201csat\u00e9lite\u201d (tanto para <em>Mac<\/em>, como para <em>iPad<\/em> e <em>iPhone<\/em>), que facilitan la gesti\u00f3n de los archivos de medios y sus metadados, lo cual ayuda a la organizaci\u00f3n y clasificaci\u00f3n del material en los discos duros, y permite localizarlo f\u00e1cil y r\u00e1pidamente en el momento en que se decida importarlo a <em>Final Cut<\/em>. Respecto a esto \u00faltimo, la gesti\u00f3n de metadados, se mostraron dos programas: <a href=\"http:\/\/lumberjacksystem.com\/\" target=\"_blank\"><strong><em>Lumberjack<\/em><\/strong><\/a> y <a href=\"https:\/\/lesspain.software\/kyno\/\" target=\"_blank\"><b><i>Kyno<\/i><\/b><\/a>; que no me extender\u00e9 sobre sus bondades porque no es el prop\u00f3sito de este post, pero pod\u00e9is clicar en sus respectivos enlaces\u00a0para obtener m\u00e1s informaci\u00f3n (en riguroso ingl\u00e9s, eso s\u00ed). Tambi\u00e9n se explic\u00f3 como funciona el sistema de almacenamiento compartido de <em><strong><a href=\"https:\/\/lumaforge.com\" target=\"_blank\">Lumaforge<\/a><\/strong><\/em>, que es una <a href=\"https:\/\/es.wikipedia.org\/wiki\/Red_de_%C3%A1rea_de_almacenamiento\" target=\"_blank\">SAN<\/a> que no requiere de un t\u00e9cnico inform\u00e1tico\u00a0para instalarla, conectarse a ella, o realizarle tareas de mantenimiento.<\/p>\n<p class=\"p1\">Y como no se pod\u00eda obviar que una semana antes, el 27 de Octubre, hab\u00eda salido la \u00faltima actualizaci\u00f3n de del <strong>FCPX<\/strong>: la <strong>10.3<\/strong>, tambi\u00e9n se dedic\u00f3 un espacio a desgranar alguna de sus <a href=\"http:\/\/www.apple.com\/es\/final-cut-pro\/whats-new\/\" target=\"_blank\">novedades m\u00e1s relevantes<\/a>.<\/p>\n<p class=\"p1\"><a href=\"http:\/\/www.espai.es\/blog\/wp-content\/uploads\/2016\/11\/FCPXTour_MacBookPro.jpg\"><img loading=\"lazy\" decoding=\"async\" class=\"aligncenter wp-image-5969\" src=\"http:\/\/www.espai.es\/blog\/wp-content\/uploads\/2016\/11\/FCPXTour_MacBookPro.jpg\" alt=\"FCPXTour_MacBookPro\" width=\"1000\" height=\"456\" srcset=\"https:\/\/www.espai.es\/blog\/wp-content\/uploads\/2016\/11\/FCPXTour_MacBookPro.jpg 1249w, https:\/\/www.espai.es\/blog\/wp-content\/uploads\/2016\/11\/FCPXTour_MacBookPro-300x137.jpg 300w, https:\/\/www.espai.es\/blog\/wp-content\/uploads\/2016\/11\/FCPXTour_MacBookPro-768x350.jpg 768w, https:\/\/www.espai.es\/blog\/wp-content\/uploads\/2016\/11\/FCPXTour_MacBookPro-1024x466.jpg 1024w\" sizes=\"auto, (max-width: 1000px) 100vw, 1000px\" \/><\/a><\/p>\n<p class=\"p1\">Personalmente, lo que m\u00e1s me llam\u00f3 la atenci\u00f3n fue el proceso que llev\u00f3 a todos estos profesionales a decantarse por el <strong>FCPX<\/strong> en detrimento de otras opciones. El aspecto m\u00e1s curioso es que todos tuvieron las mismas dudas, pasaron por los mismos estados y acabaron tomando la misma decisi\u00f3n. De entrada, compart\u00edan tambi\u00e9n el punto de partida: todos hab\u00edan sido usuarios del <em>Final Cut Pro 7<\/em> y la llegada del <strong>FCPX<\/strong> no les convenci\u00f3 en primera instancia pues cambiaba el sistema de trabajo, porque aunque mantuviera el nombre, se trataba de un programa completamente nuevo y eso requer\u00eda dedicarle un tiempo para aprenderlo. Pero por si esto fuera poco, los dos <em>Final Cuts<\/em> no eran compatibles, es decir: no se pod\u00edan abrir trabajos hechos con el Final Cut 7 en el <strong>FCPX<\/strong>. As\u00ed pues, siguieron trabajando con el <em>Final Cut 7<\/em>. Pero c\u00f3mo <em>Apple<\/em> dej\u00f3 de dar soporte a esta versi\u00f3n, m\u00e1s tarde o m\u00e1s temprano comenz\u00f3 a qued\u00e1rseles obsoleta y tuvieron que plantearse cambiar de software, con lo cual exploraron <em>Avid<\/em> y <em>Premiere<\/em>.<\/p>\n<p class=\"p1\"><em>Avid<\/em> tiene el inconveniente de que es muy farragoso de manejar y poco intuitivo.\u00a0<em>Adobe Premiere<\/em> en cambio, era la soluci\u00f3n: no s\u00f3lo su manejo era (y es) enormemente parecido al del <em>Final Cut 7,<\/em> sino que adem\u00e1s permite abrir proyectos de \u00e9ste. Ambos factores hicieron que en su d\u00eda muchos otros compa\u00f1eros de profesi\u00f3n abrazaran el <em>Premiere<\/em> como su nueva herramienta de trabajo, pero no \u00a0nuestros \u201cprotagonistas\u201d. Cuando a ellos se les qued\u00f3 peque\u00f1o el <em>Final Cut 7<\/em>, <strong>FCPX<\/strong> ya hab\u00eda recibido varias actualizaciones y mejoras y despu\u00e9s de haber probado las diferentes aplicaciones de edici\u00f3n llegaron, cada uno por su cuenta, a la misma conclusi\u00f3n: <strong>FCPX<\/strong>, aunque les requiriera un tiempo de aprendizaje, supon\u00eda una evoluci\u00f3n en su manera de trabajar, cosa que <em>Premiere<\/em> representaba un estancamiento.<\/p>\n<p class=\"p1\"><a href=\"http:\/\/www.espai.es\/blog\/wp-content\/uploads\/2016\/11\/FCPXTOUR__FCPXLogo.jpg\"><img loading=\"lazy\" decoding=\"async\" class=\"aligncenter wp-image-5970 size-thumbnail\" src=\"http:\/\/www.espai.es\/blog\/wp-content\/uploads\/2016\/11\/FCPXTOUR__FCPXLogo-150x150.jpg\" alt=\"FCPXTOUR__FCPXLogo\" width=\"150\" height=\"150\" srcset=\"https:\/\/www.espai.es\/blog\/wp-content\/uploads\/2016\/11\/FCPXTOUR__FCPXLogo-150x150.jpg 150w, https:\/\/www.espai.es\/blog\/wp-content\/uploads\/2016\/11\/FCPXTOUR__FCPXLogo-300x300.jpg 300w, https:\/\/www.espai.es\/blog\/wp-content\/uploads\/2016\/11\/FCPXTOUR__FCPXLogo-768x768.jpg 768w, https:\/\/www.espai.es\/blog\/wp-content\/uploads\/2016\/11\/FCPXTOUR__FCPXLogo.jpg 1024w\" sizes=\"auto, (max-width: 150px) 100vw, 150px\" \/><\/a><\/p>\n<p class=\"p1\">Yo tambi\u00e9n comparto y suscribo esta reflexi\u00f3n al 100%; pero de todas formas yo no soy m\u00e1s que un fan-boy de <em>Apple<\/em>, as\u00ed que no hay mejor manera de salir de dudas que probar ambos softwares y que cada cual saque sus conclusiones.<\/p>\n<p class=\"p1\">Un saludo y hasta el pr\u00f3ximo post!<\/p>\n","protected":false},"excerpt":{"rendered":"<p>Este pasado viernes 4 de Noviembre hizo parada y fonda en Barcelona la gira del Final Cut Pro X, o como es m\u00e1s conocida: el FCPX Tour; lo cual motiva el presente post. Aqu\u00ed ten\u00e9is un enlace\u00a0a la\u00a0p\u00e1gina oficial: http:\/\/fcpxtour.com, y aqu\u00ed un enlace\u00a0directo al&#8230;<\/p>\n","protected":false},"author":17,"featured_media":5965,"comment_status":"open","ping_status":"closed","sticky":false,"template":"","format":"standard","meta":{"_monsterinsights_skip_tracking":false,"_monsterinsights_sitenote_active":false,"_monsterinsights_sitenote_note":"","_monsterinsights_sitenote_category":0,"jetpack_post_was_ever_published":false,"_jetpack_newsletter_access":"","_jetpack_dont_email_post_to_subs":false,"_jetpack_newsletter_tier_id":0,"_jetpack_memberships_contains_paywalled_content":false,"_ef_editorial_meta_date_first-draft-date":"","_ef_editorial_meta_paragraph_assignment":"","_ef_editorial_meta_checkbox_needs-photo":"","_ef_editorial_meta_number_word-count":"","_jetpack_memberships_contains_paid_content":false,"footnotes":""},"categories":[77,218,1],"tags":[66,528,207,41,408,369,65],"class_list":["post-5960","post","type-post","status-publish","format-standard","has-post-thumbnail","hentry","category-edicion-de-video-y-postproduccion","category-escola-espai","category-sin-categoria","tag-apple","tag-escola-espai","tag-escuela-espai","tag-espai","tag-fcpx","tag-final-cut-pro-x","tag-mac"],"yoast_head":"<!-- This site is optimized with the Yoast SEO plugin v27.1.1 - https:\/\/yoast.com\/product\/yoast-seo-wordpress\/ -->\n<title>FCPX Tour Barcelona<\/title>\n<meta name=\"robots\" content=\"index, follow, max-snippet:-1, max-image-preview:large, max-video-preview:-1\" \/>\n<link rel=\"canonical\" href=\"https:\/\/www.espai.es\/blog\/2016\/11\/final-cut-pro-x-tour-barcelona\/\" \/>\n<meta property=\"og:locale\" content=\"es_ES\" \/>\n<meta property=\"og:type\" content=\"article\" \/>\n<meta property=\"og:title\" content=\"FCPX Tour Barcelona\" \/>\n<meta property=\"og:description\" content=\"Este pasado viernes 4 de Noviembre hizo parada y fonda en Barcelona la gira del Final Cut Pro X, o como es m\u00e1s conocida: el FCPX Tour; lo cual motiva el presente post. Aqu\u00ed ten\u00e9is un enlace\u00a0a la\u00a0p\u00e1gina oficial: http:\/\/fcpxtour.com, y aqu\u00ed un enlace\u00a0directo al...\" \/>\n<meta property=\"og:url\" content=\"https:\/\/www.espai.es\/blog\/2016\/11\/final-cut-pro-x-tour-barcelona\/\" \/>\n<meta property=\"og:site_name\" content=\"Blog Escola Espai\" \/>\n<meta property=\"article:published_time\" content=\"2016-11-11T14:24:57+00:00\" \/>\n<meta property=\"article:modified_time\" content=\"2016-11-11T14:27:37+00:00\" \/>\n<meta property=\"og:image\" content=\"https:\/\/www.espai.es\/blog\/wp-content\/uploads\/2016\/11\/FCPXTOUR_Portada.jpg\" \/>\n\t<meta property=\"og:image:width\" content=\"500\" \/>\n\t<meta property=\"og:image:height\" content=\"480\" \/>\n\t<meta property=\"og:image:type\" content=\"image\/jpeg\" \/>\n<meta name=\"author\" content=\"David S\u00e1nchez\" \/>\n<meta name=\"twitter:card\" content=\"summary_large_image\" \/>\n<meta name=\"twitter:label1\" content=\"Escrito por\" \/>\n\t<meta name=\"twitter:data1\" content=\"David S\u00e1nchez\" \/>\n\t<meta name=\"twitter:label2\" content=\"Tiempo de lectura\" \/>\n\t<meta name=\"twitter:data2\" content=\"4 minutos\" \/>\n<script type=\"application\/ld+json\" class=\"yoast-schema-graph\">{\"@context\":\"https:\/\/schema.org\",\"@graph\":[{\"@type\":\"Article\",\"@id\":\"https:\/\/www.espai.es\/blog\/2016\/11\/final-cut-pro-x-tour-barcelona\/#article\",\"isPartOf\":{\"@id\":\"https:\/\/www.espai.es\/blog\/2016\/11\/final-cut-pro-x-tour-barcelona\/\"},\"author\":{\"name\":\"David S\u00e1nchez\",\"@id\":\"https:\/\/www.espai.es\/blog\/#\/schema\/person\/68bce54bebac5efb40918f2f71822d27\"},\"headline\":\"Final Cut Pro X Tour en Barcelona\",\"datePublished\":\"2016-11-11T14:24:57+00:00\",\"dateModified\":\"2016-11-11T14:27:37+00:00\",\"mainEntityOfPage\":{\"@id\":\"https:\/\/www.espai.es\/blog\/2016\/11\/final-cut-pro-x-tour-barcelona\/\"},\"wordCount\":731,\"commentCount\":0,\"image\":{\"@id\":\"https:\/\/www.espai.es\/blog\/2016\/11\/final-cut-pro-x-tour-barcelona\/#primaryimage\"},\"thumbnailUrl\":\"https:\/\/www.espai.es\/blog\/wp-content\/uploads\/2016\/11\/FCPXTOUR_Portada.jpg\",\"keywords\":[\"apple\",\"Escola Espai\",\"escuela espai\",\"Espai\",\"FCPX\",\"Final Cut Pro X\",\"Mac\"],\"articleSection\":[\"Edici\u00f3n de Video y Postproducci\u00f3n\",\"Escola Espai\"],\"inLanguage\":\"es\",\"potentialAction\":[{\"@type\":\"CommentAction\",\"name\":\"Comment\",\"target\":[\"https:\/\/www.espai.es\/blog\/2016\/11\/final-cut-pro-x-tour-barcelona\/#respond\"]}]},{\"@type\":\"WebPage\",\"@id\":\"https:\/\/www.espai.es\/blog\/2016\/11\/final-cut-pro-x-tour-barcelona\/\",\"url\":\"https:\/\/www.espai.es\/blog\/2016\/11\/final-cut-pro-x-tour-barcelona\/\",\"name\":\"FCPX Tour Barcelona\",\"isPartOf\":{\"@id\":\"https:\/\/www.espai.es\/blog\/#website\"},\"primaryImageOfPage\":{\"@id\":\"https:\/\/www.espai.es\/blog\/2016\/11\/final-cut-pro-x-tour-barcelona\/#primaryimage\"},\"image\":{\"@id\":\"https:\/\/www.espai.es\/blog\/2016\/11\/final-cut-pro-x-tour-barcelona\/#primaryimage\"},\"thumbnailUrl\":\"https:\/\/www.espai.es\/blog\/wp-content\/uploads\/2016\/11\/FCPXTOUR_Portada.jpg\",\"datePublished\":\"2016-11-11T14:24:57+00:00\",\"dateModified\":\"2016-11-11T14:27:37+00:00\",\"author\":{\"@id\":\"https:\/\/www.espai.es\/blog\/#\/schema\/person\/68bce54bebac5efb40918f2f71822d27\"},\"breadcrumb\":{\"@id\":\"https:\/\/www.espai.es\/blog\/2016\/11\/final-cut-pro-x-tour-barcelona\/#breadcrumb\"},\"inLanguage\":\"es\",\"potentialAction\":[{\"@type\":\"ReadAction\",\"target\":[\"https:\/\/www.espai.es\/blog\/2016\/11\/final-cut-pro-x-tour-barcelona\/\"]}]},{\"@type\":\"ImageObject\",\"inLanguage\":\"es\",\"@id\":\"https:\/\/www.espai.es\/blog\/2016\/11\/final-cut-pro-x-tour-barcelona\/#primaryimage\",\"url\":\"https:\/\/www.espai.es\/blog\/wp-content\/uploads\/2016\/11\/FCPXTOUR_Portada.jpg\",\"contentUrl\":\"https:\/\/www.espai.es\/blog\/wp-content\/uploads\/2016\/11\/FCPXTOUR_Portada.jpg\",\"width\":500,\"height\":480},{\"@type\":\"BreadcrumbList\",\"@id\":\"https:\/\/www.espai.es\/blog\/2016\/11\/final-cut-pro-x-tour-barcelona\/#breadcrumb\",\"itemListElement\":[{\"@type\":\"ListItem\",\"position\":1,\"name\":\"Portada\",\"item\":\"https:\/\/www.espai.es\/blog\/\"},{\"@type\":\"ListItem\",\"position\":2,\"name\":\"Final Cut Pro X Tour en Barcelona\"}]},{\"@type\":\"WebSite\",\"@id\":\"https:\/\/www.espai.es\/blog\/#website\",\"url\":\"https:\/\/www.espai.es\/blog\/\",\"name\":\"Blog Escola Espai\",\"description\":\"\",\"potentialAction\":[{\"@type\":\"SearchAction\",\"target\":{\"@type\":\"EntryPoint\",\"urlTemplate\":\"https:\/\/www.espai.es\/blog\/?s={search_term_string}\"},\"query-input\":{\"@type\":\"PropertyValueSpecification\",\"valueRequired\":true,\"valueName\":\"search_term_string\"}}],\"inLanguage\":\"es\"},{\"@type\":\"Person\",\"@id\":\"https:\/\/www.espai.es\/blog\/#\/schema\/person\/68bce54bebac5efb40918f2f71822d27\",\"name\":\"David S\u00e1nchez\",\"image\":{\"@type\":\"ImageObject\",\"inLanguage\":\"es\",\"@id\":\"https:\/\/www.espai.es\/blog\/#\/schema\/person\/image\/\",\"url\":\"https:\/\/secure.gravatar.com\/avatar\/496fe00098e4153114211ffa48f7c54a3900194ee90e49152ee5e4b276384c31?s=96&d=mm&r=g\",\"contentUrl\":\"https:\/\/secure.gravatar.com\/avatar\/496fe00098e4153114211ffa48f7c54a3900194ee90e49152ee5e4b276384c31?s=96&d=mm&r=g\",\"caption\":\"David S\u00e1nchez\"},\"url\":\"https:\/\/www.espai.es\/blog\/author\/d-sanchez\/\"}]}<\/script>\n<!-- \/ Yoast SEO plugin. -->","yoast_head_json":{"title":"FCPX Tour Barcelona","robots":{"index":"index","follow":"follow","max-snippet":"max-snippet:-1","max-image-preview":"max-image-preview:large","max-video-preview":"max-video-preview:-1"},"canonical":"https:\/\/www.espai.es\/blog\/2016\/11\/final-cut-pro-x-tour-barcelona\/","og_locale":"es_ES","og_type":"article","og_title":"FCPX Tour Barcelona","og_description":"Este pasado viernes 4 de Noviembre hizo parada y fonda en Barcelona la gira del Final Cut Pro X, o como es m\u00e1s conocida: el FCPX Tour; lo cual motiva el presente post. Aqu\u00ed ten\u00e9is un enlace\u00a0a la\u00a0p\u00e1gina oficial: http:\/\/fcpxtour.com, y aqu\u00ed un enlace\u00a0directo al...","og_url":"https:\/\/www.espai.es\/blog\/2016\/11\/final-cut-pro-x-tour-barcelona\/","og_site_name":"Blog Escola Espai","article_published_time":"2016-11-11T14:24:57+00:00","article_modified_time":"2016-11-11T14:27:37+00:00","og_image":[{"width":500,"height":480,"url":"https:\/\/www.espai.es\/blog\/wp-content\/uploads\/2016\/11\/FCPXTOUR_Portada.jpg","type":"image\/jpeg"}],"author":"David S\u00e1nchez","twitter_card":"summary_large_image","twitter_misc":{"Escrito por":"David S\u00e1nchez","Tiempo de lectura":"4 minutos"},"schema":{"@context":"https:\/\/schema.org","@graph":[{"@type":"Article","@id":"https:\/\/www.espai.es\/blog\/2016\/11\/final-cut-pro-x-tour-barcelona\/#article","isPartOf":{"@id":"https:\/\/www.espai.es\/blog\/2016\/11\/final-cut-pro-x-tour-barcelona\/"},"author":{"name":"David S\u00e1nchez","@id":"https:\/\/www.espai.es\/blog\/#\/schema\/person\/68bce54bebac5efb40918f2f71822d27"},"headline":"Final Cut Pro X Tour en Barcelona","datePublished":"2016-11-11T14:24:57+00:00","dateModified":"2016-11-11T14:27:37+00:00","mainEntityOfPage":{"@id":"https:\/\/www.espai.es\/blog\/2016\/11\/final-cut-pro-x-tour-barcelona\/"},"wordCount":731,"commentCount":0,"image":{"@id":"https:\/\/www.espai.es\/blog\/2016\/11\/final-cut-pro-x-tour-barcelona\/#primaryimage"},"thumbnailUrl":"https:\/\/www.espai.es\/blog\/wp-content\/uploads\/2016\/11\/FCPXTOUR_Portada.jpg","keywords":["apple","Escola Espai","escuela espai","Espai","FCPX","Final Cut Pro X","Mac"],"articleSection":["Edici\u00f3n de Video y Postproducci\u00f3n","Escola Espai"],"inLanguage":"es","potentialAction":[{"@type":"CommentAction","name":"Comment","target":["https:\/\/www.espai.es\/blog\/2016\/11\/final-cut-pro-x-tour-barcelona\/#respond"]}]},{"@type":"WebPage","@id":"https:\/\/www.espai.es\/blog\/2016\/11\/final-cut-pro-x-tour-barcelona\/","url":"https:\/\/www.espai.es\/blog\/2016\/11\/final-cut-pro-x-tour-barcelona\/","name":"FCPX Tour Barcelona","isPartOf":{"@id":"https:\/\/www.espai.es\/blog\/#website"},"primaryImageOfPage":{"@id":"https:\/\/www.espai.es\/blog\/2016\/11\/final-cut-pro-x-tour-barcelona\/#primaryimage"},"image":{"@id":"https:\/\/www.espai.es\/blog\/2016\/11\/final-cut-pro-x-tour-barcelona\/#primaryimage"},"thumbnailUrl":"https:\/\/www.espai.es\/blog\/wp-content\/uploads\/2016\/11\/FCPXTOUR_Portada.jpg","datePublished":"2016-11-11T14:24:57+00:00","dateModified":"2016-11-11T14:27:37+00:00","author":{"@id":"https:\/\/www.espai.es\/blog\/#\/schema\/person\/68bce54bebac5efb40918f2f71822d27"},"breadcrumb":{"@id":"https:\/\/www.espai.es\/blog\/2016\/11\/final-cut-pro-x-tour-barcelona\/#breadcrumb"},"inLanguage":"es","potentialAction":[{"@type":"ReadAction","target":["https:\/\/www.espai.es\/blog\/2016\/11\/final-cut-pro-x-tour-barcelona\/"]}]},{"@type":"ImageObject","inLanguage":"es","@id":"https:\/\/www.espai.es\/blog\/2016\/11\/final-cut-pro-x-tour-barcelona\/#primaryimage","url":"https:\/\/www.espai.es\/blog\/wp-content\/uploads\/2016\/11\/FCPXTOUR_Portada.jpg","contentUrl":"https:\/\/www.espai.es\/blog\/wp-content\/uploads\/2016\/11\/FCPXTOUR_Portada.jpg","width":500,"height":480},{"@type":"BreadcrumbList","@id":"https:\/\/www.espai.es\/blog\/2016\/11\/final-cut-pro-x-tour-barcelona\/#breadcrumb","itemListElement":[{"@type":"ListItem","position":1,"name":"Portada","item":"https:\/\/www.espai.es\/blog\/"},{"@type":"ListItem","position":2,"name":"Final Cut Pro X Tour en Barcelona"}]},{"@type":"WebSite","@id":"https:\/\/www.espai.es\/blog\/#website","url":"https:\/\/www.espai.es\/blog\/","name":"Blog Escola Espai","description":"","potentialAction":[{"@type":"SearchAction","target":{"@type":"EntryPoint","urlTemplate":"https:\/\/www.espai.es\/blog\/?s={search_term_string}"},"query-input":{"@type":"PropertyValueSpecification","valueRequired":true,"valueName":"search_term_string"}}],"inLanguage":"es"},{"@type":"Person","@id":"https:\/\/www.espai.es\/blog\/#\/schema\/person\/68bce54bebac5efb40918f2f71822d27","name":"David S\u00e1nchez","image":{"@type":"ImageObject","inLanguage":"es","@id":"https:\/\/www.espai.es\/blog\/#\/schema\/person\/image\/","url":"https:\/\/secure.gravatar.com\/avatar\/496fe00098e4153114211ffa48f7c54a3900194ee90e49152ee5e4b276384c31?s=96&d=mm&r=g","contentUrl":"https:\/\/secure.gravatar.com\/avatar\/496fe00098e4153114211ffa48f7c54a3900194ee90e49152ee5e4b276384c31?s=96&d=mm&r=g","caption":"David S\u00e1nchez"},"url":"https:\/\/www.espai.es\/blog\/author\/d-sanchez\/"}]}},"jetpack_featured_media_url":"https:\/\/www.espai.es\/blog\/wp-content\/uploads\/2016\/11\/FCPXTOUR_Portada.jpg","jetpack_sharing_enabled":true,"_links":{"self":[{"href":"https:\/\/www.espai.es\/blog\/wp-json\/wp\/v2\/posts\/5960","targetHints":{"allow":["GET"]}}],"collection":[{"href":"https:\/\/www.espai.es\/blog\/wp-json\/wp\/v2\/posts"}],"about":[{"href":"https:\/\/www.espai.es\/blog\/wp-json\/wp\/v2\/types\/post"}],"author":[{"embeddable":true,"href":"https:\/\/www.espai.es\/blog\/wp-json\/wp\/v2\/users\/17"}],"replies":[{"embeddable":true,"href":"https:\/\/www.espai.es\/blog\/wp-json\/wp\/v2\/comments?post=5960"}],"version-history":[{"count":19,"href":"https:\/\/www.espai.es\/blog\/wp-json\/wp\/v2\/posts\/5960\/revisions"}],"predecessor-version":[{"id":5985,"href":"https:\/\/www.espai.es\/blog\/wp-json\/wp\/v2\/posts\/5960\/revisions\/5985"}],"wp:featuredmedia":[{"embeddable":true,"href":"https:\/\/www.espai.es\/blog\/wp-json\/wp\/v2\/media\/5965"}],"wp:attachment":[{"href":"https:\/\/www.espai.es\/blog\/wp-json\/wp\/v2\/media?parent=5960"}],"wp:term":[{"taxonomy":"category","embeddable":true,"href":"https:\/\/www.espai.es\/blog\/wp-json\/wp\/v2\/categories?post=5960"},{"taxonomy":"post_tag","embeddable":true,"href":"https:\/\/www.espai.es\/blog\/wp-json\/wp\/v2\/tags?post=5960"}],"curies":[{"name":"wp","href":"https:\/\/api.w.org\/{rel}","templated":true}]}}