{"id":596,"date":"2012-08-28T12:23:18","date_gmt":"2012-08-28T10:23:18","guid":{"rendered":"http:\/\/www.espai.es\/blog\/?p=596"},"modified":"2015-02-02T13:21:41","modified_gmt":"2015-02-02T12:21:41","slug":"a-por-otros-10-anos-2","status":"publish","type":"post","link":"https:\/\/www.espai.es\/blog\/2012\/08\/a-por-otros-10-anos-2\/","title":{"rendered":"A POR OTROS 10 A\u00d1OS!!!!"},"content":{"rendered":"<p>\u00bfHa sido dif\u00edcil?<\/p>\n<p>Me hago esta pregunta cuando llevamos 10 a\u00f1os siendo ESPAI, haber llegado hasta aqu\u00ed, con todo lo que hemos superado, aprendido, compartido, vivido\u2026.<\/p>\n<p>Si miramos estos 10 a\u00f1os desde este momento, no parece dif\u00edcil.<\/p>\n<p>No parece que hayan pasado 3652 d\u00edas desde que un d\u00eda pudimos cumplir nuestro sue\u00f1o de crear una escuela \u00a0que fuera 100 % formaci\u00f3n, 100 % capacidad docente, 100 % creatividad, 100 % lealtad con nuestros alumnos, 100% dedicaci\u00f3n a la inform\u00e1tica, 100% formar PERSONAS profesionales.<\/p>\n<p>A todos los que durante todo este tiempo nos hab\u00e9is ayudado a conseguir que nuestro proyecto inicial se haya hecho realidad y que cada d\u00eda se vaya superando, os queremos dar las GRACIAS por haber confiado en nosotros, pero sobre todo por hacer que ESPAI haya ido de menos a m\u00e1s y que a d\u00eda de hoy todos nosotros conservemos la misma ilusi\u00f3n del primer d\u00eda.<\/p>\n<p>Los alumnos por dejar que les ense\u00f1emos\u00a0 y guiemos en su formaci\u00f3n, \u00a0consiguiendo sus objetivos con mucho esfuerzo y dedicaci\u00f3n que es lo m\u00e1s importante, pero tambi\u00e9n con ilusi\u00f3n, creatividad y confianza en lo que hacen y en lo que hacemos.<\/p>\n<p>Y a nuestro personal, por estar viviendo \u201cesto\u201d tan intensamente como nosotros, por generar ideas y propuestas de mucho valor, por hacernos sentir orgullosos de su trabajo y por poder seguir contando con su labor e ilusi\u00f3n esperemos que por mucho tiempo.<\/p>\n<p>&nbsp;<\/p>\n<p>\u00bfHa sido dif\u00edcil? No, \u00a1ha sido un placer!<\/p>\n<p>\u00a1Gracias a todos!<\/p>\n<p>&nbsp;<\/p>\n","protected":false},"excerpt":{"rendered":"<p>\u00bfHa sido dif\u00edcil? Me hago esta pregunta cuando llevamos 10 a\u00f1os siendo ESPAI, haber llegado hasta aqu\u00ed, con todo lo que hemos superado, aprendido, compartido, vivido\u2026. Si miramos estos 10 a\u00f1os desde este momento, no parece dif\u00edcil. No parece que hayan pasado 3652 d\u00edas desde&#8230;<\/p>\n","protected":false},"author":11,"featured_media":3172,"comment_status":"closed","ping_status":"open","sticky":false,"template":"","format":"standard","meta":{"_monsterinsights_skip_tracking":false,"_monsterinsights_sitenote_active":false,"_monsterinsights_sitenote_note":"","_monsterinsights_sitenote_category":0,"jetpack_post_was_ever_published":false,"_jetpack_newsletter_access":"","_jetpack_dont_email_post_to_subs":false,"_jetpack_newsletter_tier_id":0,"_jetpack_memberships_contains_paywalled_content":false,"_ef_editorial_meta_date_first-draft-date":"","_ef_editorial_meta_paragraph_assignment":"","_ef_editorial_meta_checkbox_needs-photo":"","_ef_editorial_meta_number_word-count":"","_jetpack_memberships_contains_paid_content":false,"footnotes":""},"categories":[149,218],"tags":[345,528,219],"class_list":["post-596","post","type-post","status-publish","format-standard","has-post-thumbnail","hentry","category-aniversario","category-escola-espai","tag-aniversario-2","tag-escola-espai","tag-espai-barcelona"],"yoast_head":"<!-- This site is optimized with the Yoast SEO plugin v27.1.1 - https:\/\/yoast.com\/product\/yoast-seo-wordpress\/ -->\n<title>A POR OTROS 10 A\u00d1OS!!!! - Blog Escola Espai<\/title>\n<meta name=\"robots\" content=\"index, follow, max-snippet:-1, max-image-preview:large, max-video-preview:-1\" \/>\n<link rel=\"canonical\" href=\"https:\/\/www.espai.es\/blog\/2012\/08\/a-por-otros-10-anos-2\/\" \/>\n<meta property=\"og:locale\" content=\"es_ES\" \/>\n<meta property=\"og:type\" content=\"article\" \/>\n<meta property=\"og:title\" content=\"A POR OTROS 10 A\u00d1OS!!!! - Blog Escola Espai\" \/>\n<meta property=\"og:description\" content=\"\u00bfHa sido dif\u00edcil? Me hago esta pregunta cuando llevamos 10 a\u00f1os siendo ESPAI, haber llegado hasta aqu\u00ed, con todo lo que hemos superado, aprendido, compartido, vivido\u2026. Si miramos estos 10 a\u00f1os desde este momento, no parece dif\u00edcil. No parece que hayan pasado 3652 d\u00edas desde...\" \/>\n<meta property=\"og:url\" content=\"https:\/\/www.espai.es\/blog\/2012\/08\/a-por-otros-10-anos-2\/\" \/>\n<meta property=\"og:site_name\" content=\"Blog Escola Espai\" \/>\n<meta property=\"article:published_time\" content=\"2012-08-28T10:23:18+00:00\" \/>\n<meta property=\"article:modified_time\" content=\"2015-02-02T12:21:41+00:00\" \/>\n<meta property=\"og:image\" content=\"https:\/\/www.espai.es\/blog\/wp-content\/uploads\/2012\/08\/10\u00ba.jpg\" \/>\n\t<meta property=\"og:image:width\" content=\"360\" \/>\n\t<meta property=\"og:image:height\" content=\"254\" \/>\n\t<meta property=\"og:image:type\" content=\"image\/jpeg\" \/>\n<meta name=\"author\" content=\"Magui Sanz\" \/>\n<meta name=\"twitter:card\" content=\"summary_large_image\" \/>\n<meta name=\"twitter:label1\" content=\"Escrito por\" \/>\n\t<meta name=\"twitter:data1\" content=\"Magui Sanz\" \/>\n\t<meta name=\"twitter:label2\" content=\"Tiempo de lectura\" \/>\n\t<meta name=\"twitter:data2\" content=\"1 minuto\" \/>\n<script type=\"application\/ld+json\" class=\"yoast-schema-graph\">{\"@context\":\"https:\/\/schema.org\",\"@graph\":[{\"@type\":\"Article\",\"@id\":\"https:\/\/www.espai.es\/blog\/2012\/08\/a-por-otros-10-anos-2\/#article\",\"isPartOf\":{\"@id\":\"https:\/\/www.espai.es\/blog\/2012\/08\/a-por-otros-10-anos-2\/\"},\"author\":{\"name\":\"Magui Sanz\",\"@id\":\"https:\/\/www.espai.es\/blog\/#\/schema\/person\/b5a4f91fbe4f0cfb43c9a3c2ad6efe50\"},\"headline\":\"A POR OTROS 10 A\u00d1OS!!!!\",\"datePublished\":\"2012-08-28T10:23:18+00:00\",\"dateModified\":\"2015-02-02T12:21:41+00:00\",\"mainEntityOfPage\":{\"@id\":\"https:\/\/www.espai.es\/blog\/2012\/08\/a-por-otros-10-anos-2\/\"},\"wordCount\":261,\"image\":{\"@id\":\"https:\/\/www.espai.es\/blog\/2012\/08\/a-por-otros-10-anos-2\/#primaryimage\"},\"thumbnailUrl\":\"https:\/\/www.espai.es\/blog\/wp-content\/uploads\/2012\/08\/10\u00ba.jpg\",\"keywords\":[\"aniversario\",\"Escola Espai\",\"Espai Barcelona\"],\"articleSection\":[\"Aniversario\",\"Escola Espai\"],\"inLanguage\":\"es\"},{\"@type\":\"WebPage\",\"@id\":\"https:\/\/www.espai.es\/blog\/2012\/08\/a-por-otros-10-anos-2\/\",\"url\":\"https:\/\/www.espai.es\/blog\/2012\/08\/a-por-otros-10-anos-2\/\",\"name\":\"A POR OTROS 10 A\u00d1OS!!!! - Blog Escola Espai\",\"isPartOf\":{\"@id\":\"https:\/\/www.espai.es\/blog\/#website\"},\"primaryImageOfPage\":{\"@id\":\"https:\/\/www.espai.es\/blog\/2012\/08\/a-por-otros-10-anos-2\/#primaryimage\"},\"image\":{\"@id\":\"https:\/\/www.espai.es\/blog\/2012\/08\/a-por-otros-10-anos-2\/#primaryimage\"},\"thumbnailUrl\":\"https:\/\/www.espai.es\/blog\/wp-content\/uploads\/2012\/08\/10\u00ba.jpg\",\"datePublished\":\"2012-08-28T10:23:18+00:00\",\"dateModified\":\"2015-02-02T12:21:41+00:00\",\"author\":{\"@id\":\"https:\/\/www.espai.es\/blog\/#\/schema\/person\/b5a4f91fbe4f0cfb43c9a3c2ad6efe50\"},\"breadcrumb\":{\"@id\":\"https:\/\/www.espai.es\/blog\/2012\/08\/a-por-otros-10-anos-2\/#breadcrumb\"},\"inLanguage\":\"es\",\"potentialAction\":[{\"@type\":\"ReadAction\",\"target\":[\"https:\/\/www.espai.es\/blog\/2012\/08\/a-por-otros-10-anos-2\/\"]}]},{\"@type\":\"ImageObject\",\"inLanguage\":\"es\",\"@id\":\"https:\/\/www.espai.es\/blog\/2012\/08\/a-por-otros-10-anos-2\/#primaryimage\",\"url\":\"https:\/\/www.espai.es\/blog\/wp-content\/uploads\/2012\/08\/10\u00ba.jpg\",\"contentUrl\":\"https:\/\/www.espai.es\/blog\/wp-content\/uploads\/2012\/08\/10\u00ba.jpg\",\"width\":360,\"height\":254,\"caption\":\"10\u00ba Aniversario Escola Espai\"},{\"@type\":\"BreadcrumbList\",\"@id\":\"https:\/\/www.espai.es\/blog\/2012\/08\/a-por-otros-10-anos-2\/#breadcrumb\",\"itemListElement\":[{\"@type\":\"ListItem\",\"position\":1,\"name\":\"Portada\",\"item\":\"https:\/\/www.espai.es\/blog\/\"},{\"@type\":\"ListItem\",\"position\":2,\"name\":\"A POR OTROS 10 A\u00d1OS!!!!\"}]},{\"@type\":\"WebSite\",\"@id\":\"https:\/\/www.espai.es\/blog\/#website\",\"url\":\"https:\/\/www.espai.es\/blog\/\",\"name\":\"Blog Escola Espai\",\"description\":\"\",\"potentialAction\":[{\"@type\":\"SearchAction\",\"target\":{\"@type\":\"EntryPoint\",\"urlTemplate\":\"https:\/\/www.espai.es\/blog\/?s={search_term_string}\"},\"query-input\":{\"@type\":\"PropertyValueSpecification\",\"valueRequired\":true,\"valueName\":\"search_term_string\"}}],\"inLanguage\":\"es\"},{\"@type\":\"Person\",\"@id\":\"https:\/\/www.espai.es\/blog\/#\/schema\/person\/b5a4f91fbe4f0cfb43c9a3c2ad6efe50\",\"name\":\"Magui Sanz\",\"image\":{\"@type\":\"ImageObject\",\"inLanguage\":\"es\",\"@id\":\"https:\/\/www.espai.es\/blog\/#\/schema\/person\/image\/\",\"url\":\"https:\/\/secure.gravatar.com\/avatar\/2c98f884b643db29421cd130f4740b473315f3a6cb026b8f12cc50d1cce44b50?s=96&d=mm&r=g\",\"contentUrl\":\"https:\/\/secure.gravatar.com\/avatar\/2c98f884b643db29421cd130f4740b473315f3a6cb026b8f12cc50d1cce44b50?s=96&d=mm&r=g\",\"caption\":\"Magui Sanz\"},\"sameAs\":[\"http:\/\/www.espai.es\"],\"url\":\"https:\/\/www.espai.es\/blog\/author\/magui\/\"}]}<\/script>\n<!-- \/ Yoast SEO plugin. -->","yoast_head_json":{"title":"A POR OTROS 10 A\u00d1OS!!!! - Blog Escola Espai","robots":{"index":"index","follow":"follow","max-snippet":"max-snippet:-1","max-image-preview":"max-image-preview:large","max-video-preview":"max-video-preview:-1"},"canonical":"https:\/\/www.espai.es\/blog\/2012\/08\/a-por-otros-10-anos-2\/","og_locale":"es_ES","og_type":"article","og_title":"A POR OTROS 10 A\u00d1OS!!!! - Blog Escola Espai","og_description":"\u00bfHa sido dif\u00edcil? Me hago esta pregunta cuando llevamos 10 a\u00f1os siendo ESPAI, haber llegado hasta aqu\u00ed, con todo lo que hemos superado, aprendido, compartido, vivido\u2026. Si miramos estos 10 a\u00f1os desde este momento, no parece dif\u00edcil. No parece que hayan pasado 3652 d\u00edas desde...","og_url":"https:\/\/www.espai.es\/blog\/2012\/08\/a-por-otros-10-anos-2\/","og_site_name":"Blog Escola Espai","article_published_time":"2012-08-28T10:23:18+00:00","article_modified_time":"2015-02-02T12:21:41+00:00","og_image":[{"width":360,"height":254,"url":"https:\/\/www.espai.es\/blog\/wp-content\/uploads\/2012\/08\/10\u00ba.jpg","type":"image\/jpeg"}],"author":"Magui Sanz","twitter_card":"summary_large_image","twitter_misc":{"Escrito por":"Magui Sanz","Tiempo de lectura":"1 minuto"},"schema":{"@context":"https:\/\/schema.org","@graph":[{"@type":"Article","@id":"https:\/\/www.espai.es\/blog\/2012\/08\/a-por-otros-10-anos-2\/#article","isPartOf":{"@id":"https:\/\/www.espai.es\/blog\/2012\/08\/a-por-otros-10-anos-2\/"},"author":{"name":"Magui Sanz","@id":"https:\/\/www.espai.es\/blog\/#\/schema\/person\/b5a4f91fbe4f0cfb43c9a3c2ad6efe50"},"headline":"A POR OTROS 10 A\u00d1OS!!!!","datePublished":"2012-08-28T10:23:18+00:00","dateModified":"2015-02-02T12:21:41+00:00","mainEntityOfPage":{"@id":"https:\/\/www.espai.es\/blog\/2012\/08\/a-por-otros-10-anos-2\/"},"wordCount":261,"image":{"@id":"https:\/\/www.espai.es\/blog\/2012\/08\/a-por-otros-10-anos-2\/#primaryimage"},"thumbnailUrl":"https:\/\/www.espai.es\/blog\/wp-content\/uploads\/2012\/08\/10\u00ba.jpg","keywords":["aniversario","Escola Espai","Espai Barcelona"],"articleSection":["Aniversario","Escola Espai"],"inLanguage":"es"},{"@type":"WebPage","@id":"https:\/\/www.espai.es\/blog\/2012\/08\/a-por-otros-10-anos-2\/","url":"https:\/\/www.espai.es\/blog\/2012\/08\/a-por-otros-10-anos-2\/","name":"A POR OTROS 10 A\u00d1OS!!!! - Blog Escola Espai","isPartOf":{"@id":"https:\/\/www.espai.es\/blog\/#website"},"primaryImageOfPage":{"@id":"https:\/\/www.espai.es\/blog\/2012\/08\/a-por-otros-10-anos-2\/#primaryimage"},"image":{"@id":"https:\/\/www.espai.es\/blog\/2012\/08\/a-por-otros-10-anos-2\/#primaryimage"},"thumbnailUrl":"https:\/\/www.espai.es\/blog\/wp-content\/uploads\/2012\/08\/10\u00ba.jpg","datePublished":"2012-08-28T10:23:18+00:00","dateModified":"2015-02-02T12:21:41+00:00","author":{"@id":"https:\/\/www.espai.es\/blog\/#\/schema\/person\/b5a4f91fbe4f0cfb43c9a3c2ad6efe50"},"breadcrumb":{"@id":"https:\/\/www.espai.es\/blog\/2012\/08\/a-por-otros-10-anos-2\/#breadcrumb"},"inLanguage":"es","potentialAction":[{"@type":"ReadAction","target":["https:\/\/www.espai.es\/blog\/2012\/08\/a-por-otros-10-anos-2\/"]}]},{"@type":"ImageObject","inLanguage":"es","@id":"https:\/\/www.espai.es\/blog\/2012\/08\/a-por-otros-10-anos-2\/#primaryimage","url":"https:\/\/www.espai.es\/blog\/wp-content\/uploads\/2012\/08\/10\u00ba.jpg","contentUrl":"https:\/\/www.espai.es\/blog\/wp-content\/uploads\/2012\/08\/10\u00ba.jpg","width":360,"height":254,"caption":"10\u00ba Aniversario Escola Espai"},{"@type":"BreadcrumbList","@id":"https:\/\/www.espai.es\/blog\/2012\/08\/a-por-otros-10-anos-2\/#breadcrumb","itemListElement":[{"@type":"ListItem","position":1,"name":"Portada","item":"https:\/\/www.espai.es\/blog\/"},{"@type":"ListItem","position":2,"name":"A POR OTROS 10 A\u00d1OS!!!!"}]},{"@type":"WebSite","@id":"https:\/\/www.espai.es\/blog\/#website","url":"https:\/\/www.espai.es\/blog\/","name":"Blog Escola Espai","description":"","potentialAction":[{"@type":"SearchAction","target":{"@type":"EntryPoint","urlTemplate":"https:\/\/www.espai.es\/blog\/?s={search_term_string}"},"query-input":{"@type":"PropertyValueSpecification","valueRequired":true,"valueName":"search_term_string"}}],"inLanguage":"es"},{"@type":"Person","@id":"https:\/\/www.espai.es\/blog\/#\/schema\/person\/b5a4f91fbe4f0cfb43c9a3c2ad6efe50","name":"Magui Sanz","image":{"@type":"ImageObject","inLanguage":"es","@id":"https:\/\/www.espai.es\/blog\/#\/schema\/person\/image\/","url":"https:\/\/secure.gravatar.com\/avatar\/2c98f884b643db29421cd130f4740b473315f3a6cb026b8f12cc50d1cce44b50?s=96&d=mm&r=g","contentUrl":"https:\/\/secure.gravatar.com\/avatar\/2c98f884b643db29421cd130f4740b473315f3a6cb026b8f12cc50d1cce44b50?s=96&d=mm&r=g","caption":"Magui Sanz"},"sameAs":["http:\/\/www.espai.es"],"url":"https:\/\/www.espai.es\/blog\/author\/magui\/"}]}},"jetpack_featured_media_url":"https:\/\/www.espai.es\/blog\/wp-content\/uploads\/2012\/08\/10\u00ba.jpg","jetpack_sharing_enabled":true,"_links":{"self":[{"href":"https:\/\/www.espai.es\/blog\/wp-json\/wp\/v2\/posts\/596","targetHints":{"allow":["GET"]}}],"collection":[{"href":"https:\/\/www.espai.es\/blog\/wp-json\/wp\/v2\/posts"}],"about":[{"href":"https:\/\/www.espai.es\/blog\/wp-json\/wp\/v2\/types\/post"}],"author":[{"embeddable":true,"href":"https:\/\/www.espai.es\/blog\/wp-json\/wp\/v2\/users\/11"}],"replies":[{"embeddable":true,"href":"https:\/\/www.espai.es\/blog\/wp-json\/wp\/v2\/comments?post=596"}],"version-history":[{"count":4,"href":"https:\/\/www.espai.es\/blog\/wp-json\/wp\/v2\/posts\/596\/revisions"}],"predecessor-version":[{"id":600,"href":"https:\/\/www.espai.es\/blog\/wp-json\/wp\/v2\/posts\/596\/revisions\/600"}],"wp:featuredmedia":[{"embeddable":true,"href":"https:\/\/www.espai.es\/blog\/wp-json\/wp\/v2\/media\/3172"}],"wp:attachment":[{"href":"https:\/\/www.espai.es\/blog\/wp-json\/wp\/v2\/media?parent=596"}],"wp:term":[{"taxonomy":"category","embeddable":true,"href":"https:\/\/www.espai.es\/blog\/wp-json\/wp\/v2\/categories?post=596"},{"taxonomy":"post_tag","embeddable":true,"href":"https:\/\/www.espai.es\/blog\/wp-json\/wp\/v2\/tags?post=596"}],"curies":[{"name":"wp","href":"https:\/\/api.w.org\/{rel}","templated":true}]}}