{"id":576,"date":"2012-08-23T11:33:59","date_gmt":"2012-08-23T09:33:59","guid":{"rendered":"http:\/\/www.espai.es\/blog\/?p=576"},"modified":"2014-02-28T23:00:50","modified_gmt":"2014-02-28T21:00:50","slug":"el-futuro-de-la-fotografia","status":"publish","type":"post","link":"https:\/\/www.espai.es\/blog\/2012\/08\/el-futuro-de-la-fotografia\/","title":{"rendered":"El futuro de la fotograf\u00eda en movimiento. La femto fotograf\u00eda."},"content":{"rendered":"<p><a href=\"http:\/\/www.espai.es\/blog\/wp-content\/uploads\/2012\/08\/Harold-Edgerton-Bullet-Image1.jpg\"><a href=\"http:\/\/www.espai.es\/blog\/wp-content\/uploads\/2012\/08\/mosaic22e89640258060f3bf15c5fbcf9526822c5c37d0.jpg\"><\/a><img loading=\"lazy\" decoding=\"async\" class=\"aligncenter size-large wp-image-580\" src=\"http:\/\/www.espai.es\/blog\/wp-content\/uploads\/2012\/08\/Harold-Edgerton-Bullet-Image1-1024x797.jpg\" alt=\"\" width=\"517\" height=\"402\" srcset=\"https:\/\/www.espai.es\/blog\/wp-content\/uploads\/2012\/08\/Harold-Edgerton-Bullet-Image1-1024x797.jpg 1024w, https:\/\/www.espai.es\/blog\/wp-content\/uploads\/2012\/08\/Harold-Edgerton-Bullet-Image1-300x233.jpg 300w, https:\/\/www.espai.es\/blog\/wp-content\/uploads\/2012\/08\/Harold-Edgerton-Bullet-Image1.jpg 1376w\" sizes=\"auto, (max-width: 517px) 100vw, 517px\" \/><\/a>Harold Edgerton Nos impresion\u00f3 con su toma de una bala atrvezando una manzana. Una captura posible con una velocidad de un mill\u00f3n de fotogramas por segundo.<\/p>\n<p>Ahora se crea la femto c\u00e1mara.<\/p>\n<p><a href=\"http:\/\/www.espai.es\/blog\/wp-content\/uploads\/2012\/08\/Femto-Photography-03.jpg\"><img loading=\"lazy\" decoding=\"async\" class=\"aligncenter size-full wp-image-581\" src=\"http:\/\/www.espai.es\/blog\/wp-content\/uploads\/2012\/08\/Femto-Photography-03.jpg\" alt=\"\" width=\"634\" height=\"344\" srcset=\"https:\/\/www.espai.es\/blog\/wp-content\/uploads\/2012\/08\/Femto-Photography-03.jpg 634w, https:\/\/www.espai.es\/blog\/wp-content\/uploads\/2012\/08\/Femto-Photography-03-300x162.jpg 300w\" sizes=\"auto, (max-width: 634px) 100vw, 634px\" \/><\/a><\/p>\n<p>C\u00e1maras que pueden seguir la velocidad de la luz y registrar a una veolocidad \u00a0de un trill\u00f3n de fotogramas por segundo. Slow motions para\u00a0un haz de luz. Esto puede permitir avances interesantes para nuestra vida diaria.\u00a0Todav\u00eda en\u00a0su versi\u00f3n de laboratorio, pero igual de impresionante.<\/p>\n<p><a href=\"http:\/\/www.espai.es\/blog\/wp-content\/uploads\/2012\/08\/mosaic22e89640258060f3bf15c5fbcf9526822c5c37d01.jpg\"><img loading=\"lazy\" decoding=\"async\" class=\"aligncenter size-full wp-image-583\" src=\"http:\/\/www.espai.es\/blog\/wp-content\/uploads\/2012\/08\/mosaic22e89640258060f3bf15c5fbcf9526822c5c37d01.jpg\" alt=\"\" width=\"615\" height=\"615\" srcset=\"https:\/\/www.espai.es\/blog\/wp-content\/uploads\/2012\/08\/mosaic22e89640258060f3bf15c5fbcf9526822c5c37d01.jpg 615w, https:\/\/www.espai.es\/blog\/wp-content\/uploads\/2012\/08\/mosaic22e89640258060f3bf15c5fbcf9526822c5c37d01-150x150.jpg 150w, https:\/\/www.espai.es\/blog\/wp-content\/uploads\/2012\/08\/mosaic22e89640258060f3bf15c5fbcf9526822c5c37d01-300x300.jpg 300w\" sizes=\"auto, (max-width: 615px) 100vw, 615px\" \/><\/a><\/p>\n<p>&nbsp;<\/p>\n<p>&nbsp;<\/p>\n<p>La muestra de luz de\u00a0ejemplo sucede en un nanosegundo de luz atravesando la botella. Pueden observar toda la demostraci\u00f3n en el link:<\/p>\n<p><a href=\"http:\/\/www.youtube.com\/watch?feature=player_embedded&amp;v=SoHeWgLvlXI\">http:\/\/www.youtube.com\/watch?feature=player_embedded&amp;v=SoHeWgLvlXI<\/a><\/p>\n<p>&nbsp;<\/p>\n<p>&nbsp;<\/p>\n<p>&nbsp;<\/p>\n","protected":false},"excerpt":{"rendered":"<p>Harold Edgerton Nos impresion\u00f3 con su toma de una bala atrvezando una manzana. Una captura posible con una velocidad de un mill\u00f3n de fotogramas por segundo. Ahora se crea la femto c\u00e1mara. C\u00e1maras que pueden seguir la velocidad de la luz y registrar a una&#8230;<\/p>\n","protected":false},"author":9,"featured_media":0,"comment_status":"closed","ping_status":"open","sticky":false,"template":"","format":"standard","meta":{"_monsterinsights_skip_tracking":false,"_monsterinsights_sitenote_active":false,"_monsterinsights_sitenote_note":"","_monsterinsights_sitenote_category":0,"jetpack_post_was_ever_published":false,"_jetpack_newsletter_access":"","_jetpack_dont_email_post_to_subs":false,"_jetpack_newsletter_tier_id":0,"_jetpack_memberships_contains_paywalled_content":false,"_ef_editorial_meta_date_first-draft-date":"","_ef_editorial_meta_paragraph_assignment":"","_ef_editorial_meta_checkbox_needs-photo":"","_ef_editorial_meta_number_word-count":"","_jetpack_memberships_contains_paid_content":false,"footnotes":""},"categories":[1],"tags":[],"class_list":["post-576","post","type-post","status-publish","format-standard","hentry","category-sin-categoria"],"yoast_head":"<!-- This site is optimized with the Yoast SEO plugin v27.1.1 - https:\/\/yoast.com\/product\/yoast-seo-wordpress\/ -->\n<title>El futuro de la fotograf\u00eda en movimiento. La femto fotograf\u00eda. - Blog Escola Espai<\/title>\n<meta name=\"robots\" content=\"index, follow, max-snippet:-1, max-image-preview:large, max-video-preview:-1\" \/>\n<link rel=\"canonical\" href=\"https:\/\/www.espai.es\/blog\/2012\/08\/el-futuro-de-la-fotografia\/\" \/>\n<meta property=\"og:locale\" content=\"es_ES\" \/>\n<meta property=\"og:type\" content=\"article\" \/>\n<meta property=\"og:title\" content=\"El futuro de la fotograf\u00eda en movimiento. La femto fotograf\u00eda. - Blog Escola Espai\" \/>\n<meta property=\"og:description\" content=\"Harold Edgerton Nos impresion\u00f3 con su toma de una bala atrvezando una manzana. Una captura posible con una velocidad de un mill\u00f3n de fotogramas por segundo. Ahora se crea la femto c\u00e1mara. C\u00e1maras que pueden seguir la velocidad de la luz y registrar a una...\" \/>\n<meta property=\"og:url\" content=\"https:\/\/www.espai.es\/blog\/2012\/08\/el-futuro-de-la-fotografia\/\" \/>\n<meta property=\"og:site_name\" content=\"Blog Escola Espai\" \/>\n<meta property=\"article:published_time\" content=\"2012-08-23T09:33:59+00:00\" \/>\n<meta property=\"article:modified_time\" content=\"2014-02-28T21:00:50+00:00\" \/>\n<meta property=\"og:image\" content=\"https:\/\/www.espai.es\/blog\/wp-content\/uploads\/2012\/08\/Harold-Edgerton-Bullet-Image1.jpg\" \/>\n\t<meta property=\"og:image:width\" content=\"1376\" \/>\n\t<meta property=\"og:image:height\" content=\"1071\" \/>\n\t<meta property=\"og:image:type\" content=\"image\/jpeg\" \/>\n<meta name=\"author\" content=\"Aleks Alaiza\" \/>\n<meta name=\"twitter:card\" content=\"summary_large_image\" \/>\n<meta name=\"twitter:label1\" content=\"Escrito por\" \/>\n\t<meta name=\"twitter:data1\" content=\"Aleks Alaiza\" \/>\n\t<meta name=\"twitter:label2\" content=\"Tiempo de lectura\" \/>\n\t<meta name=\"twitter:data2\" content=\"1 minuto\" \/>\n<script type=\"application\/ld+json\" class=\"yoast-schema-graph\">{\"@context\":\"https:\/\/schema.org\",\"@graph\":[{\"@type\":\"Article\",\"@id\":\"https:\/\/www.espai.es\/blog\/2012\/08\/el-futuro-de-la-fotografia\/#article\",\"isPartOf\":{\"@id\":\"https:\/\/www.espai.es\/blog\/2012\/08\/el-futuro-de-la-fotografia\/\"},\"author\":{\"name\":\"Aleks Alaiza\",\"@id\":\"https:\/\/www.espai.es\/blog\/#\/schema\/person\/06bffc532e586b7c65d4075f9aa71614\"},\"headline\":\"El futuro de la fotograf\u00eda en movimiento. La femto fotograf\u00eda.\",\"datePublished\":\"2012-08-23T09:33:59+00:00\",\"dateModified\":\"2014-02-28T21:00:50+00:00\",\"mainEntityOfPage\":{\"@id\":\"https:\/\/www.espai.es\/blog\/2012\/08\/el-futuro-de-la-fotografia\/\"},\"wordCount\":137,\"image\":{\"@id\":\"https:\/\/www.espai.es\/blog\/2012\/08\/el-futuro-de-la-fotografia\/#primaryimage\"},\"thumbnailUrl\":\"http:\/\/www.espai.es\/blog\/wp-content\/uploads\/2012\/08\/Harold-Edgerton-Bullet-Image1-1024x797.jpg\",\"inLanguage\":\"es\"},{\"@type\":\"WebPage\",\"@id\":\"https:\/\/www.espai.es\/blog\/2012\/08\/el-futuro-de-la-fotografia\/\",\"url\":\"https:\/\/www.espai.es\/blog\/2012\/08\/el-futuro-de-la-fotografia\/\",\"name\":\"El futuro de la fotograf\u00eda en movimiento. La femto fotograf\u00eda. - Blog Escola Espai\",\"isPartOf\":{\"@id\":\"https:\/\/www.espai.es\/blog\/#website\"},\"primaryImageOfPage\":{\"@id\":\"https:\/\/www.espai.es\/blog\/2012\/08\/el-futuro-de-la-fotografia\/#primaryimage\"},\"image\":{\"@id\":\"https:\/\/www.espai.es\/blog\/2012\/08\/el-futuro-de-la-fotografia\/#primaryimage\"},\"thumbnailUrl\":\"http:\/\/www.espai.es\/blog\/wp-content\/uploads\/2012\/08\/Harold-Edgerton-Bullet-Image1-1024x797.jpg\",\"datePublished\":\"2012-08-23T09:33:59+00:00\",\"dateModified\":\"2014-02-28T21:00:50+00:00\",\"author\":{\"@id\":\"https:\/\/www.espai.es\/blog\/#\/schema\/person\/06bffc532e586b7c65d4075f9aa71614\"},\"breadcrumb\":{\"@id\":\"https:\/\/www.espai.es\/blog\/2012\/08\/el-futuro-de-la-fotografia\/#breadcrumb\"},\"inLanguage\":\"es\",\"potentialAction\":[{\"@type\":\"ReadAction\",\"target\":[\"https:\/\/www.espai.es\/blog\/2012\/08\/el-futuro-de-la-fotografia\/\"]}]},{\"@type\":\"ImageObject\",\"inLanguage\":\"es\",\"@id\":\"https:\/\/www.espai.es\/blog\/2012\/08\/el-futuro-de-la-fotografia\/#primaryimage\",\"url\":\"http:\/\/www.espai.es\/blog\/wp-content\/uploads\/2012\/08\/Harold-Edgerton-Bullet-Image1-1024x797.jpg\",\"contentUrl\":\"http:\/\/www.espai.es\/blog\/wp-content\/uploads\/2012\/08\/Harold-Edgerton-Bullet-Image1-1024x797.jpg\"},{\"@type\":\"BreadcrumbList\",\"@id\":\"https:\/\/www.espai.es\/blog\/2012\/08\/el-futuro-de-la-fotografia\/#breadcrumb\",\"itemListElement\":[{\"@type\":\"ListItem\",\"position\":1,\"name\":\"Portada\",\"item\":\"https:\/\/www.espai.es\/blog\/\"},{\"@type\":\"ListItem\",\"position\":2,\"name\":\"El futuro de la fotograf\u00eda en movimiento. La femto fotograf\u00eda.\"}]},{\"@type\":\"WebSite\",\"@id\":\"https:\/\/www.espai.es\/blog\/#website\",\"url\":\"https:\/\/www.espai.es\/blog\/\",\"name\":\"Blog Escola Espai\",\"description\":\"\",\"potentialAction\":[{\"@type\":\"SearchAction\",\"target\":{\"@type\":\"EntryPoint\",\"urlTemplate\":\"https:\/\/www.espai.es\/blog\/?s={search_term_string}\"},\"query-input\":{\"@type\":\"PropertyValueSpecification\",\"valueRequired\":true,\"valueName\":\"search_term_string\"}}],\"inLanguage\":\"es\"},{\"@type\":\"Person\",\"@id\":\"https:\/\/www.espai.es\/blog\/#\/schema\/person\/06bffc532e586b7c65d4075f9aa71614\",\"name\":\"Aleks Alaiza\",\"image\":{\"@type\":\"ImageObject\",\"inLanguage\":\"es\",\"@id\":\"https:\/\/www.espai.es\/blog\/#\/schema\/person\/image\/\",\"url\":\"https:\/\/secure.gravatar.com\/avatar\/31ca501c2de55575f1c22529abcfa0253c609600eac1173693b8fbc98f0bec6c?s=96&d=mm&r=g\",\"contentUrl\":\"https:\/\/secure.gravatar.com\/avatar\/31ca501c2de55575f1c22529abcfa0253c609600eac1173693b8fbc98f0bec6c?s=96&d=mm&r=g\",\"caption\":\"Aleks Alaiza\"},\"sameAs\":[\"http:\/\/www.espai.es\"],\"url\":\"https:\/\/www.espai.es\/blog\/author\/aleks\/\"}]}<\/script>\n<!-- \/ Yoast SEO plugin. -->","yoast_head_json":{"title":"El futuro de la fotograf\u00eda en movimiento. La femto fotograf\u00eda. - Blog Escola Espai","robots":{"index":"index","follow":"follow","max-snippet":"max-snippet:-1","max-image-preview":"max-image-preview:large","max-video-preview":"max-video-preview:-1"},"canonical":"https:\/\/www.espai.es\/blog\/2012\/08\/el-futuro-de-la-fotografia\/","og_locale":"es_ES","og_type":"article","og_title":"El futuro de la fotograf\u00eda en movimiento. La femto fotograf\u00eda. - Blog Escola Espai","og_description":"Harold Edgerton Nos impresion\u00f3 con su toma de una bala atrvezando una manzana. Una captura posible con una velocidad de un mill\u00f3n de fotogramas por segundo. Ahora se crea la femto c\u00e1mara. C\u00e1maras que pueden seguir la velocidad de la luz y registrar a una...","og_url":"https:\/\/www.espai.es\/blog\/2012\/08\/el-futuro-de-la-fotografia\/","og_site_name":"Blog Escola Espai","article_published_time":"2012-08-23T09:33:59+00:00","article_modified_time":"2014-02-28T21:00:50+00:00","og_image":[{"width":1376,"height":1071,"url":"https:\/\/www.espai.es\/blog\/wp-content\/uploads\/2012\/08\/Harold-Edgerton-Bullet-Image1.jpg","type":"image\/jpeg"}],"author":"Aleks Alaiza","twitter_card":"summary_large_image","twitter_misc":{"Escrito por":"Aleks Alaiza","Tiempo de lectura":"1 minuto"},"schema":{"@context":"https:\/\/schema.org","@graph":[{"@type":"Article","@id":"https:\/\/www.espai.es\/blog\/2012\/08\/el-futuro-de-la-fotografia\/#article","isPartOf":{"@id":"https:\/\/www.espai.es\/blog\/2012\/08\/el-futuro-de-la-fotografia\/"},"author":{"name":"Aleks Alaiza","@id":"https:\/\/www.espai.es\/blog\/#\/schema\/person\/06bffc532e586b7c65d4075f9aa71614"},"headline":"El futuro de la fotograf\u00eda en movimiento. La femto fotograf\u00eda.","datePublished":"2012-08-23T09:33:59+00:00","dateModified":"2014-02-28T21:00:50+00:00","mainEntityOfPage":{"@id":"https:\/\/www.espai.es\/blog\/2012\/08\/el-futuro-de-la-fotografia\/"},"wordCount":137,"image":{"@id":"https:\/\/www.espai.es\/blog\/2012\/08\/el-futuro-de-la-fotografia\/#primaryimage"},"thumbnailUrl":"http:\/\/www.espai.es\/blog\/wp-content\/uploads\/2012\/08\/Harold-Edgerton-Bullet-Image1-1024x797.jpg","inLanguage":"es"},{"@type":"WebPage","@id":"https:\/\/www.espai.es\/blog\/2012\/08\/el-futuro-de-la-fotografia\/","url":"https:\/\/www.espai.es\/blog\/2012\/08\/el-futuro-de-la-fotografia\/","name":"El futuro de la fotograf\u00eda en movimiento. La femto fotograf\u00eda. - Blog Escola Espai","isPartOf":{"@id":"https:\/\/www.espai.es\/blog\/#website"},"primaryImageOfPage":{"@id":"https:\/\/www.espai.es\/blog\/2012\/08\/el-futuro-de-la-fotografia\/#primaryimage"},"image":{"@id":"https:\/\/www.espai.es\/blog\/2012\/08\/el-futuro-de-la-fotografia\/#primaryimage"},"thumbnailUrl":"http:\/\/www.espai.es\/blog\/wp-content\/uploads\/2012\/08\/Harold-Edgerton-Bullet-Image1-1024x797.jpg","datePublished":"2012-08-23T09:33:59+00:00","dateModified":"2014-02-28T21:00:50+00:00","author":{"@id":"https:\/\/www.espai.es\/blog\/#\/schema\/person\/06bffc532e586b7c65d4075f9aa71614"},"breadcrumb":{"@id":"https:\/\/www.espai.es\/blog\/2012\/08\/el-futuro-de-la-fotografia\/#breadcrumb"},"inLanguage":"es","potentialAction":[{"@type":"ReadAction","target":["https:\/\/www.espai.es\/blog\/2012\/08\/el-futuro-de-la-fotografia\/"]}]},{"@type":"ImageObject","inLanguage":"es","@id":"https:\/\/www.espai.es\/blog\/2012\/08\/el-futuro-de-la-fotografia\/#primaryimage","url":"http:\/\/www.espai.es\/blog\/wp-content\/uploads\/2012\/08\/Harold-Edgerton-Bullet-Image1-1024x797.jpg","contentUrl":"http:\/\/www.espai.es\/blog\/wp-content\/uploads\/2012\/08\/Harold-Edgerton-Bullet-Image1-1024x797.jpg"},{"@type":"BreadcrumbList","@id":"https:\/\/www.espai.es\/blog\/2012\/08\/el-futuro-de-la-fotografia\/#breadcrumb","itemListElement":[{"@type":"ListItem","position":1,"name":"Portada","item":"https:\/\/www.espai.es\/blog\/"},{"@type":"ListItem","position":2,"name":"El futuro de la fotograf\u00eda en movimiento. La femto fotograf\u00eda."}]},{"@type":"WebSite","@id":"https:\/\/www.espai.es\/blog\/#website","url":"https:\/\/www.espai.es\/blog\/","name":"Blog Escola Espai","description":"","potentialAction":[{"@type":"SearchAction","target":{"@type":"EntryPoint","urlTemplate":"https:\/\/www.espai.es\/blog\/?s={search_term_string}"},"query-input":{"@type":"PropertyValueSpecification","valueRequired":true,"valueName":"search_term_string"}}],"inLanguage":"es"},{"@type":"Person","@id":"https:\/\/www.espai.es\/blog\/#\/schema\/person\/06bffc532e586b7c65d4075f9aa71614","name":"Aleks Alaiza","image":{"@type":"ImageObject","inLanguage":"es","@id":"https:\/\/www.espai.es\/blog\/#\/schema\/person\/image\/","url":"https:\/\/secure.gravatar.com\/avatar\/31ca501c2de55575f1c22529abcfa0253c609600eac1173693b8fbc98f0bec6c?s=96&d=mm&r=g","contentUrl":"https:\/\/secure.gravatar.com\/avatar\/31ca501c2de55575f1c22529abcfa0253c609600eac1173693b8fbc98f0bec6c?s=96&d=mm&r=g","caption":"Aleks Alaiza"},"sameAs":["http:\/\/www.espai.es"],"url":"https:\/\/www.espai.es\/blog\/author\/aleks\/"}]}},"jetpack_featured_media_url":"","jetpack_sharing_enabled":true,"_links":{"self":[{"href":"https:\/\/www.espai.es\/blog\/wp-json\/wp\/v2\/posts\/576","targetHints":{"allow":["GET"]}}],"collection":[{"href":"https:\/\/www.espai.es\/blog\/wp-json\/wp\/v2\/posts"}],"about":[{"href":"https:\/\/www.espai.es\/blog\/wp-json\/wp\/v2\/types\/post"}],"author":[{"embeddable":true,"href":"https:\/\/www.espai.es\/blog\/wp-json\/wp\/v2\/users\/9"}],"replies":[{"embeddable":true,"href":"https:\/\/www.espai.es\/blog\/wp-json\/wp\/v2\/comments?post=576"}],"version-history":[{"count":6,"href":"https:\/\/www.espai.es\/blog\/wp-json\/wp\/v2\/posts\/576\/revisions"}],"predecessor-version":[{"id":2110,"href":"https:\/\/www.espai.es\/blog\/wp-json\/wp\/v2\/posts\/576\/revisions\/2110"}],"wp:attachment":[{"href":"https:\/\/www.espai.es\/blog\/wp-json\/wp\/v2\/media?parent=576"}],"wp:term":[{"taxonomy":"category","embeddable":true,"href":"https:\/\/www.espai.es\/blog\/wp-json\/wp\/v2\/categories?post=576"},{"taxonomy":"post_tag","embeddable":true,"href":"https:\/\/www.espai.es\/blog\/wp-json\/wp\/v2\/tags?post=576"}],"curies":[{"name":"wp","href":"https:\/\/api.w.org\/{rel}","templated":true}]}}