{"id":5653,"date":"2016-08-01T10:56:58","date_gmt":"2016-08-01T09:56:58","guid":{"rendered":"http:\/\/www.espai.es\/blog\/?p=5653"},"modified":"2016-08-01T11:13:42","modified_gmt":"2016-08-01T10:13:42","slug":"lectura-para-el-verano","status":"publish","type":"post","link":"https:\/\/www.espai.es\/blog\/2016\/08\/lectura-para-el-verano\/","title":{"rendered":"Lectura para el verano"},"content":{"rendered":"<p>Buenos d\u00edas a todos y bienvenidos\u00a0a un nuevo art\u00edculo de Espai.<\/p>\n<p>S\u00e9 que el t\u00edtulo de hoy\u00a0os recordar\u00e1 (a algunos, al menos) el \u00faltimo d\u00eda de colegio, ese momento agridulce donde estabas a punto de saborear la libertad. Ya ve\u00edas un mundo de color de rosa lleno de calippos verdes y gominolas arco\u00edris&#8230; Y justo en ese instante, aparec\u00eda el profe con una lista que parec\u00eda la compra mensual\u00a0del Mercachona y te colocaba la fat\u00eddica <strong>Lectura para el verano<\/strong>.<\/p>\n<p>Libros para leer,\u00a0\u00a0a tutipl\u00e9n y adem\u00e1s de aquellos tochos. Te lo imaginabas en su casa maquinando, con los ojos entornados y echando la cabeza hacia atr\u00e1s&#8230; Lanzando una risa maligna mientras afilaba su bol\u00edgrafo de poner ceros.<\/p>\n<p>&nbsp;<\/p>\n<p><a href=\"https:\/\/www.youtube.com\/watch?v=e2xkPh0lMxo\"><img loading=\"lazy\" decoding=\"async\" class=\"aligncenter wp-image-5702 size-full\" src=\"http:\/\/www.espai.es\/blog\/wp-content\/uploads\/2016\/07\/espai-programacion-lectura-verano-1.jpg\" alt=\"Lectura para el verano\" width=\"908\" height=\"451\" srcset=\"https:\/\/www.espai.es\/blog\/wp-content\/uploads\/2016\/07\/espai-programacion-lectura-verano-1.jpg 908w, https:\/\/www.espai.es\/blog\/wp-content\/uploads\/2016\/07\/espai-programacion-lectura-verano-1-300x149.jpg 300w, https:\/\/www.espai.es\/blog\/wp-content\/uploads\/2016\/07\/espai-programacion-lectura-verano-1-768x381.jpg 768w\" sizes=\"auto, (max-width: 908px) 100vw, 908px\" \/><\/a><\/p>\n<p style=\"text-align: center\">\u00bfEl Quijote o El lazarillo de Tormes?<br \/>\n\u00a1Mejor los 2!<\/p>\n<p>&nbsp;<\/p>\n<p>Tranquilos, que \u00e9ste no es el caso.\u00a0Los libros que os voy a proponer os ayudar\u00e1n a ser mejores programadores, a crear un c\u00f3digo m\u00e1s fiable, sencillo y eficiente. \u00a1Adem\u00e1s perd\u00ed mi bol\u00edgrafo! As\u00ed que no\u00a0deb\u00e9is preocuparos.<\/p>\n<p>Los libros est\u00e1n clasificados por tem\u00e1ticas, por si os interesan una m\u00e1s que las otras. \u00a1Aqu\u00ed vienen!<\/p>\n<p>&nbsp;<\/p>\n<h3>PROGRAMACI\u00d3N<\/h3>\n<p>&nbsp;<\/p>\n<p><strong>Thinking in Java: Bruce Eckel<\/strong><\/p>\n<p>Tambi\u00e9n hay una versi\u00f3n \u00abThinking in C++\u00bb muy interesante. Los dos cubren el lenguaje en profundidad, y desvelan cantidad de trucos interesantes y de fragmentos de c\u00f3digo que podremos reutilizar en nuestros programas.<\/p>\n<p>&nbsp;<\/p>\n<p><img loading=\"lazy\" decoding=\"async\" class=\"aligncenter wp-image-5703 size-full\" src=\"http:\/\/www.espai.es\/blog\/wp-content\/uploads\/2016\/07\/espai-programacion-lectura-verano-2.jpg\" alt=\"Lectura para el verano\" width=\"354\" height=\"475\" srcset=\"https:\/\/www.espai.es\/blog\/wp-content\/uploads\/2016\/07\/espai-programacion-lectura-verano-2.jpg 354w, https:\/\/www.espai.es\/blog\/wp-content\/uploads\/2016\/07\/espai-programacion-lectura-verano-2-224x300.jpg 224w\" sizes=\"auto, (max-width: 354px) 100vw, 354px\" \/><\/p>\n<p>&nbsp;<\/p>\n<p><strong>Effective Java: Joshua Bloch<\/strong><\/p>\n<p>Aqu\u00ed nos dar\u00e1n\u00a0una serie de recomendaciones (100) \u00a0que valen cada una su peso en oro. La programaci\u00f3n es como cualquier otro oficio, aprender lo que casi nadie hace es lo que te diferenciar\u00e1 del resto.<\/p>\n<p>&nbsp;<\/p>\n<p><img loading=\"lazy\" decoding=\"async\" class=\"aligncenter wp-image-5704 size-full\" src=\"http:\/\/www.espai.es\/blog\/wp-content\/uploads\/2016\/07\/espai-programacion-lectura-verano-3.jpg\" alt=\"Lectura para el verano\" width=\"515\" height=\"648\" srcset=\"https:\/\/www.espai.es\/blog\/wp-content\/uploads\/2016\/07\/espai-programacion-lectura-verano-3.jpg 515w, https:\/\/www.espai.es\/blog\/wp-content\/uploads\/2016\/07\/espai-programacion-lectura-verano-3-238x300.jpg 238w\" sizes=\"auto, (max-width: 515px) 100vw, 515px\" \/><\/p>\n<p>&nbsp;<\/p>\n<p><strong>The productive programmer: Neal Ford<\/strong><\/p>\n<p>No todo es programar como locos. A veces conocer bien la herramienta adecuada nos puede quitar mucho trabajo. Atajos de teclado, grabadores de macros que automaticen tareas comunes y sentido com\u00fan, 3 herramientas que reducir\u00e1n a la mitad el tiempo que dedicas. El resto, para unas ca\u00f1as o tu clase de aerobic&#8230; \u00a1Como prefieras!<\/p>\n<p>&nbsp;<\/p>\n<p><img loading=\"lazy\" decoding=\"async\" class=\"aligncenter wp-image-5705 size-full\" src=\"http:\/\/www.espai.es\/blog\/wp-content\/uploads\/2016\/07\/espai-programacion-lectura-verano-4.jpg\" alt=\"Lectura para el verano\" width=\"500\" height=\"656\" srcset=\"https:\/\/www.espai.es\/blog\/wp-content\/uploads\/2016\/07\/espai-programacion-lectura-verano-4.jpg 500w, https:\/\/www.espai.es\/blog\/wp-content\/uploads\/2016\/07\/espai-programacion-lectura-verano-4-229x300.jpg 229w\" sizes=\"auto, (max-width: 500px) 100vw, 500px\" \/><\/p>\n<p>&nbsp;<\/p>\n<h3>M\u00c1RKETING<\/h3>\n<p>&nbsp;<\/p>\n<p><strong>Marketing de aplicaciones Android: Jeffreh Hughes<\/strong><\/p>\n<p>Enorme libro de 336 paginas (obviamente por su calidad) donde aprenderemos lo que a menudo nos falta a los programadores: A vender nuestro producto, que lo va a petar&#8230;\u00a0Despu\u00e9s de leerlo,\u00a0sabremos c\u00f3mo hacer que el mundo lo conozca!<\/p>\n<p>&nbsp;<\/p>\n<p><img loading=\"lazy\" decoding=\"async\" class=\"aligncenter wp-image-5706 size-full\" src=\"http:\/\/www.espai.es\/blog\/wp-content\/uploads\/2016\/07\/espai-programacion-lectura-verano-5.jpg\" alt=\"Lectura para el verano\" width=\"475\" height=\"600\" srcset=\"https:\/\/www.espai.es\/blog\/wp-content\/uploads\/2016\/07\/espai-programacion-lectura-verano-5.jpg 475w, https:\/\/www.espai.es\/blog\/wp-content\/uploads\/2016\/07\/espai-programacion-lectura-verano-5-238x300.jpg 238w\" sizes=\"auto, (max-width: 475px) 100vw, 475px\" \/><\/p>\n<p>&nbsp;<\/p>\n<h3>DISE\u00d1O DE APLICACIONES<\/h3>\n<p><strong>UML y patrones: Craig Larman<\/strong><\/p>\n<p>El ser humano es experto en reinventar la rueda. Este libro evitar\u00e1 que lo hagamos, hay multitud de problemas que ya se conocen y lo mejor de todo, que ya tienen soluci\u00f3n. Este libro te propone varias muy interesantes, adem\u00e1s de ayudarnos a conocer el lenguaje universal en la ingenier\u00eda de software: el UML (Unified Modeling Language).\u00a0La documentaci\u00f3n de cualquier proyecto\u00a0de software estar\u00e1 escrita en este lenguaje, y probablemente lo necesites en\u00a0alg\u00fan momento.<\/p>\n<p>&nbsp;<\/p>\n<p><img loading=\"lazy\" decoding=\"async\" class=\"aligncenter wp-image-5707 size-full\" src=\"http:\/\/www.espai.es\/blog\/wp-content\/uploads\/2016\/07\/espai-programacion-lectura-verano-6.jpg\" alt=\"Lectura para el verano\" width=\"467\" height=\"600\" srcset=\"https:\/\/www.espai.es\/blog\/wp-content\/uploads\/2016\/07\/espai-programacion-lectura-verano-6.jpg 467w, https:\/\/www.espai.es\/blog\/wp-content\/uploads\/2016\/07\/espai-programacion-lectura-verano-6-234x300.jpg 234w\" sizes=\"auto, (max-width: 467px) 100vw, 467px\" \/><\/p>\n<p>&nbsp;<\/p>\n<p>\u00c9stas son mis recomendaciones de lectura,\u00a0a m\u00ed me fueron muy \u00fatiles\u00a0y me abrieron los ojos a una forma mejor\u00a0de programar.\u00a0La esencia de todos ellos es hacer menos con m\u00e1s, y aprovechar bien el tiempo que \u00e9se no tiene precio \ud83d\ude09<\/p>\n<p>Espero que te gusten, y si\u00a0quieres sugerir alguno m\u00e1s\u00a0estar\u00e9\u00a0encantado de recibir tus comentarios!<\/p>\n<p>&nbsp;<\/p>\n<p>\u00a1Saludos a todos, y Feliz verano!!<\/p>\n<p>&nbsp;<\/p>\n<p>&nbsp;<\/p>\n<p>&nbsp;<\/p>\n","protected":false},"excerpt":{"rendered":"<p>Buenos d\u00edas a todos y bienvenidos\u00a0a un nuevo art\u00edculo de Espai. S\u00e9 que el t\u00edtulo de hoy\u00a0os recordar\u00e1 (a algunos, al menos) el \u00faltimo d\u00eda de colegio, ese momento agridulce donde estabas a punto de saborear la libertad. Ya ve\u00edas un mundo de color de&#8230;<\/p>\n","protected":false},"author":3,"featured_media":5711,"comment_status":"open","ping_status":"closed","sticky":false,"template":"","format":"standard","meta":{"_monsterinsights_skip_tracking":false,"_monsterinsights_sitenote_active":false,"_monsterinsights_sitenote_note":"","_monsterinsights_sitenote_category":0,"jetpack_post_was_ever_published":false,"_jetpack_newsletter_access":"","_jetpack_dont_email_post_to_subs":false,"_jetpack_newsletter_tier_id":0,"_jetpack_memberships_contains_paywalled_content":false,"_ef_editorial_meta_date_first-draft-date":"","_ef_editorial_meta_paragraph_assignment":"","_ef_editorial_meta_checkbox_needs-photo":"","_ef_editorial_meta_number_word-count":"","_jetpack_memberships_contains_paid_content":false,"footnotes":""},"categories":[218,379,5,1],"tags":[530,41,532,531,89],"class_list":["post-5653","post","type-post","status-publish","format-standard","has-post-thumbnail","hentry","category-escola-espai","category-productividad","category-programacion","category-sin-categoria","tag-escuela","tag-espai","tag-lectura","tag-libros","tag-programacion-2"],"yoast_head":"<!-- This site is optimized with the Yoast SEO plugin v27.1.1 - https:\/\/yoast.com\/product\/yoast-seo-wordpress\/ -->\n<title>Lectura para el verano - Blog Escola Espai<\/title>\n<meta name=\"description\" content=\"Lectura para el verano para mejorar en programaci\u00f3n y desarrollo de aplicaciones. Tambi\u00e9n veremos como mejorar en la publicaci\u00f3n y el dise\u00f1o de las mismas.\" \/>\n<meta name=\"robots\" content=\"index, follow, max-snippet:-1, max-image-preview:large, max-video-preview:-1\" \/>\n<link rel=\"canonical\" href=\"https:\/\/www.espai.es\/blog\/2016\/08\/lectura-para-el-verano\/\" \/>\n<meta property=\"og:locale\" content=\"es_ES\" \/>\n<meta property=\"og:type\" content=\"article\" \/>\n<meta property=\"og:title\" content=\"Lectura para el verano - Blog Escola Espai\" \/>\n<meta property=\"og:description\" content=\"Lectura para el verano para mejorar en programaci\u00f3n y desarrollo de aplicaciones. Tambi\u00e9n veremos como mejorar en la publicaci\u00f3n y el dise\u00f1o de las mismas.\" \/>\n<meta property=\"og:url\" content=\"https:\/\/www.espai.es\/blog\/2016\/08\/lectura-para-el-verano\/\" \/>\n<meta property=\"og:site_name\" content=\"Blog Escola Espai\" \/>\n<meta property=\"article:published_time\" content=\"2016-08-01T09:56:58+00:00\" \/>\n<meta property=\"article:modified_time\" content=\"2016-08-01T10:13:42+00:00\" \/>\n<meta property=\"og:image\" content=\"https:\/\/www.espai.es\/blog\/wp-content\/uploads\/2016\/08\/espai-programacion-lectura-verano-0-1.jpg\" \/>\n\t<meta property=\"og:image:width\" content=\"399\" \/>\n\t<meta property=\"og:image:height\" content=\"300\" \/>\n\t<meta property=\"og:image:type\" content=\"image\/jpeg\" \/>\n<meta name=\"author\" content=\"Escobar\" \/>\n<meta name=\"twitter:card\" content=\"summary_large_image\" \/>\n<meta name=\"twitter:label1\" content=\"Escrito por\" \/>\n\t<meta name=\"twitter:data1\" content=\"Escobar\" \/>\n\t<meta name=\"twitter:label2\" content=\"Tiempo de lectura\" \/>\n\t<meta name=\"twitter:data2\" content=\"3 minutos\" \/>\n<script type=\"application\/ld+json\" class=\"yoast-schema-graph\">{\"@context\":\"https:\/\/schema.org\",\"@graph\":[{\"@type\":\"Article\",\"@id\":\"https:\/\/www.espai.es\/blog\/2016\/08\/lectura-para-el-verano\/#article\",\"isPartOf\":{\"@id\":\"https:\/\/www.espai.es\/blog\/2016\/08\/lectura-para-el-verano\/\"},\"author\":{\"name\":\"Escobar\",\"@id\":\"https:\/\/www.espai.es\/blog\/#\/schema\/person\/d2e265073982f28e16cb7edccbd16602\"},\"headline\":\"Lectura para el verano\",\"datePublished\":\"2016-08-01T09:56:58+00:00\",\"dateModified\":\"2016-08-01T10:13:42+00:00\",\"mainEntityOfPage\":{\"@id\":\"https:\/\/www.espai.es\/blog\/2016\/08\/lectura-para-el-verano\/\"},\"wordCount\":580,\"commentCount\":0,\"image\":{\"@id\":\"https:\/\/www.espai.es\/blog\/2016\/08\/lectura-para-el-verano\/#primaryimage\"},\"thumbnailUrl\":\"https:\/\/www.espai.es\/blog\/wp-content\/uploads\/2016\/08\/espai-programacion-lectura-verano-0-1.jpg\",\"keywords\":[\"escuela\",\"Espai\",\"lectura\",\"libros\",\"programaci\u00f3n\"],\"articleSection\":[\"Escola Espai\",\"Productividad\",\"Programaci\u00f3n\"],\"inLanguage\":\"es\",\"potentialAction\":[{\"@type\":\"CommentAction\",\"name\":\"Comment\",\"target\":[\"https:\/\/www.espai.es\/blog\/2016\/08\/lectura-para-el-verano\/#respond\"]}]},{\"@type\":\"WebPage\",\"@id\":\"https:\/\/www.espai.es\/blog\/2016\/08\/lectura-para-el-verano\/\",\"url\":\"https:\/\/www.espai.es\/blog\/2016\/08\/lectura-para-el-verano\/\",\"name\":\"Lectura para el verano - Blog Escola Espai\",\"isPartOf\":{\"@id\":\"https:\/\/www.espai.es\/blog\/#website\"},\"primaryImageOfPage\":{\"@id\":\"https:\/\/www.espai.es\/blog\/2016\/08\/lectura-para-el-verano\/#primaryimage\"},\"image\":{\"@id\":\"https:\/\/www.espai.es\/blog\/2016\/08\/lectura-para-el-verano\/#primaryimage\"},\"thumbnailUrl\":\"https:\/\/www.espai.es\/blog\/wp-content\/uploads\/2016\/08\/espai-programacion-lectura-verano-0-1.jpg\",\"datePublished\":\"2016-08-01T09:56:58+00:00\",\"dateModified\":\"2016-08-01T10:13:42+00:00\",\"author\":{\"@id\":\"https:\/\/www.espai.es\/blog\/#\/schema\/person\/d2e265073982f28e16cb7edccbd16602\"},\"description\":\"Lectura para el verano para mejorar en programaci\u00f3n y desarrollo de aplicaciones. Tambi\u00e9n veremos como mejorar en la publicaci\u00f3n y el dise\u00f1o de las mismas.\",\"breadcrumb\":{\"@id\":\"https:\/\/www.espai.es\/blog\/2016\/08\/lectura-para-el-verano\/#breadcrumb\"},\"inLanguage\":\"es\",\"potentialAction\":[{\"@type\":\"ReadAction\",\"target\":[\"https:\/\/www.espai.es\/blog\/2016\/08\/lectura-para-el-verano\/\"]}]},{\"@type\":\"ImageObject\",\"inLanguage\":\"es\",\"@id\":\"https:\/\/www.espai.es\/blog\/2016\/08\/lectura-para-el-verano\/#primaryimage\",\"url\":\"https:\/\/www.espai.es\/blog\/wp-content\/uploads\/2016\/08\/espai-programacion-lectura-verano-0-1.jpg\",\"contentUrl\":\"https:\/\/www.espai.es\/blog\/wp-content\/uploads\/2016\/08\/espai-programacion-lectura-verano-0-1.jpg\",\"width\":399,\"height\":300},{\"@type\":\"BreadcrumbList\",\"@id\":\"https:\/\/www.espai.es\/blog\/2016\/08\/lectura-para-el-verano\/#breadcrumb\",\"itemListElement\":[{\"@type\":\"ListItem\",\"position\":1,\"name\":\"Portada\",\"item\":\"https:\/\/www.espai.es\/blog\/\"},{\"@type\":\"ListItem\",\"position\":2,\"name\":\"Lectura para el verano\"}]},{\"@type\":\"WebSite\",\"@id\":\"https:\/\/www.espai.es\/blog\/#website\",\"url\":\"https:\/\/www.espai.es\/blog\/\",\"name\":\"Blog Escola Espai\",\"description\":\"\",\"potentialAction\":[{\"@type\":\"SearchAction\",\"target\":{\"@type\":\"EntryPoint\",\"urlTemplate\":\"https:\/\/www.espai.es\/blog\/?s={search_term_string}\"},\"query-input\":{\"@type\":\"PropertyValueSpecification\",\"valueRequired\":true,\"valueName\":\"search_term_string\"}}],\"inLanguage\":\"es\"},{\"@type\":\"Person\",\"@id\":\"https:\/\/www.espai.es\/blog\/#\/schema\/person\/d2e265073982f28e16cb7edccbd16602\",\"name\":\"Escobar\",\"image\":{\"@type\":\"ImageObject\",\"inLanguage\":\"es\",\"@id\":\"https:\/\/www.espai.es\/blog\/#\/schema\/person\/image\/\",\"url\":\"https:\/\/secure.gravatar.com\/avatar\/6fb517675f8bc757ee26d9143abae3c5eac58b13068bfcbc1485bbb092cef370?s=96&d=mm&r=g\",\"contentUrl\":\"https:\/\/secure.gravatar.com\/avatar\/6fb517675f8bc757ee26d9143abae3c5eac58b13068bfcbc1485bbb092cef370?s=96&d=mm&r=g\",\"caption\":\"Escobar\"},\"sameAs\":[\"http:\/\/www.espai.es\"],\"url\":\"https:\/\/www.espai.es\/blog\/author\/escobar\/\"}]}<\/script>\n<!-- \/ Yoast SEO plugin. -->","yoast_head_json":{"title":"Lectura para el verano - Blog Escola Espai","description":"Lectura para el verano para mejorar en programaci\u00f3n y desarrollo de aplicaciones. Tambi\u00e9n veremos como mejorar en la publicaci\u00f3n y el dise\u00f1o de las mismas.","robots":{"index":"index","follow":"follow","max-snippet":"max-snippet:-1","max-image-preview":"max-image-preview:large","max-video-preview":"max-video-preview:-1"},"canonical":"https:\/\/www.espai.es\/blog\/2016\/08\/lectura-para-el-verano\/","og_locale":"es_ES","og_type":"article","og_title":"Lectura para el verano - Blog Escola Espai","og_description":"Lectura para el verano para mejorar en programaci\u00f3n y desarrollo de aplicaciones. Tambi\u00e9n veremos como mejorar en la publicaci\u00f3n y el dise\u00f1o de las mismas.","og_url":"https:\/\/www.espai.es\/blog\/2016\/08\/lectura-para-el-verano\/","og_site_name":"Blog Escola Espai","article_published_time":"2016-08-01T09:56:58+00:00","article_modified_time":"2016-08-01T10:13:42+00:00","og_image":[{"width":399,"height":300,"url":"https:\/\/www.espai.es\/blog\/wp-content\/uploads\/2016\/08\/espai-programacion-lectura-verano-0-1.jpg","type":"image\/jpeg"}],"author":"Escobar","twitter_card":"summary_large_image","twitter_misc":{"Escrito por":"Escobar","Tiempo de lectura":"3 minutos"},"schema":{"@context":"https:\/\/schema.org","@graph":[{"@type":"Article","@id":"https:\/\/www.espai.es\/blog\/2016\/08\/lectura-para-el-verano\/#article","isPartOf":{"@id":"https:\/\/www.espai.es\/blog\/2016\/08\/lectura-para-el-verano\/"},"author":{"name":"Escobar","@id":"https:\/\/www.espai.es\/blog\/#\/schema\/person\/d2e265073982f28e16cb7edccbd16602"},"headline":"Lectura para el verano","datePublished":"2016-08-01T09:56:58+00:00","dateModified":"2016-08-01T10:13:42+00:00","mainEntityOfPage":{"@id":"https:\/\/www.espai.es\/blog\/2016\/08\/lectura-para-el-verano\/"},"wordCount":580,"commentCount":0,"image":{"@id":"https:\/\/www.espai.es\/blog\/2016\/08\/lectura-para-el-verano\/#primaryimage"},"thumbnailUrl":"https:\/\/www.espai.es\/blog\/wp-content\/uploads\/2016\/08\/espai-programacion-lectura-verano-0-1.jpg","keywords":["escuela","Espai","lectura","libros","programaci\u00f3n"],"articleSection":["Escola Espai","Productividad","Programaci\u00f3n"],"inLanguage":"es","potentialAction":[{"@type":"CommentAction","name":"Comment","target":["https:\/\/www.espai.es\/blog\/2016\/08\/lectura-para-el-verano\/#respond"]}]},{"@type":"WebPage","@id":"https:\/\/www.espai.es\/blog\/2016\/08\/lectura-para-el-verano\/","url":"https:\/\/www.espai.es\/blog\/2016\/08\/lectura-para-el-verano\/","name":"Lectura para el verano - Blog Escola Espai","isPartOf":{"@id":"https:\/\/www.espai.es\/blog\/#website"},"primaryImageOfPage":{"@id":"https:\/\/www.espai.es\/blog\/2016\/08\/lectura-para-el-verano\/#primaryimage"},"image":{"@id":"https:\/\/www.espai.es\/blog\/2016\/08\/lectura-para-el-verano\/#primaryimage"},"thumbnailUrl":"https:\/\/www.espai.es\/blog\/wp-content\/uploads\/2016\/08\/espai-programacion-lectura-verano-0-1.jpg","datePublished":"2016-08-01T09:56:58+00:00","dateModified":"2016-08-01T10:13:42+00:00","author":{"@id":"https:\/\/www.espai.es\/blog\/#\/schema\/person\/d2e265073982f28e16cb7edccbd16602"},"description":"Lectura para el verano para mejorar en programaci\u00f3n y desarrollo de aplicaciones. Tambi\u00e9n veremos como mejorar en la publicaci\u00f3n y el dise\u00f1o de las mismas.","breadcrumb":{"@id":"https:\/\/www.espai.es\/blog\/2016\/08\/lectura-para-el-verano\/#breadcrumb"},"inLanguage":"es","potentialAction":[{"@type":"ReadAction","target":["https:\/\/www.espai.es\/blog\/2016\/08\/lectura-para-el-verano\/"]}]},{"@type":"ImageObject","inLanguage":"es","@id":"https:\/\/www.espai.es\/blog\/2016\/08\/lectura-para-el-verano\/#primaryimage","url":"https:\/\/www.espai.es\/blog\/wp-content\/uploads\/2016\/08\/espai-programacion-lectura-verano-0-1.jpg","contentUrl":"https:\/\/www.espai.es\/blog\/wp-content\/uploads\/2016\/08\/espai-programacion-lectura-verano-0-1.jpg","width":399,"height":300},{"@type":"BreadcrumbList","@id":"https:\/\/www.espai.es\/blog\/2016\/08\/lectura-para-el-verano\/#breadcrumb","itemListElement":[{"@type":"ListItem","position":1,"name":"Portada","item":"https:\/\/www.espai.es\/blog\/"},{"@type":"ListItem","position":2,"name":"Lectura para el verano"}]},{"@type":"WebSite","@id":"https:\/\/www.espai.es\/blog\/#website","url":"https:\/\/www.espai.es\/blog\/","name":"Blog Escola Espai","description":"","potentialAction":[{"@type":"SearchAction","target":{"@type":"EntryPoint","urlTemplate":"https:\/\/www.espai.es\/blog\/?s={search_term_string}"},"query-input":{"@type":"PropertyValueSpecification","valueRequired":true,"valueName":"search_term_string"}}],"inLanguage":"es"},{"@type":"Person","@id":"https:\/\/www.espai.es\/blog\/#\/schema\/person\/d2e265073982f28e16cb7edccbd16602","name":"Escobar","image":{"@type":"ImageObject","inLanguage":"es","@id":"https:\/\/www.espai.es\/blog\/#\/schema\/person\/image\/","url":"https:\/\/secure.gravatar.com\/avatar\/6fb517675f8bc757ee26d9143abae3c5eac58b13068bfcbc1485bbb092cef370?s=96&d=mm&r=g","contentUrl":"https:\/\/secure.gravatar.com\/avatar\/6fb517675f8bc757ee26d9143abae3c5eac58b13068bfcbc1485bbb092cef370?s=96&d=mm&r=g","caption":"Escobar"},"sameAs":["http:\/\/www.espai.es"],"url":"https:\/\/www.espai.es\/blog\/author\/escobar\/"}]}},"jetpack_featured_media_url":"https:\/\/www.espai.es\/blog\/wp-content\/uploads\/2016\/08\/espai-programacion-lectura-verano-0-1.jpg","jetpack_sharing_enabled":true,"_links":{"self":[{"href":"https:\/\/www.espai.es\/blog\/wp-json\/wp\/v2\/posts\/5653","targetHints":{"allow":["GET"]}}],"collection":[{"href":"https:\/\/www.espai.es\/blog\/wp-json\/wp\/v2\/posts"}],"about":[{"href":"https:\/\/www.espai.es\/blog\/wp-json\/wp\/v2\/types\/post"}],"author":[{"embeddable":true,"href":"https:\/\/www.espai.es\/blog\/wp-json\/wp\/v2\/users\/3"}],"replies":[{"embeddable":true,"href":"https:\/\/www.espai.es\/blog\/wp-json\/wp\/v2\/comments?post=5653"}],"version-history":[{"count":8,"href":"https:\/\/www.espai.es\/blog\/wp-json\/wp\/v2\/posts\/5653\/revisions"}],"predecessor-version":[{"id":5713,"href":"https:\/\/www.espai.es\/blog\/wp-json\/wp\/v2\/posts\/5653\/revisions\/5713"}],"wp:featuredmedia":[{"embeddable":true,"href":"https:\/\/www.espai.es\/blog\/wp-json\/wp\/v2\/media\/5711"}],"wp:attachment":[{"href":"https:\/\/www.espai.es\/blog\/wp-json\/wp\/v2\/media?parent=5653"}],"wp:term":[{"taxonomy":"category","embeddable":true,"href":"https:\/\/www.espai.es\/blog\/wp-json\/wp\/v2\/categories?post=5653"},{"taxonomy":"post_tag","embeddable":true,"href":"https:\/\/www.espai.es\/blog\/wp-json\/wp\/v2\/tags?post=5653"}],"curies":[{"name":"wp","href":"https:\/\/api.w.org\/{rel}","templated":true}]}}