{"id":547,"date":"2012-07-09T18:38:32","date_gmt":"2012-07-09T16:38:32","guid":{"rendered":"http:\/\/www.espai.es\/blog\/?p=547"},"modified":"2014-02-28T23:01:04","modified_gmt":"2014-02-28T21:01:04","slug":"windows-8-sale-a-la-calle-en-octubre","status":"publish","type":"post","link":"https:\/\/www.espai.es\/blog\/2012\/07\/windows-8-sale-a-la-calle-en-octubre\/","title":{"rendered":"Windows 8 sale a la calle en octubre"},"content":{"rendered":"<p><img decoding=\"async\" src=\"http:\/\/www.espai.es\/blog\/wp-content\/uploads\/2012\/07\/windows-8-start-screen.jpg\" alt=\"Windows 8 Screenshot\" \/><\/p>\n<p>Windows 8 ya tiene fecha de salida oficial. El nuevo sistema operativo de Microsoft entra en producci\u00f3n en agosto, y el primer equipo dotado con \u00e9l saldr\u00e1 a la venta en octubre de este mismo a\u00f1o.<\/p>\n<p>Coincidiendo con el lanzamiento, Microsoft s\u00ed que ha asegurado que los propietarios de licencias de Wndows XP, Vista o Windows 7 podr\u00e1n actualizarse a Windows 8 por <strong>40 d\u00f3lares<\/strong>. \u00a1Con este precio no ten\u00e9is excusa posible si dispon\u00e9is de una licencia de una versi\u00f3n anterior del Sistema Operativo!<\/p>\n<p>Desde Microsoft tambi\u00e9n han comentado que la pr\u00f3xima versi\u00f3n de Office tambi\u00e9n est\u00e1 en el horno, aunque no han detallado fechas concretas sobre su lanzamiento, aunque el propio Ballmer ha asegurado utilizar ya diariamente Windows 8 y Office 15. En breve m\u00e1s novedades!<\/p>\n<p>Via: <a href=\"http:\/\/arstechnica.com\/information-technology\/2012\/07\/windows-8-pcs-tablets-to-go-on-sale-late-october-microsoft-confirms\/\">ArsTechnica<\/a><\/p>\n","protected":false},"excerpt":{"rendered":"<p>Windows 8 ya tiene fecha de salida oficial. El nuevo sistema operativo de Microsoft entra en producci\u00f3n en agosto, y el primer equipo dotado con \u00e9l saldr\u00e1 a la venta en octubre de este mismo a\u00f1o. Coincidiendo con el lanzamiento, Microsoft s\u00ed que ha asegurado&#8230;<\/p>\n","protected":false},"author":4,"featured_media":0,"comment_status":"closed","ping_status":"open","sticky":false,"template":"","format":"standard","meta":{"_monsterinsights_skip_tracking":false,"_monsterinsights_sitenote_active":false,"_monsterinsights_sitenote_note":"","_monsterinsights_sitenote_category":0,"jetpack_post_was_ever_published":false,"_jetpack_newsletter_access":"","_jetpack_dont_email_post_to_subs":false,"_jetpack_newsletter_tier_id":0,"_jetpack_memberships_contains_paywalled_content":false,"_ef_editorial_meta_date_first-draft-date":"","_ef_editorial_meta_paragraph_assignment":"","_ef_editorial_meta_checkbox_needs-photo":"","_ef_editorial_meta_number_word-count":"","_jetpack_memberships_contains_paid_content":false,"footnotes":""},"categories":[5,73],"tags":[140,139,141],"class_list":["post-547","post","type-post","status-publish","format-standard","hentry","category-programacion","category-redes","tag-sistema-operativo","tag-windows","tag-windows-8"],"yoast_head":"<!-- This site is optimized with the Yoast SEO plugin v27.1.1 - https:\/\/yoast.com\/product\/yoast-seo-wordpress\/ -->\n<title>Windows 8 sale a la calle en octubre - Blog Escola Espai<\/title>\n<meta name=\"robots\" content=\"index, follow, max-snippet:-1, max-image-preview:large, max-video-preview:-1\" \/>\n<link rel=\"canonical\" href=\"https:\/\/www.espai.es\/blog\/2012\/07\/windows-8-sale-a-la-calle-en-octubre\/\" \/>\n<meta property=\"og:locale\" content=\"es_ES\" \/>\n<meta property=\"og:type\" content=\"article\" \/>\n<meta property=\"og:title\" content=\"Windows 8 sale a la calle en octubre - Blog Escola Espai\" \/>\n<meta property=\"og:description\" content=\"Windows 8 ya tiene fecha de salida oficial. El nuevo sistema operativo de Microsoft entra en producci\u00f3n en agosto, y el primer equipo dotado con \u00e9l saldr\u00e1 a la venta en octubre de este mismo a\u00f1o. Coincidiendo con el lanzamiento, Microsoft s\u00ed que ha asegurado...\" \/>\n<meta property=\"og:url\" content=\"https:\/\/www.espai.es\/blog\/2012\/07\/windows-8-sale-a-la-calle-en-octubre\/\" \/>\n<meta property=\"og:site_name\" content=\"Blog Escola Espai\" \/>\n<meta property=\"article:published_time\" content=\"2012-07-09T16:38:32+00:00\" \/>\n<meta property=\"article:modified_time\" content=\"2014-02-28T21:01:04+00:00\" \/>\n<meta property=\"og:image\" content=\"http:\/\/www.espai.es\/blog\/wp-content\/uploads\/2012\/07\/windows-8-start-screen.jpg\" \/>\n<meta name=\"author\" content=\"Alba\" \/>\n<meta name=\"twitter:card\" content=\"summary_large_image\" \/>\n<meta name=\"twitter:label1\" content=\"Escrito por\" \/>\n\t<meta name=\"twitter:data1\" content=\"Alba\" \/>\n\t<meta name=\"twitter:label2\" content=\"Tiempo de lectura\" \/>\n\t<meta name=\"twitter:data2\" content=\"1 minuto\" \/>\n<script type=\"application\/ld+json\" class=\"yoast-schema-graph\">{\"@context\":\"https:\/\/schema.org\",\"@graph\":[{\"@type\":\"Article\",\"@id\":\"https:\/\/www.espai.es\/blog\/2012\/07\/windows-8-sale-a-la-calle-en-octubre\/#article\",\"isPartOf\":{\"@id\":\"https:\/\/www.espai.es\/blog\/2012\/07\/windows-8-sale-a-la-calle-en-octubre\/\"},\"author\":{\"name\":\"Alba\",\"@id\":\"https:\/\/www.espai.es\/blog\/#\/schema\/person\/3a4cffba01003b72404c724168c9adf2\"},\"headline\":\"Windows 8 sale a la calle en octubre\",\"datePublished\":\"2012-07-09T16:38:32+00:00\",\"dateModified\":\"2014-02-28T21:01:04+00:00\",\"mainEntityOfPage\":{\"@id\":\"https:\/\/www.espai.es\/blog\/2012\/07\/windows-8-sale-a-la-calle-en-octubre\/\"},\"wordCount\":142,\"image\":{\"@id\":\"https:\/\/www.espai.es\/blog\/2012\/07\/windows-8-sale-a-la-calle-en-octubre\/#primaryimage\"},\"thumbnailUrl\":\"http:\/\/www.espai.es\/blog\/wp-content\/uploads\/2012\/07\/windows-8-start-screen.jpg\",\"keywords\":[\"sistema operativo\",\"Windows\",\"Windows 8\"],\"articleSection\":[\"Programaci\u00f3n\",\"Redes\"],\"inLanguage\":\"es\"},{\"@type\":\"WebPage\",\"@id\":\"https:\/\/www.espai.es\/blog\/2012\/07\/windows-8-sale-a-la-calle-en-octubre\/\",\"url\":\"https:\/\/www.espai.es\/blog\/2012\/07\/windows-8-sale-a-la-calle-en-octubre\/\",\"name\":\"Windows 8 sale a la calle en octubre - Blog Escola Espai\",\"isPartOf\":{\"@id\":\"https:\/\/www.espai.es\/blog\/#website\"},\"primaryImageOfPage\":{\"@id\":\"https:\/\/www.espai.es\/blog\/2012\/07\/windows-8-sale-a-la-calle-en-octubre\/#primaryimage\"},\"image\":{\"@id\":\"https:\/\/www.espai.es\/blog\/2012\/07\/windows-8-sale-a-la-calle-en-octubre\/#primaryimage\"},\"thumbnailUrl\":\"http:\/\/www.espai.es\/blog\/wp-content\/uploads\/2012\/07\/windows-8-start-screen.jpg\",\"datePublished\":\"2012-07-09T16:38:32+00:00\",\"dateModified\":\"2014-02-28T21:01:04+00:00\",\"author\":{\"@id\":\"https:\/\/www.espai.es\/blog\/#\/schema\/person\/3a4cffba01003b72404c724168c9adf2\"},\"breadcrumb\":{\"@id\":\"https:\/\/www.espai.es\/blog\/2012\/07\/windows-8-sale-a-la-calle-en-octubre\/#breadcrumb\"},\"inLanguage\":\"es\",\"potentialAction\":[{\"@type\":\"ReadAction\",\"target\":[\"https:\/\/www.espai.es\/blog\/2012\/07\/windows-8-sale-a-la-calle-en-octubre\/\"]}]},{\"@type\":\"ImageObject\",\"inLanguage\":\"es\",\"@id\":\"https:\/\/www.espai.es\/blog\/2012\/07\/windows-8-sale-a-la-calle-en-octubre\/#primaryimage\",\"url\":\"http:\/\/www.espai.es\/blog\/wp-content\/uploads\/2012\/07\/windows-8-start-screen.jpg\",\"contentUrl\":\"http:\/\/www.espai.es\/blog\/wp-content\/uploads\/2012\/07\/windows-8-start-screen.jpg\"},{\"@type\":\"BreadcrumbList\",\"@id\":\"https:\/\/www.espai.es\/blog\/2012\/07\/windows-8-sale-a-la-calle-en-octubre\/#breadcrumb\",\"itemListElement\":[{\"@type\":\"ListItem\",\"position\":1,\"name\":\"Portada\",\"item\":\"https:\/\/www.espai.es\/blog\/\"},{\"@type\":\"ListItem\",\"position\":2,\"name\":\"Windows 8 sale a la calle en octubre\"}]},{\"@type\":\"WebSite\",\"@id\":\"https:\/\/www.espai.es\/blog\/#website\",\"url\":\"https:\/\/www.espai.es\/blog\/\",\"name\":\"Blog Escola Espai\",\"description\":\"\",\"potentialAction\":[{\"@type\":\"SearchAction\",\"target\":{\"@type\":\"EntryPoint\",\"urlTemplate\":\"https:\/\/www.espai.es\/blog\/?s={search_term_string}\"},\"query-input\":{\"@type\":\"PropertyValueSpecification\",\"valueRequired\":true,\"valueName\":\"search_term_string\"}}],\"inLanguage\":\"es\"},{\"@type\":\"Person\",\"@id\":\"https:\/\/www.espai.es\/blog\/#\/schema\/person\/3a4cffba01003b72404c724168c9adf2\",\"name\":\"Alba\",\"image\":{\"@type\":\"ImageObject\",\"inLanguage\":\"es\",\"@id\":\"https:\/\/www.espai.es\/blog\/#\/schema\/person\/image\/\",\"url\":\"https:\/\/secure.gravatar.com\/avatar\/3bfcc272573c3e28771126be7cb1d2369fb42ca1f32615ecd2b58895e613a38b?s=96&d=mm&r=g\",\"contentUrl\":\"https:\/\/secure.gravatar.com\/avatar\/3bfcc272573c3e28771126be7cb1d2369fb42ca1f32615ecd2b58895e613a38b?s=96&d=mm&r=g\",\"caption\":\"Alba\"},\"sameAs\":[\"http:\/\/www.espai.es\"],\"url\":\"https:\/\/www.espai.es\/blog\/author\/alba\/\"}]}<\/script>\n<!-- \/ Yoast SEO plugin. -->","yoast_head_json":{"title":"Windows 8 sale a la calle en octubre - Blog Escola Espai","robots":{"index":"index","follow":"follow","max-snippet":"max-snippet:-1","max-image-preview":"max-image-preview:large","max-video-preview":"max-video-preview:-1"},"canonical":"https:\/\/www.espai.es\/blog\/2012\/07\/windows-8-sale-a-la-calle-en-octubre\/","og_locale":"es_ES","og_type":"article","og_title":"Windows 8 sale a la calle en octubre - Blog Escola Espai","og_description":"Windows 8 ya tiene fecha de salida oficial. El nuevo sistema operativo de Microsoft entra en producci\u00f3n en agosto, y el primer equipo dotado con \u00e9l saldr\u00e1 a la venta en octubre de este mismo a\u00f1o. Coincidiendo con el lanzamiento, Microsoft s\u00ed que ha asegurado...","og_url":"https:\/\/www.espai.es\/blog\/2012\/07\/windows-8-sale-a-la-calle-en-octubre\/","og_site_name":"Blog Escola Espai","article_published_time":"2012-07-09T16:38:32+00:00","article_modified_time":"2014-02-28T21:01:04+00:00","og_image":[{"url":"http:\/\/www.espai.es\/blog\/wp-content\/uploads\/2012\/07\/windows-8-start-screen.jpg","type":"","width":"","height":""}],"author":"Alba","twitter_card":"summary_large_image","twitter_misc":{"Escrito por":"Alba","Tiempo de lectura":"1 minuto"},"schema":{"@context":"https:\/\/schema.org","@graph":[{"@type":"Article","@id":"https:\/\/www.espai.es\/blog\/2012\/07\/windows-8-sale-a-la-calle-en-octubre\/#article","isPartOf":{"@id":"https:\/\/www.espai.es\/blog\/2012\/07\/windows-8-sale-a-la-calle-en-octubre\/"},"author":{"name":"Alba","@id":"https:\/\/www.espai.es\/blog\/#\/schema\/person\/3a4cffba01003b72404c724168c9adf2"},"headline":"Windows 8 sale a la calle en octubre","datePublished":"2012-07-09T16:38:32+00:00","dateModified":"2014-02-28T21:01:04+00:00","mainEntityOfPage":{"@id":"https:\/\/www.espai.es\/blog\/2012\/07\/windows-8-sale-a-la-calle-en-octubre\/"},"wordCount":142,"image":{"@id":"https:\/\/www.espai.es\/blog\/2012\/07\/windows-8-sale-a-la-calle-en-octubre\/#primaryimage"},"thumbnailUrl":"http:\/\/www.espai.es\/blog\/wp-content\/uploads\/2012\/07\/windows-8-start-screen.jpg","keywords":["sistema operativo","Windows","Windows 8"],"articleSection":["Programaci\u00f3n","Redes"],"inLanguage":"es"},{"@type":"WebPage","@id":"https:\/\/www.espai.es\/blog\/2012\/07\/windows-8-sale-a-la-calle-en-octubre\/","url":"https:\/\/www.espai.es\/blog\/2012\/07\/windows-8-sale-a-la-calle-en-octubre\/","name":"Windows 8 sale a la calle en octubre - Blog Escola Espai","isPartOf":{"@id":"https:\/\/www.espai.es\/blog\/#website"},"primaryImageOfPage":{"@id":"https:\/\/www.espai.es\/blog\/2012\/07\/windows-8-sale-a-la-calle-en-octubre\/#primaryimage"},"image":{"@id":"https:\/\/www.espai.es\/blog\/2012\/07\/windows-8-sale-a-la-calle-en-octubre\/#primaryimage"},"thumbnailUrl":"http:\/\/www.espai.es\/blog\/wp-content\/uploads\/2012\/07\/windows-8-start-screen.jpg","datePublished":"2012-07-09T16:38:32+00:00","dateModified":"2014-02-28T21:01:04+00:00","author":{"@id":"https:\/\/www.espai.es\/blog\/#\/schema\/person\/3a4cffba01003b72404c724168c9adf2"},"breadcrumb":{"@id":"https:\/\/www.espai.es\/blog\/2012\/07\/windows-8-sale-a-la-calle-en-octubre\/#breadcrumb"},"inLanguage":"es","potentialAction":[{"@type":"ReadAction","target":["https:\/\/www.espai.es\/blog\/2012\/07\/windows-8-sale-a-la-calle-en-octubre\/"]}]},{"@type":"ImageObject","inLanguage":"es","@id":"https:\/\/www.espai.es\/blog\/2012\/07\/windows-8-sale-a-la-calle-en-octubre\/#primaryimage","url":"http:\/\/www.espai.es\/blog\/wp-content\/uploads\/2012\/07\/windows-8-start-screen.jpg","contentUrl":"http:\/\/www.espai.es\/blog\/wp-content\/uploads\/2012\/07\/windows-8-start-screen.jpg"},{"@type":"BreadcrumbList","@id":"https:\/\/www.espai.es\/blog\/2012\/07\/windows-8-sale-a-la-calle-en-octubre\/#breadcrumb","itemListElement":[{"@type":"ListItem","position":1,"name":"Portada","item":"https:\/\/www.espai.es\/blog\/"},{"@type":"ListItem","position":2,"name":"Windows 8 sale a la calle en octubre"}]},{"@type":"WebSite","@id":"https:\/\/www.espai.es\/blog\/#website","url":"https:\/\/www.espai.es\/blog\/","name":"Blog Escola Espai","description":"","potentialAction":[{"@type":"SearchAction","target":{"@type":"EntryPoint","urlTemplate":"https:\/\/www.espai.es\/blog\/?s={search_term_string}"},"query-input":{"@type":"PropertyValueSpecification","valueRequired":true,"valueName":"search_term_string"}}],"inLanguage":"es"},{"@type":"Person","@id":"https:\/\/www.espai.es\/blog\/#\/schema\/person\/3a4cffba01003b72404c724168c9adf2","name":"Alba","image":{"@type":"ImageObject","inLanguage":"es","@id":"https:\/\/www.espai.es\/blog\/#\/schema\/person\/image\/","url":"https:\/\/secure.gravatar.com\/avatar\/3bfcc272573c3e28771126be7cb1d2369fb42ca1f32615ecd2b58895e613a38b?s=96&d=mm&r=g","contentUrl":"https:\/\/secure.gravatar.com\/avatar\/3bfcc272573c3e28771126be7cb1d2369fb42ca1f32615ecd2b58895e613a38b?s=96&d=mm&r=g","caption":"Alba"},"sameAs":["http:\/\/www.espai.es"],"url":"https:\/\/www.espai.es\/blog\/author\/alba\/"}]}},"jetpack_featured_media_url":"","jetpack_sharing_enabled":true,"_links":{"self":[{"href":"https:\/\/www.espai.es\/blog\/wp-json\/wp\/v2\/posts\/547","targetHints":{"allow":["GET"]}}],"collection":[{"href":"https:\/\/www.espai.es\/blog\/wp-json\/wp\/v2\/posts"}],"about":[{"href":"https:\/\/www.espai.es\/blog\/wp-json\/wp\/v2\/types\/post"}],"author":[{"embeddable":true,"href":"https:\/\/www.espai.es\/blog\/wp-json\/wp\/v2\/users\/4"}],"replies":[{"embeddable":true,"href":"https:\/\/www.espai.es\/blog\/wp-json\/wp\/v2\/comments?post=547"}],"version-history":[{"count":5,"href":"https:\/\/www.espai.es\/blog\/wp-json\/wp\/v2\/posts\/547\/revisions"}],"predecessor-version":[{"id":2119,"href":"https:\/\/www.espai.es\/blog\/wp-json\/wp\/v2\/posts\/547\/revisions\/2119"}],"wp:attachment":[{"href":"https:\/\/www.espai.es\/blog\/wp-json\/wp\/v2\/media?parent=547"}],"wp:term":[{"taxonomy":"category","embeddable":true,"href":"https:\/\/www.espai.es\/blog\/wp-json\/wp\/v2\/categories?post=547"},{"taxonomy":"post_tag","embeddable":true,"href":"https:\/\/www.espai.es\/blog\/wp-json\/wp\/v2\/tags?post=547"}],"curies":[{"name":"wp","href":"https:\/\/api.w.org\/{rel}","templated":true}]}}