{"id":542,"date":"2012-07-02T17:41:28","date_gmt":"2012-07-02T15:41:28","guid":{"rendered":"http:\/\/www.espai.es\/blog\/?p=542"},"modified":"2013-11-12T12:11:11","modified_gmt":"2013-11-12T10:11:11","slug":"novedades-word-2013","status":"publish","type":"post","link":"https:\/\/www.espai.es\/blog\/2012\/07\/novedades-word-2013\/","title":{"rendered":"Novedades Word 2013"},"content":{"rendered":"<p>Muchas veces restamos importancia a las nuevas versiones de los paquetes de ofim\u00e1tica utilizando el argumento de \u00abes m\u00e1s de lo mismo\u00bb. Si bien es cierto que para un grupo de usuarios, aqu\u00e9l que hace uso tan solo de las funcionalidades m\u00e1s b\u00e1sicas, la mayor\u00eda de las novedades de una a otra versi\u00f3n no le son relevantes, hay ocasiones en las que no es as\u00ed.<\/p>\n<p>Este es el caso de una funcionalidad largamente esperada por muchos y que finalmente ver\u00e1 la luz en la versi\u00f3n 2013 de Microsoft Word: poder abrir un documento en formato PDF y editarlo sin tener que recurrir a programas de terceros (que adem\u00e1s generalmente tambi\u00e9n son de pago).<\/p>\n<p>De esta manera ser\u00e1 posible abrir directamente desde Word un documento PDF y empezar a editarlo de inmediato, si bien es cierto que desde Microsoft avisan que el formato puede que no sea exactamente igual que c\u00f3mo se ve\u00eda en el documento original. Por ello, cu\u00e1nto m\u00e1s porcentaje de texto tenga el PDF que queramos editar, mayor ser\u00e1 el grado de precisi\u00f3n que obtengamos al convertirlo a un documento Word.<\/p>\n<p>La nueva versi\u00f3n del paquete de ofim\u00e1tica de Microsoft se lanzar\u00e1 a finales de este mismo a\u00f1o y es altamente probable que dispongamos de una beta en alg\u00fan momento del verano.<\/p>\n","protected":false},"excerpt":{"rendered":"<p>Muchas veces restamos importancia a las nuevas versiones de los paquetes de ofim\u00e1tica utilizando el argumento de \u00abes m\u00e1s de lo mismo\u00bb. Si bien es cierto que para un grupo de usuarios, aqu\u00e9l que hace uso tan solo de las funcionalidades m\u00e1s b\u00e1sicas, la mayor\u00eda&#8230;<\/p>\n","protected":false},"author":4,"featured_media":0,"comment_status":"closed","ping_status":"open","sticky":false,"template":"","format":"standard","meta":{"_monsterinsights_skip_tracking":false,"_monsterinsights_sitenote_active":false,"_monsterinsights_sitenote_note":"","_monsterinsights_sitenote_category":0,"jetpack_post_was_ever_published":false,"_jetpack_newsletter_access":"","_jetpack_dont_email_post_to_subs":false,"_jetpack_newsletter_tier_id":0,"_jetpack_memberships_contains_paywalled_content":false,"_ef_editorial_meta_date_first-draft-date":"","_ef_editorial_meta_paragraph_assignment":"","_ef_editorial_meta_checkbox_needs-photo":"","_ef_editorial_meta_number_word-count":"","_jetpack_memberships_contains_paid_content":false,"footnotes":""},"categories":[1],"tags":[138,106,137,136],"class_list":["post-542","post","type-post","status-publish","format-standard","hentry","category-sin-categoria","tag-138","tag-ofimatica","tag-pdf","tag-word"],"yoast_head":"<!-- This site is optimized with the Yoast SEO plugin v27.1.1 - https:\/\/yoast.com\/product\/yoast-seo-wordpress\/ -->\n<title>Novedades Word 2013 - Blog Escola Espai<\/title>\n<meta name=\"robots\" content=\"index, follow, max-snippet:-1, max-image-preview:large, max-video-preview:-1\" \/>\n<link rel=\"canonical\" href=\"https:\/\/www.espai.es\/blog\/2012\/07\/novedades-word-2013\/\" \/>\n<meta property=\"og:locale\" content=\"es_ES\" \/>\n<meta property=\"og:type\" content=\"article\" \/>\n<meta property=\"og:title\" content=\"Novedades Word 2013 - Blog Escola Espai\" \/>\n<meta property=\"og:description\" content=\"Muchas veces restamos importancia a las nuevas versiones de los paquetes de ofim\u00e1tica utilizando el argumento de \u00abes m\u00e1s de lo mismo\u00bb. Si bien es cierto que para un grupo de usuarios, aqu\u00e9l que hace uso tan solo de las funcionalidades m\u00e1s b\u00e1sicas, la mayor\u00eda...\" \/>\n<meta property=\"og:url\" content=\"https:\/\/www.espai.es\/blog\/2012\/07\/novedades-word-2013\/\" \/>\n<meta property=\"og:site_name\" content=\"Blog Escola Espai\" \/>\n<meta property=\"article:published_time\" content=\"2012-07-02T15:41:28+00:00\" \/>\n<meta property=\"article:modified_time\" content=\"2013-11-12T10:11:11+00:00\" \/>\n<meta name=\"author\" content=\"Alba\" \/>\n<meta name=\"twitter:card\" content=\"summary_large_image\" \/>\n<meta name=\"twitter:label1\" content=\"Escrito por\" \/>\n\t<meta name=\"twitter:data1\" content=\"Alba\" \/>\n\t<meta name=\"twitter:label2\" content=\"Tiempo de lectura\" \/>\n\t<meta name=\"twitter:data2\" content=\"1 minuto\" \/>\n<script type=\"application\/ld+json\" class=\"yoast-schema-graph\">{\"@context\":\"https:\/\/schema.org\",\"@graph\":[{\"@type\":\"Article\",\"@id\":\"https:\/\/www.espai.es\/blog\/2012\/07\/novedades-word-2013\/#article\",\"isPartOf\":{\"@id\":\"https:\/\/www.espai.es\/blog\/2012\/07\/novedades-word-2013\/\"},\"author\":{\"name\":\"Alba\",\"@id\":\"https:\/\/www.espai.es\/blog\/#\/schema\/person\/3a4cffba01003b72404c724168c9adf2\"},\"headline\":\"Novedades Word 2013\",\"datePublished\":\"2012-07-02T15:41:28+00:00\",\"dateModified\":\"2013-11-12T10:11:11+00:00\",\"mainEntityOfPage\":{\"@id\":\"https:\/\/www.espai.es\/blog\/2012\/07\/novedades-word-2013\/\"},\"wordCount\":234,\"keywords\":[\"2013\",\"Ofim\u00e1tica\",\"pdf\",\"Word\"],\"inLanguage\":\"es\"},{\"@type\":\"WebPage\",\"@id\":\"https:\/\/www.espai.es\/blog\/2012\/07\/novedades-word-2013\/\",\"url\":\"https:\/\/www.espai.es\/blog\/2012\/07\/novedades-word-2013\/\",\"name\":\"Novedades Word 2013 - Blog Escola Espai\",\"isPartOf\":{\"@id\":\"https:\/\/www.espai.es\/blog\/#website\"},\"datePublished\":\"2012-07-02T15:41:28+00:00\",\"dateModified\":\"2013-11-12T10:11:11+00:00\",\"author\":{\"@id\":\"https:\/\/www.espai.es\/blog\/#\/schema\/person\/3a4cffba01003b72404c724168c9adf2\"},\"breadcrumb\":{\"@id\":\"https:\/\/www.espai.es\/blog\/2012\/07\/novedades-word-2013\/#breadcrumb\"},\"inLanguage\":\"es\",\"potentialAction\":[{\"@type\":\"ReadAction\",\"target\":[\"https:\/\/www.espai.es\/blog\/2012\/07\/novedades-word-2013\/\"]}]},{\"@type\":\"BreadcrumbList\",\"@id\":\"https:\/\/www.espai.es\/blog\/2012\/07\/novedades-word-2013\/#breadcrumb\",\"itemListElement\":[{\"@type\":\"ListItem\",\"position\":1,\"name\":\"Portada\",\"item\":\"https:\/\/www.espai.es\/blog\/\"},{\"@type\":\"ListItem\",\"position\":2,\"name\":\"Novedades Word 2013\"}]},{\"@type\":\"WebSite\",\"@id\":\"https:\/\/www.espai.es\/blog\/#website\",\"url\":\"https:\/\/www.espai.es\/blog\/\",\"name\":\"Blog Escola Espai\",\"description\":\"\",\"potentialAction\":[{\"@type\":\"SearchAction\",\"target\":{\"@type\":\"EntryPoint\",\"urlTemplate\":\"https:\/\/www.espai.es\/blog\/?s={search_term_string}\"},\"query-input\":{\"@type\":\"PropertyValueSpecification\",\"valueRequired\":true,\"valueName\":\"search_term_string\"}}],\"inLanguage\":\"es\"},{\"@type\":\"Person\",\"@id\":\"https:\/\/www.espai.es\/blog\/#\/schema\/person\/3a4cffba01003b72404c724168c9adf2\",\"name\":\"Alba\",\"image\":{\"@type\":\"ImageObject\",\"inLanguage\":\"es\",\"@id\":\"https:\/\/www.espai.es\/blog\/#\/schema\/person\/image\/\",\"url\":\"https:\/\/secure.gravatar.com\/avatar\/3bfcc272573c3e28771126be7cb1d2369fb42ca1f32615ecd2b58895e613a38b?s=96&d=mm&r=g\",\"contentUrl\":\"https:\/\/secure.gravatar.com\/avatar\/3bfcc272573c3e28771126be7cb1d2369fb42ca1f32615ecd2b58895e613a38b?s=96&d=mm&r=g\",\"caption\":\"Alba\"},\"sameAs\":[\"http:\/\/www.espai.es\"],\"url\":\"https:\/\/www.espai.es\/blog\/author\/alba\/\"}]}<\/script>\n<!-- \/ Yoast SEO plugin. -->","yoast_head_json":{"title":"Novedades Word 2013 - Blog Escola Espai","robots":{"index":"index","follow":"follow","max-snippet":"max-snippet:-1","max-image-preview":"max-image-preview:large","max-video-preview":"max-video-preview:-1"},"canonical":"https:\/\/www.espai.es\/blog\/2012\/07\/novedades-word-2013\/","og_locale":"es_ES","og_type":"article","og_title":"Novedades Word 2013 - Blog Escola Espai","og_description":"Muchas veces restamos importancia a las nuevas versiones de los paquetes de ofim\u00e1tica utilizando el argumento de \u00abes m\u00e1s de lo mismo\u00bb. Si bien es cierto que para un grupo de usuarios, aqu\u00e9l que hace uso tan solo de las funcionalidades m\u00e1s b\u00e1sicas, la mayor\u00eda...","og_url":"https:\/\/www.espai.es\/blog\/2012\/07\/novedades-word-2013\/","og_site_name":"Blog Escola Espai","article_published_time":"2012-07-02T15:41:28+00:00","article_modified_time":"2013-11-12T10:11:11+00:00","author":"Alba","twitter_card":"summary_large_image","twitter_misc":{"Escrito por":"Alba","Tiempo de lectura":"1 minuto"},"schema":{"@context":"https:\/\/schema.org","@graph":[{"@type":"Article","@id":"https:\/\/www.espai.es\/blog\/2012\/07\/novedades-word-2013\/#article","isPartOf":{"@id":"https:\/\/www.espai.es\/blog\/2012\/07\/novedades-word-2013\/"},"author":{"name":"Alba","@id":"https:\/\/www.espai.es\/blog\/#\/schema\/person\/3a4cffba01003b72404c724168c9adf2"},"headline":"Novedades Word 2013","datePublished":"2012-07-02T15:41:28+00:00","dateModified":"2013-11-12T10:11:11+00:00","mainEntityOfPage":{"@id":"https:\/\/www.espai.es\/blog\/2012\/07\/novedades-word-2013\/"},"wordCount":234,"keywords":["2013","Ofim\u00e1tica","pdf","Word"],"inLanguage":"es"},{"@type":"WebPage","@id":"https:\/\/www.espai.es\/blog\/2012\/07\/novedades-word-2013\/","url":"https:\/\/www.espai.es\/blog\/2012\/07\/novedades-word-2013\/","name":"Novedades Word 2013 - Blog Escola Espai","isPartOf":{"@id":"https:\/\/www.espai.es\/blog\/#website"},"datePublished":"2012-07-02T15:41:28+00:00","dateModified":"2013-11-12T10:11:11+00:00","author":{"@id":"https:\/\/www.espai.es\/blog\/#\/schema\/person\/3a4cffba01003b72404c724168c9adf2"},"breadcrumb":{"@id":"https:\/\/www.espai.es\/blog\/2012\/07\/novedades-word-2013\/#breadcrumb"},"inLanguage":"es","potentialAction":[{"@type":"ReadAction","target":["https:\/\/www.espai.es\/blog\/2012\/07\/novedades-word-2013\/"]}]},{"@type":"BreadcrumbList","@id":"https:\/\/www.espai.es\/blog\/2012\/07\/novedades-word-2013\/#breadcrumb","itemListElement":[{"@type":"ListItem","position":1,"name":"Portada","item":"https:\/\/www.espai.es\/blog\/"},{"@type":"ListItem","position":2,"name":"Novedades Word 2013"}]},{"@type":"WebSite","@id":"https:\/\/www.espai.es\/blog\/#website","url":"https:\/\/www.espai.es\/blog\/","name":"Blog Escola Espai","description":"","potentialAction":[{"@type":"SearchAction","target":{"@type":"EntryPoint","urlTemplate":"https:\/\/www.espai.es\/blog\/?s={search_term_string}"},"query-input":{"@type":"PropertyValueSpecification","valueRequired":true,"valueName":"search_term_string"}}],"inLanguage":"es"},{"@type":"Person","@id":"https:\/\/www.espai.es\/blog\/#\/schema\/person\/3a4cffba01003b72404c724168c9adf2","name":"Alba","image":{"@type":"ImageObject","inLanguage":"es","@id":"https:\/\/www.espai.es\/blog\/#\/schema\/person\/image\/","url":"https:\/\/secure.gravatar.com\/avatar\/3bfcc272573c3e28771126be7cb1d2369fb42ca1f32615ecd2b58895e613a38b?s=96&d=mm&r=g","contentUrl":"https:\/\/secure.gravatar.com\/avatar\/3bfcc272573c3e28771126be7cb1d2369fb42ca1f32615ecd2b58895e613a38b?s=96&d=mm&r=g","caption":"Alba"},"sameAs":["http:\/\/www.espai.es"],"url":"https:\/\/www.espai.es\/blog\/author\/alba\/"}]}},"jetpack_featured_media_url":"","jetpack_sharing_enabled":true,"_links":{"self":[{"href":"https:\/\/www.espai.es\/blog\/wp-json\/wp\/v2\/posts\/542","targetHints":{"allow":["GET"]}}],"collection":[{"href":"https:\/\/www.espai.es\/blog\/wp-json\/wp\/v2\/posts"}],"about":[{"href":"https:\/\/www.espai.es\/blog\/wp-json\/wp\/v2\/types\/post"}],"author":[{"embeddable":true,"href":"https:\/\/www.espai.es\/blog\/wp-json\/wp\/v2\/users\/4"}],"replies":[{"embeddable":true,"href":"https:\/\/www.espai.es\/blog\/wp-json\/wp\/v2\/comments?post=542"}],"version-history":[{"count":3,"href":"https:\/\/www.espai.es\/blog\/wp-json\/wp\/v2\/posts\/542\/revisions"}],"predecessor-version":[{"id":1196,"href":"https:\/\/www.espai.es\/blog\/wp-json\/wp\/v2\/posts\/542\/revisions\/1196"}],"wp:attachment":[{"href":"https:\/\/www.espai.es\/blog\/wp-json\/wp\/v2\/media?parent=542"}],"wp:term":[{"taxonomy":"category","embeddable":true,"href":"https:\/\/www.espai.es\/blog\/wp-json\/wp\/v2\/categories?post=542"},{"taxonomy":"post_tag","embeddable":true,"href":"https:\/\/www.espai.es\/blog\/wp-json\/wp\/v2\/tags?post=542"}],"curies":[{"name":"wp","href":"https:\/\/api.w.org\/{rel}","templated":true}]}}