{"id":4144,"date":"2015-09-19T11:59:25","date_gmt":"2015-09-19T10:59:25","guid":{"rendered":"http:\/\/www.espai.es\/blog\/?p=4144"},"modified":"2015-11-06T18:05:36","modified_gmt":"2015-11-06T17:05:36","slug":"un-ordenador-portatil-para-iniciarme-en-el-3d","status":"publish","type":"post","link":"https:\/\/www.espai.es\/blog\/2015\/09\/un-ordenador-portatil-para-iniciarme-en-el-3d\/","title":{"rendered":"Un ordenador port\u00e1til para iniciarme en el 3D"},"content":{"rendered":"<p>Hola, en esta entrada me gustar\u00eda aconsejaros sobre <strong>qu\u00e9 ordenador port\u00e1til para 3D es el m\u00e1s \u00fatil para empezar.<\/strong><\/p>\n<p>Un ordenador port\u00e1til para 3D, nunca ser\u00e1 bueno ni barato, ya que para rendir bien en 3D, tenemos que prepararnos para desembolsar una gran cantidad de dinero (a partir de 1500\u20ac)&#8230; Ahora bien, tengo un presupuesto ajustado y necesito hacer mis \u201cpinitos\u201d porque he empezado un curso, \u00bfa que puedo aspirar? Estas son mis recomendaciones:<\/p>\n<h2>\u00a0Procesador<\/h2>\n<p>Esta es la piedra angular del equipo, cuanto m\u00e1s potente, mejor (as\u00ed de sencillo), pero claro, es lo que incrementa m\u00e1s el precio. Actualmente, centr\u00e1ndonos en los Intel, recomiendo que sea Core i7, pero eso s\u00ed, hay que revisar muy bien las caracter\u00edsticas de este, ya que hay gran cantidad de familias y generaciones con importantes diferencias. A continuaci\u00f3n, veremos qu\u00e9 caracter\u00edsticas hemos de valorar del procesador:<\/p>\n<p><strong>N\u00facleos:<\/strong> Hemos de tener en cuenta que a m\u00e1s n\u00facleos, mejor, ya que la operaci\u00f3n de \u201crenderizado\u201d se ve mejorada. Los motores de renderizaci\u00f3n del software 3D, suelen funcionar en varios n\u00facleos a la vez, esto se puede ver cuando se est\u00e1 formando la imagen final, como van apareciendo cuadritos que van \u201cpintando\u201d la imagen. Cada cuadro, es un hilo de proceso, eso quiere decir que cada n\u00facleo es un cuadrado, as\u00ed pues, a m\u00e1s n\u00facleos, m\u00e1s hilos a la vez y por lo tanto el tiempo se ver reducido.<\/p>\n<p>A continuaci\u00f3n un ejemplo de la renderizaci\u00f3n por parte de un procesador de doble n\u00facleo:<\/p>\n<p><a href=\"http:\/\/www.espai.es\/blog\/wp-content\/uploads\/2015\/09\/render_anim.gif\"><img loading=\"lazy\" decoding=\"async\" class=\"alignleft wp-image-4150 size-full\" src=\"http:\/\/www.espai.es\/blog\/wp-content\/uploads\/2015\/09\/render_anim.gif\" alt=\"ordenador port\u00e1til para 3D\" width=\"320\" height=\"240\" \/><\/a> <a href=\"http:\/\/www.espai.es\/blog\/wp-content\/uploads\/2015\/09\/render.png\"><img loading=\"lazy\" decoding=\"async\" class=\"alignnone wp-image-4153 size-full\" src=\"http:\/\/www.espai.es\/blog\/wp-content\/uploads\/2015\/09\/render.png\" alt=\"ordenador port\u00e1til para 3D\" width=\"240\" height=\"239\" srcset=\"https:\/\/www.espai.es\/blog\/wp-content\/uploads\/2015\/09\/render.png 240w, https:\/\/www.espai.es\/blog\/wp-content\/uploads\/2015\/09\/render-150x150.png 150w\" sizes=\"auto, (max-width: 240px) 100vw, 240px\" \/><\/a><\/p>\n<p><strong>Velocidad (por n\u00facleo):<\/strong> Los procesadores modernos tienen una velocidad m\u00e1xima y m\u00ednima (la ajustan din\u00e1micamente, dependiendo de si la tarea requiere m\u00e1s o menos desempe\u00f1o por parte del procesador), pues bien, cuanta m\u00e1s velocidad mejor es nuestro \u201cmantra\u201d, en caso de valores m\u00e1ximos y m\u00ednimos muy \u201cabiertos\u201d, lo mejor es extrapolar la media de velocidad.<\/p>\n<p>Ejemplo de velocidades de un Core i5 5500U<\/p>\n<p><a href=\"http:\/\/www.espai.es\/blog\/wp-content\/uploads\/2015\/09\/porta_3d_velocidad.jpg\"><img loading=\"lazy\" decoding=\"async\" class=\"aligncenter size-full wp-image-4149\" src=\"http:\/\/www.espai.es\/blog\/wp-content\/uploads\/2015\/09\/porta_3d_velocidad.jpg\" alt=\"porta_3d_velocidad\" width=\"391\" height=\"56\" srcset=\"https:\/\/www.espai.es\/blog\/wp-content\/uploads\/2015\/09\/porta_3d_velocidad.jpg 391w, https:\/\/www.espai.es\/blog\/wp-content\/uploads\/2015\/09\/porta_3d_velocidad-300x43.jpg 300w\" sizes=\"auto, (max-width: 391px) 100vw, 391px\" \/><\/a><\/p>\n<h3>\u00bfN\u00facleos o Velocidad, qu\u00e9 es mejor ?<\/h3>\n<p>En igualdad de condiciones, la velocidad es determinante, al tener m\u00e1s velocidad cada n\u00facleo, podr\u00e1 realizar el mismo c\u00e1lculo mucho m\u00e1s r\u00e1pido. Ahora bien, si la cantidad de n\u00facleos fuese diferente, un procesador de mayor velocidad, igualar\u00e1 a uno con m\u00e1s n\u00facleos pero menos velocidad, ahora bien, la diferencia entre uno y otro deber\u00eda de ser de 1GHz (gigahercio) aproximadamente.<\/p>\n<p>Hay una cosa que no hab\u00eda nombrado, y es que los procesadores Intel, tienen procesadores f\u00edsicos que pueden funcionar como dos \u201cl\u00f3gicos\u201d (llamados subprocesos), el rendimiento de estos \u00faltimos, no es igual a los f\u00edsicos (reales), pero si que bastante similar, por lo tanto y en nuestro caso, intentaremos adquirir procesadores con 4 f\u00edsicos y 8 l\u00f3gicos preferiblemente.<\/p>\n<p><a href=\"http:\/\/www.espai.es\/blog\/wp-content\/uploads\/2015\/09\/porta_3d_nucelos.jpg\"><img loading=\"lazy\" decoding=\"async\" class=\"aligncenter size-full wp-image-4145\" src=\"http:\/\/www.espai.es\/blog\/wp-content\/uploads\/2015\/09\/porta_3d_nucelos.jpg\" alt=\"porta_3d_nucelos\" width=\"398\" height=\"113\" srcset=\"https:\/\/www.espai.es\/blog\/wp-content\/uploads\/2015\/09\/porta_3d_nucelos.jpg 398w, https:\/\/www.espai.es\/blog\/wp-content\/uploads\/2015\/09\/porta_3d_nucelos-300x85.jpg 300w\" sizes=\"auto, (max-width: 398px) 100vw, 398px\" \/><\/a><\/p>\n<p style=\"text-align: center;\">Los procesadores \u00abf\u00edsicos\u00bb o reales, se les suele llamar n\u00facleo o core, mientras que los \u00abvirtuales\u00bb suelen recibir el nombre de threads<\/p>\n<h2>Aviso sobre CPU\u2019s, generaci\u00f3n y \u201cultra-low voltaje\u201d<\/h2>\n<p>Como bien dije anteriormente, el primer n\u00famero es la generaci\u00f3n de procesador, siendo 5 la actual, lo que aviso con esto, es que si adquieres uno de generaci\u00f3n anterior, puedes ahorrar dinero, consiguiendo una mejor relaci\u00f3n calidad-precio, ya que las diferencias de rendimiento entre generaciones es m\u00ednima (un 5%).<\/p>\n<p><a href=\"http:\/\/www.espai.es\/blog\/wp-content\/uploads\/2015\/09\/Intel-Core-i7-5500U-vs-Intel-Core-i7-4510U.jpg\"><img loading=\"lazy\" decoding=\"async\" class=\"aligncenter  wp-image-4154\" src=\"http:\/\/www.espai.es\/blog\/wp-content\/uploads\/2015\/09\/Intel-Core-i7-5500U-vs-Intel-Core-i7-4510U.jpg\" alt=\"Intel-Core-i7-5500U-vs-Intel-Core-i7-4510U\" width=\"532\" height=\"163\" srcset=\"https:\/\/www.espai.es\/blog\/wp-content\/uploads\/2015\/09\/Intel-Core-i7-5500U-vs-Intel-Core-i7-4510U.jpg 799w, https:\/\/www.espai.es\/blog\/wp-content\/uploads\/2015\/09\/Intel-Core-i7-5500U-vs-Intel-Core-i7-4510U-300x92.jpg 300w\" sizes=\"auto, (max-width: 532px) 100vw, 532px\" \/><\/a><\/p>\n<p>Atentos adem\u00e1s a los equipos con procesadores acabados en \u201cU\u201d, esta es una especificaci\u00f3n que indica que el procesador est\u00e1 dise\u00f1ado con el bajo consumo en mente, es decir, equipos ligeros y con gran duraci\u00f3n de bater\u00eda, es por ello que conviene evitarlos, ya que no son adecuados para tareas que impliquen mucho trabajo, puesto que son versiones recortadas de potencia para primar la autonom\u00eda de los equipos.<\/p>\n<p><a href=\"http:\/\/www.espai.es\/blog\/wp-content\/uploads\/2015\/09\/etiqueta_proc_u.jpg\"><img loading=\"lazy\" decoding=\"async\" class=\"aligncenter size-full wp-image-4152\" src=\"http:\/\/www.espai.es\/blog\/wp-content\/uploads\/2015\/09\/etiqueta_proc_u.jpg\" alt=\"etiqueta_proc_u\" width=\"597\" height=\"42\" srcset=\"https:\/\/www.espai.es\/blog\/wp-content\/uploads\/2015\/09\/etiqueta_proc_u.jpg 597w, https:\/\/www.espai.es\/blog\/wp-content\/uploads\/2015\/09\/etiqueta_proc_u-300x21.jpg 300w\" sizes=\"auto, (max-width: 597px) 100vw, 597px\" \/><\/a><\/p>\n<h2>\u00a0Tarjeta gr\u00e1fica<\/h2>\n<p>Las tarjetas gr\u00e1ficas son importantes para el trabajo con el modelo, y al contrario de la creencia popular, no intervienen en el renderizado (salvo en ciertas ocasiones que nombraremos m\u00e1s adelante). As\u00ed pues, una gr\u00e1fica m\u00e1s potente nos permitir\u00e1 trabajar con modelos con m\u00e1s pol\u00edgonos.<\/p>\n<p>Para 3D necesitamos una tarjeta gr\u00e1fica \u201cdedicada\u201d (est\u00e1 fuera de la CPU, y adem\u00e1s tiene memoria propia, ya que no comparte la del sistema). Mi apuesta son las tarjetas de Nvidia, ya que muchos modelos soportan el procesamiento por CUDA (<a href=\"http:\/\/www.nvidia.es\/object\/cuda-parallel-computing-es.html\">http:\/\/www.nvidia.es\/object\/cuda-parallel-computing-es.html<\/a> ) que ayudan en el proceso de renderizaci\u00f3n del modelo (en contadas ocasiones y solo con ciertos programas). Sabremos que tiene una de este tipo porque los port\u00e1tiles suelen llevar pegatinas que las identifican, como en la muestra:<\/p>\n<p><a href=\"http:\/\/www.espai.es\/blog\/wp-content\/uploads\/2015\/09\/dell-inspirion-15-7000-review-intel-sticker-1500x1000.jpg\"><img loading=\"lazy\" decoding=\"async\" class=\"aligncenter wp-image-4151\" src=\"http:\/\/www.espai.es\/blog\/wp-content\/uploads\/2015\/09\/dell-inspirion-15-7000-review-intel-sticker-1500x1000.jpg\" alt=\"ordenador port\u00e1til para 3D\" width=\"431\" height=\"287\" srcset=\"https:\/\/www.espai.es\/blog\/wp-content\/uploads\/2015\/09\/dell-inspirion-15-7000-review-intel-sticker-1500x1000.jpg 750w, https:\/\/www.espai.es\/blog\/wp-content\/uploads\/2015\/09\/dell-inspirion-15-7000-review-intel-sticker-1500x1000-300x200.jpg 300w\" sizes=\"auto, (max-width: 431px) 100vw, 431px\" \/><\/a><\/p>\n<p>Para entender la numeraci\u00f3n de las gr\u00e1ficas de Nvidia, hay que saber que suelen tener 3 d\u00edgitos que identifican en este orden, generaci\u00f3n (la actual es la 9, las diferencias entre generaciones oscilan un 10-5% entre cada una de ellas), gama (hasta el 4 es gama baja, entre 4 y 5 gama media y a partir del 6, es gama alta) y sub-gama (un 5 o las letras Ti, indican que es un modelo intermedio, por ejemplo GTX560 es inferior a una GTX560Ti). Tambi\u00e9n suelen venir estos n\u00fameros precedidos por letras, que son GT (gama baja) y GTX (gamas media y alta), para que sea m\u00e1s f\u00e1cil de entender la codificaci\u00f3n.<\/p>\n<p style=\"text-align: center;\"><a href=\"http:\/\/www.espai.es\/blog\/wp-content\/uploads\/2015\/09\/nvidia_sticker.jpg\"><img loading=\"lazy\" decoding=\"async\" class=\"aligncenter wp-image-4155\" src=\"http:\/\/www.espai.es\/blog\/wp-content\/uploads\/2015\/09\/nvidia_sticker.jpg\" alt=\"ordenador port\u00e1til para 3D\" width=\"230\" height=\"217\" srcset=\"https:\/\/www.espai.es\/blog\/wp-content\/uploads\/2015\/09\/nvidia_sticker.jpg 457w, https:\/\/www.espai.es\/blog\/wp-content\/uploads\/2015\/09\/nvidia_sticker-300x284.jpg 300w\" sizes=\"auto, (max-width: 230px) 100vw, 230px\" \/><\/a>Tarjeta de baja capacidad , es una GT, generaci\u00f3n 6 y la gama es 20.<\/p>\n<p>&nbsp;<\/p>\n<p>As\u00ed pues, mi recomendaci\u00f3n, es un m\u00ednimo muy m\u00ednimo de tarjeta gr\u00e1fica Nvidia GT 530, 630,730 o 930 (no importa si la generaci\u00f3n es 5,6,7 o 9). Lo ideal, eso s\u00ed, ser\u00eda una GT950 o superior.<\/p>\n<h2>RAM<\/h2>\n<p>La memoria es importante, ya que dependiendo de la cantidad, podremos mover m\u00e1s cantidad de pol\u00edgonos y usar texturas de m\u00e1s tama\u00f1o. Lo m\u00ednimo indispensable son 8GB y los sugerido es llegar a los 12GB, as\u00ed de simple&#8230;<\/p>\n<h2>Resumiendo&#8230;<\/h2>\n<p>Como m\u00ednimo, sugerir\u00eda estas especificaciones:<\/p>\n<ul>\n<li><em><strong>Procesador<\/strong> <\/em>&#8211; Core i7 (variantes sin U al final, no importa generaci\u00f3n).<\/li>\n<li><em><strong>RAM<\/strong><\/em> \u2013 8GB m\u00ednimo, 12 o m\u00e1s recomendables.<\/li>\n<li><em><strong>Tarjeta gr\u00e1fica<\/strong><\/em> \u2013 GT950 por encima o por debajo. Lo m\u00ednimo es una 920.<\/li>\n<\/ul>\n<h2>Ejemplos de configuraciones<\/h2>\n<p>Estos son algunos ejemplos que he encontrado a d\u00eda de hoy en tiendas online:<\/p>\n<p><a href=\"http:\/\/www.espai.es\/blog\/wp-content\/uploads\/2015\/09\/porta_3D_SEP2015_minimo.jpg\"><img loading=\"lazy\" decoding=\"async\" class=\"aligncenter size-full wp-image-4147\" src=\"http:\/\/www.espai.es\/blog\/wp-content\/uploads\/2015\/09\/porta_3D_SEP2015_minimo.jpg\" alt=\"porta_3D_SEP2015_minimo\" width=\"880\" height=\"345\" srcset=\"https:\/\/www.espai.es\/blog\/wp-content\/uploads\/2015\/09\/porta_3D_SEP2015_minimo.jpg 880w, https:\/\/www.espai.es\/blog\/wp-content\/uploads\/2015\/09\/porta_3D_SEP2015_minimo-300x118.jpg 300w\" sizes=\"auto, (max-width: 880px) 100vw, 880px\" \/><\/a><\/p>\n<p>Este lo considero lo m\u00ednimo indispensable. Mayor RAM ser\u00eda ideal (8GB), un disco duro m\u00e1s r\u00e1pido y la gr\u00e1fica est\u00e1 en el segmento bajo (aunque al menos es dedicada).<\/p>\n<p><a href=\"http:\/\/www.espai.es\/blog\/wp-content\/uploads\/2015\/09\/porta_3D_SEP2015_recomendado.jpg\"><img loading=\"lazy\" decoding=\"async\" class=\"aligncenter size-full wp-image-4148\" src=\"http:\/\/www.espai.es\/blog\/wp-content\/uploads\/2015\/09\/porta_3D_SEP2015_recomendado.jpg\" alt=\"porta_3D_SEP2015_recomendado\" width=\"712\" height=\"355\" srcset=\"https:\/\/www.espai.es\/blog\/wp-content\/uploads\/2015\/09\/porta_3D_SEP2015_recomendado.jpg 712w, https:\/\/www.espai.es\/blog\/wp-content\/uploads\/2015\/09\/porta_3D_SEP2015_recomendado-300x150.jpg 300w\" sizes=\"auto, (max-width: 712px) 100vw, 712px\" \/><\/a><\/p>\n<p>El recomendado, est\u00e1 compensado y no tiene un precio demasiado alto. Floj\u00e9a un poco el disco duro (que es lento), la gr\u00e1fica est\u00e1 bien, pero mejorable.<\/p>\n<p><a href=\"http:\/\/www.espai.es\/blog\/wp-content\/uploads\/2015\/09\/porta_3D_SEP2015_high.jpg\"><img loading=\"lazy\" decoding=\"async\" class=\"aligncenter size-full wp-image-4146\" src=\"http:\/\/www.espai.es\/blog\/wp-content\/uploads\/2015\/09\/porta_3D_SEP2015_high.jpg\" alt=\"porta_3D_SEP2015_high\" width=\"880\" height=\"368\" srcset=\"https:\/\/www.espai.es\/blog\/wp-content\/uploads\/2015\/09\/porta_3D_SEP2015_high.jpg 880w, https:\/\/www.espai.es\/blog\/wp-content\/uploads\/2015\/09\/porta_3D_SEP2015_high-300x125.jpg 300w\" sizes=\"auto, (max-width: 880px) 100vw, 880px\" \/><\/a><\/p>\n<p>Este ya entra en el segmente de gama alta, de aqu\u00ed en adelante, los precios se disparan. N\u00f3tese que el disco duro es de alta velocidad (7200rpm) y la gr\u00e1fica es una x60, bastante potente. Cosas mejorables ser\u00eda m\u00e1s RAM.<\/p>\n<p>Como cierre, si el presupuesto fuese a\u00fan m\u00e1s grande, entonces recomendar\u00eda uno hecho por encargo, como por ejemplo los realizados por la empresa Mountain\u00a0 (<a title=\"https:\/\/www.mountain.es\/\" href=\"https:\/\/www.mountain.es\/\" target=\"_blank\">https:\/\/www.mountain.es\/<\/a>) los port\u00e1tiles de gama ONYX, tienen una buena relaci\u00f3n calidad-precio. Aunque si vamos a viajar con el port\u00e1til, sin duda mi recomendaci\u00f3n son los de la marca DELL (<a title=\"http:\/\/www.dell.com\/es\/empresas\/p\/laptops\/precision-laptops\" href=\"http:\/\/www.dell.com\/es\/empresas\/p\/laptops\/precision-laptops\" target=\"_blank\">http:\/\/www.dell.com\/es\/empresas\/p\/laptops\/precision-laptops<\/a>) la gama precision est\u00e1n dise\u00f1ados para rendir y aguantar \u00abcastigo\u00bb, pero eso s\u00ed, prepara la cartera&#8230;<\/p>\n<p>&nbsp;<\/p>\n<p>&nbsp;<\/p>\n<p>&nbsp;<\/p>\n<p>Animaciones propiedad de:<\/p>\n<p><a href=\"http:\/\/autodesk.blogs.com\/between_the_lines\/2006\/10\/autocad_2007_re_1.html\">http:\/\/autodesk.blogs.com\/between_the_lines\/2006\/10\/autocad_2007_re_1.html<\/a><\/p>\n<p>&nbsp;<\/p>\n","protected":false},"excerpt":{"rendered":"<p>Hola, en esta entrada me gustar\u00eda aconsejaros sobre qu\u00e9 ordenador port\u00e1til para 3D es el m\u00e1s \u00fatil para empezar. Un ordenador port\u00e1til para 3D, nunca ser\u00e1 bueno ni barato, ya que para rendir bien en 3D, tenemos que prepararnos para desembolsar una gran cantidad de&#8230;<\/p>\n","protected":false},"author":7,"featured_media":4159,"comment_status":"open","ping_status":"closed","sticky":false,"template":"","format":"standard","meta":{"_monsterinsights_skip_tracking":false,"_monsterinsights_sitenote_active":false,"_monsterinsights_sitenote_note":"","_monsterinsights_sitenote_category":0,"jetpack_post_was_ever_published":false,"_jetpack_newsletter_access":"","_jetpack_dont_email_post_to_subs":false,"_jetpack_newsletter_tier_id":0,"_jetpack_memberships_contains_paywalled_content":false,"_ef_editorial_meta_date_first-draft-date":"","_ef_editorial_meta_paragraph_assignment":"","_ef_editorial_meta_checkbox_needs-photo":"","_ef_editorial_meta_number_word-count":"","_jetpack_memberships_contains_paid_content":false,"footnotes":""},"categories":[6,74,184],"tags":[71,412,113,315,411],"class_list":["post-4144","post","type-post","status-publish","format-standard","has-post-thumbnail","hentry","category-animacion-3d","category-hardware","category-sistemas-2","tag-3d","tag-barato","tag-hardware-2","tag-portatil","tag-presupuesto"],"yoast_head":"<!-- This site is optimized with the Yoast SEO plugin v27.1.1 - https:\/\/yoast.com\/product\/yoast-seo-wordpress\/ -->\n<title>Un ordenador port\u00e1til para iniciarme en el 3D - Blog Escola Espai<\/title>\n<meta name=\"description\" content=\"En este art\u00edculo os ofrecemos consejos sobre qu\u00e9 ordenador port\u00e1til para 3D es el m\u00e1s \u00fatil para empezar. Una comparaci\u00f3n de precios y caracter\u00edsticas ideal.\" \/>\n<meta name=\"robots\" content=\"index, follow, max-snippet:-1, max-image-preview:large, max-video-preview:-1\" \/>\n<link rel=\"canonical\" href=\"https:\/\/www.espai.es\/blog\/2015\/09\/un-ordenador-portatil-para-iniciarme-en-el-3d\/\" \/>\n<meta property=\"og:locale\" content=\"es_ES\" \/>\n<meta property=\"og:type\" content=\"article\" \/>\n<meta property=\"og:title\" content=\"Un ordenador port\u00e1til para iniciarme en el 3D - Blog Escola Espai\" \/>\n<meta property=\"og:description\" content=\"En este art\u00edculo os ofrecemos consejos sobre qu\u00e9 ordenador port\u00e1til para 3D es el m\u00e1s \u00fatil para empezar. Una comparaci\u00f3n de precios y caracter\u00edsticas ideal.\" \/>\n<meta property=\"og:url\" content=\"https:\/\/www.espai.es\/blog\/2015\/09\/un-ordenador-portatil-para-iniciarme-en-el-3d\/\" \/>\n<meta property=\"og:site_name\" content=\"Blog Escola Espai\" \/>\n<meta property=\"article:published_time\" content=\"2015-09-19T10:59:25+00:00\" \/>\n<meta property=\"article:modified_time\" content=\"2015-11-06T17:05:36+00:00\" \/>\n<meta property=\"og:image\" content=\"https:\/\/www.espai.es\/blog\/wp-content\/uploads\/2015\/09\/dell-precision.jpg\" \/>\n\t<meta property=\"og:image:width\" content=\"603\" \/>\n\t<meta property=\"og:image:height\" content=\"440\" \/>\n\t<meta property=\"og:image:type\" content=\"image\/jpeg\" \/>\n<meta name=\"author\" content=\"Jordi Lorenzo\" \/>\n<meta name=\"twitter:card\" content=\"summary_large_image\" \/>\n<meta name=\"twitter:label1\" content=\"Escrito por\" \/>\n\t<meta name=\"twitter:data1\" content=\"Jordi Lorenzo\" \/>\n\t<meta name=\"twitter:label2\" content=\"Tiempo de lectura\" \/>\n\t<meta name=\"twitter:data2\" content=\"6 minutos\" \/>\n<script type=\"application\/ld+json\" class=\"yoast-schema-graph\">{\"@context\":\"https:\/\/schema.org\",\"@graph\":[{\"@type\":\"Article\",\"@id\":\"https:\/\/www.espai.es\/blog\/2015\/09\/un-ordenador-portatil-para-iniciarme-en-el-3d\/#article\",\"isPartOf\":{\"@id\":\"https:\/\/www.espai.es\/blog\/2015\/09\/un-ordenador-portatil-para-iniciarme-en-el-3d\/\"},\"author\":{\"name\":\"Jordi Lorenzo\",\"@id\":\"https:\/\/www.espai.es\/blog\/#\/schema\/person\/66f318b777922f76347674ff5eb9a70d\"},\"headline\":\"Un ordenador port\u00e1til para iniciarme en el 3D\",\"datePublished\":\"2015-09-19T10:59:25+00:00\",\"dateModified\":\"2015-11-06T17:05:36+00:00\",\"mainEntityOfPage\":{\"@id\":\"https:\/\/www.espai.es\/blog\/2015\/09\/un-ordenador-portatil-para-iniciarme-en-el-3d\/\"},\"wordCount\":1272,\"commentCount\":8,\"image\":{\"@id\":\"https:\/\/www.espai.es\/blog\/2015\/09\/un-ordenador-portatil-para-iniciarme-en-el-3d\/#primaryimage\"},\"thumbnailUrl\":\"https:\/\/www.espai.es\/blog\/wp-content\/uploads\/2015\/09\/dell-precision.jpg\",\"keywords\":[\"3d\",\"barato\",\"hardware\",\"portatil\",\"presupuesto\"],\"articleSection\":[\"Animaci\u00f3n 3D\",\"Hardware\",\"Sistemas\"],\"inLanguage\":\"es\",\"potentialAction\":[{\"@type\":\"CommentAction\",\"name\":\"Comment\",\"target\":[\"https:\/\/www.espai.es\/blog\/2015\/09\/un-ordenador-portatil-para-iniciarme-en-el-3d\/#respond\"]}]},{\"@type\":\"WebPage\",\"@id\":\"https:\/\/www.espai.es\/blog\/2015\/09\/un-ordenador-portatil-para-iniciarme-en-el-3d\/\",\"url\":\"https:\/\/www.espai.es\/blog\/2015\/09\/un-ordenador-portatil-para-iniciarme-en-el-3d\/\",\"name\":\"Un ordenador port\u00e1til para iniciarme en el 3D - Blog Escola Espai\",\"isPartOf\":{\"@id\":\"https:\/\/www.espai.es\/blog\/#website\"},\"primaryImageOfPage\":{\"@id\":\"https:\/\/www.espai.es\/blog\/2015\/09\/un-ordenador-portatil-para-iniciarme-en-el-3d\/#primaryimage\"},\"image\":{\"@id\":\"https:\/\/www.espai.es\/blog\/2015\/09\/un-ordenador-portatil-para-iniciarme-en-el-3d\/#primaryimage\"},\"thumbnailUrl\":\"https:\/\/www.espai.es\/blog\/wp-content\/uploads\/2015\/09\/dell-precision.jpg\",\"datePublished\":\"2015-09-19T10:59:25+00:00\",\"dateModified\":\"2015-11-06T17:05:36+00:00\",\"author\":{\"@id\":\"https:\/\/www.espai.es\/blog\/#\/schema\/person\/66f318b777922f76347674ff5eb9a70d\"},\"description\":\"En este art\u00edculo os ofrecemos consejos sobre qu\u00e9 ordenador port\u00e1til para 3D es el m\u00e1s \u00fatil para empezar. Una comparaci\u00f3n de precios y caracter\u00edsticas ideal.\",\"breadcrumb\":{\"@id\":\"https:\/\/www.espai.es\/blog\/2015\/09\/un-ordenador-portatil-para-iniciarme-en-el-3d\/#breadcrumb\"},\"inLanguage\":\"es\",\"potentialAction\":[{\"@type\":\"ReadAction\",\"target\":[\"https:\/\/www.espai.es\/blog\/2015\/09\/un-ordenador-portatil-para-iniciarme-en-el-3d\/\"]}]},{\"@type\":\"ImageObject\",\"inLanguage\":\"es\",\"@id\":\"https:\/\/www.espai.es\/blog\/2015\/09\/un-ordenador-portatil-para-iniciarme-en-el-3d\/#primaryimage\",\"url\":\"https:\/\/www.espai.es\/blog\/wp-content\/uploads\/2015\/09\/dell-precision.jpg\",\"contentUrl\":\"https:\/\/www.espai.es\/blog\/wp-content\/uploads\/2015\/09\/dell-precision.jpg\",\"width\":603,\"height\":440},{\"@type\":\"BreadcrumbList\",\"@id\":\"https:\/\/www.espai.es\/blog\/2015\/09\/un-ordenador-portatil-para-iniciarme-en-el-3d\/#breadcrumb\",\"itemListElement\":[{\"@type\":\"ListItem\",\"position\":1,\"name\":\"Portada\",\"item\":\"https:\/\/www.espai.es\/blog\/\"},{\"@type\":\"ListItem\",\"position\":2,\"name\":\"Un ordenador port\u00e1til para iniciarme en el 3D\"}]},{\"@type\":\"WebSite\",\"@id\":\"https:\/\/www.espai.es\/blog\/#website\",\"url\":\"https:\/\/www.espai.es\/blog\/\",\"name\":\"Blog Escola Espai\",\"description\":\"\",\"potentialAction\":[{\"@type\":\"SearchAction\",\"target\":{\"@type\":\"EntryPoint\",\"urlTemplate\":\"https:\/\/www.espai.es\/blog\/?s={search_term_string}\"},\"query-input\":{\"@type\":\"PropertyValueSpecification\",\"valueRequired\":true,\"valueName\":\"search_term_string\"}}],\"inLanguage\":\"es\"},{\"@type\":\"Person\",\"@id\":\"https:\/\/www.espai.es\/blog\/#\/schema\/person\/66f318b777922f76347674ff5eb9a70d\",\"name\":\"Jordi Lorenzo\",\"image\":{\"@type\":\"ImageObject\",\"inLanguage\":\"es\",\"@id\":\"https:\/\/www.espai.es\/blog\/#\/schema\/person\/image\/\",\"url\":\"https:\/\/secure.gravatar.com\/avatar\/085cddac1625c35378536cc1fd479de33cce3ab8a3c546095401465dea20696d?s=96&d=mm&r=g\",\"contentUrl\":\"https:\/\/secure.gravatar.com\/avatar\/085cddac1625c35378536cc1fd479de33cce3ab8a3c546095401465dea20696d?s=96&d=mm&r=g\",\"caption\":\"Jordi Lorenzo\"},\"sameAs\":[\"http:\/\/www.espai.es\"],\"url\":\"https:\/\/www.espai.es\/blog\/author\/lorenzo\/\"}]}<\/script>\n<!-- \/ Yoast SEO plugin. -->","yoast_head_json":{"title":"Un ordenador port\u00e1til para iniciarme en el 3D - Blog Escola Espai","description":"En este art\u00edculo os ofrecemos consejos sobre qu\u00e9 ordenador port\u00e1til para 3D es el m\u00e1s \u00fatil para empezar. Una comparaci\u00f3n de precios y caracter\u00edsticas ideal.","robots":{"index":"index","follow":"follow","max-snippet":"max-snippet:-1","max-image-preview":"max-image-preview:large","max-video-preview":"max-video-preview:-1"},"canonical":"https:\/\/www.espai.es\/blog\/2015\/09\/un-ordenador-portatil-para-iniciarme-en-el-3d\/","og_locale":"es_ES","og_type":"article","og_title":"Un ordenador port\u00e1til para iniciarme en el 3D - Blog Escola Espai","og_description":"En este art\u00edculo os ofrecemos consejos sobre qu\u00e9 ordenador port\u00e1til para 3D es el m\u00e1s \u00fatil para empezar. Una comparaci\u00f3n de precios y caracter\u00edsticas ideal.","og_url":"https:\/\/www.espai.es\/blog\/2015\/09\/un-ordenador-portatil-para-iniciarme-en-el-3d\/","og_site_name":"Blog Escola Espai","article_published_time":"2015-09-19T10:59:25+00:00","article_modified_time":"2015-11-06T17:05:36+00:00","og_image":[{"width":603,"height":440,"url":"https:\/\/www.espai.es\/blog\/wp-content\/uploads\/2015\/09\/dell-precision.jpg","type":"image\/jpeg"}],"author":"Jordi Lorenzo","twitter_card":"summary_large_image","twitter_misc":{"Escrito por":"Jordi Lorenzo","Tiempo de lectura":"6 minutos"},"schema":{"@context":"https:\/\/schema.org","@graph":[{"@type":"Article","@id":"https:\/\/www.espai.es\/blog\/2015\/09\/un-ordenador-portatil-para-iniciarme-en-el-3d\/#article","isPartOf":{"@id":"https:\/\/www.espai.es\/blog\/2015\/09\/un-ordenador-portatil-para-iniciarme-en-el-3d\/"},"author":{"name":"Jordi Lorenzo","@id":"https:\/\/www.espai.es\/blog\/#\/schema\/person\/66f318b777922f76347674ff5eb9a70d"},"headline":"Un ordenador port\u00e1til para iniciarme en el 3D","datePublished":"2015-09-19T10:59:25+00:00","dateModified":"2015-11-06T17:05:36+00:00","mainEntityOfPage":{"@id":"https:\/\/www.espai.es\/blog\/2015\/09\/un-ordenador-portatil-para-iniciarme-en-el-3d\/"},"wordCount":1272,"commentCount":8,"image":{"@id":"https:\/\/www.espai.es\/blog\/2015\/09\/un-ordenador-portatil-para-iniciarme-en-el-3d\/#primaryimage"},"thumbnailUrl":"https:\/\/www.espai.es\/blog\/wp-content\/uploads\/2015\/09\/dell-precision.jpg","keywords":["3d","barato","hardware","portatil","presupuesto"],"articleSection":["Animaci\u00f3n 3D","Hardware","Sistemas"],"inLanguage":"es","potentialAction":[{"@type":"CommentAction","name":"Comment","target":["https:\/\/www.espai.es\/blog\/2015\/09\/un-ordenador-portatil-para-iniciarme-en-el-3d\/#respond"]}]},{"@type":"WebPage","@id":"https:\/\/www.espai.es\/blog\/2015\/09\/un-ordenador-portatil-para-iniciarme-en-el-3d\/","url":"https:\/\/www.espai.es\/blog\/2015\/09\/un-ordenador-portatil-para-iniciarme-en-el-3d\/","name":"Un ordenador port\u00e1til para iniciarme en el 3D - Blog Escola Espai","isPartOf":{"@id":"https:\/\/www.espai.es\/blog\/#website"},"primaryImageOfPage":{"@id":"https:\/\/www.espai.es\/blog\/2015\/09\/un-ordenador-portatil-para-iniciarme-en-el-3d\/#primaryimage"},"image":{"@id":"https:\/\/www.espai.es\/blog\/2015\/09\/un-ordenador-portatil-para-iniciarme-en-el-3d\/#primaryimage"},"thumbnailUrl":"https:\/\/www.espai.es\/blog\/wp-content\/uploads\/2015\/09\/dell-precision.jpg","datePublished":"2015-09-19T10:59:25+00:00","dateModified":"2015-11-06T17:05:36+00:00","author":{"@id":"https:\/\/www.espai.es\/blog\/#\/schema\/person\/66f318b777922f76347674ff5eb9a70d"},"description":"En este art\u00edculo os ofrecemos consejos sobre qu\u00e9 ordenador port\u00e1til para 3D es el m\u00e1s \u00fatil para empezar. Una comparaci\u00f3n de precios y caracter\u00edsticas ideal.","breadcrumb":{"@id":"https:\/\/www.espai.es\/blog\/2015\/09\/un-ordenador-portatil-para-iniciarme-en-el-3d\/#breadcrumb"},"inLanguage":"es","potentialAction":[{"@type":"ReadAction","target":["https:\/\/www.espai.es\/blog\/2015\/09\/un-ordenador-portatil-para-iniciarme-en-el-3d\/"]}]},{"@type":"ImageObject","inLanguage":"es","@id":"https:\/\/www.espai.es\/blog\/2015\/09\/un-ordenador-portatil-para-iniciarme-en-el-3d\/#primaryimage","url":"https:\/\/www.espai.es\/blog\/wp-content\/uploads\/2015\/09\/dell-precision.jpg","contentUrl":"https:\/\/www.espai.es\/blog\/wp-content\/uploads\/2015\/09\/dell-precision.jpg","width":603,"height":440},{"@type":"BreadcrumbList","@id":"https:\/\/www.espai.es\/blog\/2015\/09\/un-ordenador-portatil-para-iniciarme-en-el-3d\/#breadcrumb","itemListElement":[{"@type":"ListItem","position":1,"name":"Portada","item":"https:\/\/www.espai.es\/blog\/"},{"@type":"ListItem","position":2,"name":"Un ordenador port\u00e1til para iniciarme en el 3D"}]},{"@type":"WebSite","@id":"https:\/\/www.espai.es\/blog\/#website","url":"https:\/\/www.espai.es\/blog\/","name":"Blog Escola Espai","description":"","potentialAction":[{"@type":"SearchAction","target":{"@type":"EntryPoint","urlTemplate":"https:\/\/www.espai.es\/blog\/?s={search_term_string}"},"query-input":{"@type":"PropertyValueSpecification","valueRequired":true,"valueName":"search_term_string"}}],"inLanguage":"es"},{"@type":"Person","@id":"https:\/\/www.espai.es\/blog\/#\/schema\/person\/66f318b777922f76347674ff5eb9a70d","name":"Jordi Lorenzo","image":{"@type":"ImageObject","inLanguage":"es","@id":"https:\/\/www.espai.es\/blog\/#\/schema\/person\/image\/","url":"https:\/\/secure.gravatar.com\/avatar\/085cddac1625c35378536cc1fd479de33cce3ab8a3c546095401465dea20696d?s=96&d=mm&r=g","contentUrl":"https:\/\/secure.gravatar.com\/avatar\/085cddac1625c35378536cc1fd479de33cce3ab8a3c546095401465dea20696d?s=96&d=mm&r=g","caption":"Jordi Lorenzo"},"sameAs":["http:\/\/www.espai.es"],"url":"https:\/\/www.espai.es\/blog\/author\/lorenzo\/"}]}},"jetpack_featured_media_url":"https:\/\/www.espai.es\/blog\/wp-content\/uploads\/2015\/09\/dell-precision.jpg","jetpack_sharing_enabled":true,"_links":{"self":[{"href":"https:\/\/www.espai.es\/blog\/wp-json\/wp\/v2\/posts\/4144","targetHints":{"allow":["GET"]}}],"collection":[{"href":"https:\/\/www.espai.es\/blog\/wp-json\/wp\/v2\/posts"}],"about":[{"href":"https:\/\/www.espai.es\/blog\/wp-json\/wp\/v2\/types\/post"}],"author":[{"embeddable":true,"href":"https:\/\/www.espai.es\/blog\/wp-json\/wp\/v2\/users\/7"}],"replies":[{"embeddable":true,"href":"https:\/\/www.espai.es\/blog\/wp-json\/wp\/v2\/comments?post=4144"}],"version-history":[{"count":9,"href":"https:\/\/www.espai.es\/blog\/wp-json\/wp\/v2\/posts\/4144\/revisions"}],"predecessor-version":[{"id":4374,"href":"https:\/\/www.espai.es\/blog\/wp-json\/wp\/v2\/posts\/4144\/revisions\/4374"}],"wp:featuredmedia":[{"embeddable":true,"href":"https:\/\/www.espai.es\/blog\/wp-json\/wp\/v2\/media\/4159"}],"wp:attachment":[{"href":"https:\/\/www.espai.es\/blog\/wp-json\/wp\/v2\/media?parent=4144"}],"wp:term":[{"taxonomy":"category","embeddable":true,"href":"https:\/\/www.espai.es\/blog\/wp-json\/wp\/v2\/categories?post=4144"},{"taxonomy":"post_tag","embeddable":true,"href":"https:\/\/www.espai.es\/blog\/wp-json\/wp\/v2\/tags?post=4144"}],"curies":[{"name":"wp","href":"https:\/\/api.w.org\/{rel}","templated":true}]}}