{"id":4129,"date":"2015-09-07T17:48:02","date_gmt":"2015-09-07T16:48:02","guid":{"rendered":"http:\/\/www.espai.es\/blog\/?p=4129"},"modified":"2015-11-16T23:13:44","modified_gmt":"2015-11-16T22:13:44","slug":"la-vuelta-al-cole-con-pc-portatil-nuevo","status":"publish","type":"post","link":"https:\/\/www.espai.es\/blog\/2015\/09\/la-vuelta-al-cole-con-pc-portatil-nuevo\/","title":{"rendered":"La vuelta al cole con PC port\u00e1til nuevo"},"content":{"rendered":"<p>Con la entrada de un nuevo curso, mucha gente me asalta con la pregunta: Quiero un port\u00e1til nuevo, un ordenador bueno, bonito, barato y ligero para ir al \u201ccole\u201d (l\u00e9ase, colegio, instituto, universidad \u2026 etc.). La verdad es que no hay una respuesta f\u00e1cil, ya que hay multitud de ofertas y opciones que conjuguen todos los elementos, as\u00ed pues, lo que voy a hacer es dar una serie de recomendaciones respecto a qu\u00e9 fijarnos a la hora de comprar uno:<\/p>\n<h2>UN PORT\u00c1TIL NUEVO:<\/h2>\n<h3>PESO<\/h3>\n<p>Lo primero que hemos de vigilar es este valor en un buen port\u00e1til que llevaremos siempre encima, el problema del peso es que es un factor que depende directamente de la pantalla del equipo, as\u00ed pues, a m\u00e1s peque\u00f1a la pantalla, menos peso (adem\u00e1s de que el tama\u00f1o del equipo tambi\u00e9n se reducir\u00e1). M\u00e1ximo que aconsejar\u00eda personalmente para uso diario: <strong>2,5KG<\/strong>, esto es un tope, por encima de este valor, el equipo \u201cse nota\u201d demasiado y acabaremos con el hombro o la espalda rendida, dentro de este valor, podemos ubicar multitud de equipos de bajo coste y caracter\u00edsticas \u201ccontenidas\u201d como veremos m\u00e1s adelante.<\/p>\n<h3>PANTALLA<\/h3>\n<p>Como he avisado antes, a m\u00e1s pantalla, m\u00e1s peso. Hay gente que requiere una pantalla grande para trabajar, en este caso si es que vamos a usar tanto en casa como en el centro educativo, optaremos por uno con la pantalla de <strong>15,6\u201d<\/strong>, pero si usaremos este equipo como \u201cauxiliar\u201d transportable, teniendo un ordenador fijo en casa para hacer tareas m\u00e1s pesadas, entonces recomendar\u00eda una pantalla de <strong>13\u201d<\/strong> (o inferior), es una pantalla que aunque peque\u00f1a, con las resoluciones que existen hoy en d\u00eda, son extremadamente n\u00edtidas, a la vez que nos permitir\u00e1n trabajar.<\/p>\n<p>Mi consejo respecto al tama\u00f1o de tu port\u00e1til nuevo en si, es que no supere el tama\u00f1o de la carpeta, carpesano, libreta o libros que tengamos que llevar, ya que de esa manera, no tendremos que adquirir una bolsa exclusiva para el port\u00e1til (solo con una bolsa de neopreno lo protegeremos de ara\u00f1azos), y nos aseguraremos que caminaremos c\u00f3modamente, o de lo contrario, tendremos que ir cargando con una bolsa demasiado grande que har\u00e1 que el resto de objetos que necesitemos y material lectivo \u00abbaile\u00bb en su interior.<\/p>\n<p><a href=\"http:\/\/www.espai.es\/blog\/wp-content\/uploads\/2015\/09\/4c723ff4_xl-bag-1.jpg\"><img loading=\"lazy\" decoding=\"async\" class=\"aligncenter size-full wp-image-4140\" src=\"http:\/\/www.espai.es\/blog\/wp-content\/uploads\/2015\/09\/4c723ff4_xl-bag-1.jpg\" alt=\"4c723ff4_xl+bag+1\" width=\"529\" height=\"278\" srcset=\"https:\/\/www.espai.es\/blog\/wp-content\/uploads\/2015\/09\/4c723ff4_xl-bag-1.jpg 529w, https:\/\/www.espai.es\/blog\/wp-content\/uploads\/2015\/09\/4c723ff4_xl-bag-1-300x158.jpg 300w\" sizes=\"auto, (max-width: 529px) 100vw, 529px\" \/><\/a><\/p>\n<p>Hay incluso equipos que incluyen una pantalla retr\u00e1ctil (permite doblarla sobre el mismo cuerpo) y as\u00ed el ordenador queda con un tama\u00f1o de tablet, ideal para tomar apuntes desde el regazo o usarlo solo para leer:<\/p>\n<p><a href=\"http:\/\/www.espai.es\/blog\/wp-content\/uploads\/2015\/09\/convertible_001.jpg\"><img loading=\"lazy\" decoding=\"async\" class=\"aligncenter  wp-image-4131\" src=\"http:\/\/www.espai.es\/blog\/wp-content\/uploads\/2015\/09\/convertible_001.jpg\" alt=\"convertible_001\" width=\"393\" height=\"202\" srcset=\"https:\/\/www.espai.es\/blog\/wp-content\/uploads\/2015\/09\/convertible_001.jpg 500w, https:\/\/www.espai.es\/blog\/wp-content\/uploads\/2015\/09\/convertible_001-300x154.jpg 300w\" sizes=\"auto, (max-width: 393px) 100vw, 393px\" \/><\/a><\/p>\n<p>Quedan prohibidas las pantallas de 17\u201d, ya que eso se quedar\u00eda en el rango de port\u00e1tiles de trabajo y no son en absoluto ni peque\u00f1os ni transportables, ni liegros\u2026<\/p>\n<h3>POTENCIA<\/h3>\n<p>Este factor implica peso, calor (esto es importante tratando de la longevidad del equipo y su comodidad de uso al colocarlo sobre las piernas), y claro est\u00e1, la productividad. Puesto que es un equipo en el que prime el transporte, no podr\u00e1 ser demasiado potente, a menos que invirtamos mucho dinero en \u00e9l (un Ultrabook con core i7, puede costarnos por encima de los 1000 \u20ac).<\/p>\n<p>Lo recomendado para un equipo de ofim\u00e1tica o dise\u00f1o 2D (l\u00e9ase Photoshop), es un equipo con<strong> Intel Core i3<\/strong>, tiene una relaci\u00f3n peso-potencia muy bueno, adem\u00e1s, apenas se calientan. Un <strong>Intel Core i5<\/strong>, es m\u00e1s potente, pero el equipo aumentar\u00e1 de peso y tendr\u00e1 menos autonom\u00eda.<\/p>\n<h2>Otras caracter\u00edsticas:<\/h2>\n<p><strong>La <em>tarjeta gr\u00e1fica<\/em><\/strong> es importante, si el uso del port\u00e1til va a ser intensivo en gr\u00e1ficos, pero has de tener en cuenta que una tarjeta gr\u00e1fica dedicada aumentar\u00e1 el consumo, el peso y disminuir\u00e1 la autonom\u00eda del port\u00e1til. Adem\u00e1s, Adobe Photoshop o Illustrator, son programas que con una tarjeta integrada Intel ya funcionan bien.<\/p>\n<p><strong><em>La RAM<\/em><\/strong> necesaria son 4 GB m\u00ednimos, aunque la regla de oro, es cuanto m\u00e1s, mejor.<\/p>\n<p><em><strong>La capacidad del disco duro<\/strong><\/em>, es la necesaria para nuestras tareas, aunque si se nos queda peque\u00f1o, siempre podemos recurrir a usb o discos externos. Eso s\u00ed, el tipo es importante, estos equipos est\u00e1n hechos con la autonom\u00eda en mente, as\u00ed pues, se usar\u00e1n discos magn\u00e9ticos lentos (5400 rpm), esto es un arma de doble filo, y ya veremos m\u00e1s adelante en otro art\u00edculo, los problemas de rendimiento que esto genera.<\/p>\n<p><strong><em>Unidad \u00f3ptica <\/em><\/strong><em>no es requerida<\/em>, ya que para ello, siempre podemos adquirir una unidad por USB por menos de 30\u20ac, adem\u00e1s los port\u00e1tiles sin unidad \u00f3ptica, suelen ser extremadamente delgados y ligeros, lo cual es una gran ventaja.<\/p>\n<p><strong><em>La<\/em> <em>durabilidad<\/em> <\/strong>es importante, sobre todo si el usuario va a ser un ni\u00f1o. Bueno, esto es un problema, porque hay modelos que est\u00e1n preparados para un uso m\u00e1s \u201cagresivo\u201d, pero los modelos se cuentan con los dedos de las manos y suelen ser de media m\u00e1s caros de lo habitual, as\u00ed pues, si se quiere un modelo m\u00e1s resistente, recomiendo que tengan un disco SSD (evitar\u00e1 que con sacudidas el disco duro no se estropee) y unas bisagras resistentes (los modelos Lenovo Thinkpad, son especialistas, hacen port\u00e1tiles con bisagras de acero\u2026 pero sin ir tan lejos, simplemente hemos de comprobar que cuando abramos y cerremos la tapa, no haya juego en ellas (ni notemos que se balancean).<\/p>\n<p>Y finalmente,<strong><em> el sistema operativo<\/em><\/strong>, es lo menos importante, lo que si recomendar\u00eda es que si viene con Windows 8.1 o 7, actualizarlo al m\u00e1ximo y solicitar online la actualizaci\u00f3n gratuita al 10.<\/p>\n<h2>Los Ultrabook<\/h2>\n<p>Intel, recientemente, y como hizo con la antigua plataforma Centrino, ha establecido una serie de normas para establecer la plataforma \u201cUltrabook\u201d, hay m\u00e1s informaci\u00f3n en la siguiente entrada de wiki: <a href=\"https:\/\/es.wikipedia.org\/wiki\/Ultrabook\">https:\/\/es.wikipedia.org\/wiki\/Ultrabook<\/a><\/p>\n<p>En resumen, un equipo con esta etiqueta, es un equipo con especificaciones que lo hace delgado, ligero, con buena autonom\u00eda y una buena relaci\u00f3n de potencia (ya que incorpora procesadores potentes acompa\u00f1ados por discos SSD, combinaci\u00f3n que recomiendo). Son muy recomendados, aunque se pueden conseguir alternativas a menor precio si se vigilan bien las caracter\u00edsticas, aunque son una buena opci\u00f3n para gente que o no es experta en el tema, o no quiere perder el tiempo buscando entre la gran cantidad de modelos del mercado.<\/p>\n<div id=\"attachment_4133\" style=\"width: 455px\" class=\"wp-caption aligncenter\"><a href=\"http:\/\/www.espai.es\/blog\/wp-content\/uploads\/2015\/09\/ultrabook_001.jpg\"><img loading=\"lazy\" decoding=\"async\" aria-describedby=\"caption-attachment-4133\" class=\"wp-image-4133\" src=\"http:\/\/www.espai.es\/blog\/wp-content\/uploads\/2015\/09\/ultrabook_001.jpg\" alt=\"port\u00e1til nuevo\" width=\"445\" height=\"150\" srcset=\"https:\/\/www.espai.es\/blog\/wp-content\/uploads\/2015\/09\/ultrabook_001.jpg 620w, https:\/\/www.espai.es\/blog\/wp-content\/uploads\/2015\/09\/ultrabook_001-300x101.jpg 300w\" sizes=\"auto, (max-width: 445px) 100vw, 445px\" \/><\/a><p id=\"caption-attachment-4133\" class=\"wp-caption-text\">ultrabook_001<\/p><\/div>\n<p>&nbsp;<\/p>\n<h2>Los Ultra Port\u00e1tiles<\/h2>\n<p>No tienen un claro encaje, ya que son unos Tablet-PC, con una base que hace las veces de teclado. Ejemplo de ello, son los ASUS Transformer, que se componen de dos partes, la principal es la tableta, que es en si el ordenador y luego un teclado que se acopla a esta como si fuese un \u201cdock\u201d. No son potentes, pero tienen mucha autonom\u00eda, son extremadamente ligeros y dependiendo del modelo, permiten tomar notas con un l\u00e1piz \u00f3ptico o \u201cstylus\u201d . No son equipos port\u00e1tiles, aunque pueden ejecutar programas de un PC normal, tienen una potencia muy limitada (y capacidad, normalmente 64 o 128 GB de disco), que les limita en aplicaciones como por ejemplo el Photoshop.<\/p>\n<div id=\"attachment_4130\" style=\"width: 335px\" class=\"wp-caption aligncenter\"><a href=\"http:\/\/www.espai.es\/blog\/wp-content\/uploads\/2015\/09\/Asus-Transformer-Book-TX300.jpg\"><img loading=\"lazy\" decoding=\"async\" aria-describedby=\"caption-attachment-4130\" class=\"wp-image-4130 size-full\" src=\"http:\/\/www.espai.es\/blog\/wp-content\/uploads\/2015\/09\/Asus-Transformer-Book-TX300.jpg\" alt=\"port\u00e1til nuevo\" width=\"325\" height=\"336\" srcset=\"https:\/\/www.espai.es\/blog\/wp-content\/uploads\/2015\/09\/Asus-Transformer-Book-TX300.jpg 325w, https:\/\/www.espai.es\/blog\/wp-content\/uploads\/2015\/09\/Asus-Transformer-Book-TX300-290x300.jpg 290w\" sizes=\"auto, (max-width: 325px) 100vw, 325px\" \/><\/a><p id=\"caption-attachment-4130\" class=\"wp-caption-text\">Asus-Transformer-Book-TX300<\/p><\/div>\n<p>&nbsp;<\/p>\n<p>Hay una opci\u00f3n avanzada, que son las unidades Microsoft Surface, que internamente tienen la potencia de ordenadores de gama media y media-alta, con un tama\u00f1o y peso ligeramente superiores al de una tableta y con autonom\u00eda similar, a\u00f1adiendo ventajas como un l\u00e1piz \u00f3ptico de similar calidad a los Wacom. Pero quedas avisado, que sus precios son muy altos como para considerarlos una buena opci\u00f3n \u2026<\/p>\n<div id=\"attachment_4134\" style=\"width: 410px\" class=\"wp-caption aligncenter\"><a href=\"http:\/\/www.espai.es\/blog\/wp-content\/uploads\/2015\/09\/surface_3.png\"><img loading=\"lazy\" decoding=\"async\" aria-describedby=\"caption-attachment-4134\" class=\"wp-image-4134 size-full\" src=\"http:\/\/www.espai.es\/blog\/wp-content\/uploads\/2015\/09\/surface_3.png\" alt=\"port\u00e1til nuevo\" width=\"400\" height=\"242\" srcset=\"https:\/\/www.espai.es\/blog\/wp-content\/uploads\/2015\/09\/surface_3.png 400w, https:\/\/www.espai.es\/blog\/wp-content\/uploads\/2015\/09\/surface_3-300x182.png 300w\" sizes=\"auto, (max-width: 400px) 100vw, 400px\" \/><\/a><p id=\"caption-attachment-4134\" class=\"wp-caption-text\">surface_3<\/p><\/div>\n<h2>RESUMIENDO<\/h2>\n<p>Un equipo port\u00e1til nuevo para la \u201cvuelta al cole\u201d ideal tendr\u00e1 las siguientes caracter\u00edsticas:<\/p>\n<ul>\n<li>CPU Intel Core i3<\/li>\n<li>15\u20196\u201d de m\u00e1ximo en pantalla<\/li>\n<li>4GB de RAM m\u00ednimo<\/li>\n<li>Un disco duro a partir de 250GB (128GB SSD, ser\u00eda ideal)<\/li>\n<li>Y de marca \u201creconocida\u201d (DELL, ASUS, TOSHIBA, LENOVO, HP, SONY, MSI)<\/li>\n<\/ul>\n<p>Se pueden conseguir de estas caracter\u00edsticas a partir de <strong>350\u20ac<\/strong> f\u00e1cilmente.<\/p>\n<p>Ahora ya ten\u00e9is toda la informaci\u00f3n, la elecci\u00f3n es vuestra. Hasta la pr\u00f3xima!<\/p>\n","protected":false},"excerpt":{"rendered":"<p>Con la entrada de un nuevo curso, mucha gente me asalta con la pregunta: Quiero un port\u00e1til nuevo, un ordenador bueno, bonito, barato y ligero para ir al \u201ccole\u201d (l\u00e9ase, colegio, instituto, universidad \u2026 etc.). La verdad es que no hay una respuesta f\u00e1cil, ya&#8230;<\/p>\n","protected":false},"author":7,"featured_media":4132,"comment_status":"open","ping_status":"closed","sticky":false,"template":"","format":"standard","meta":{"_monsterinsights_skip_tracking":false,"_monsterinsights_sitenote_active":false,"_monsterinsights_sitenote_note":"","_monsterinsights_sitenote_category":0,"jetpack_post_was_ever_published":false,"_jetpack_newsletter_access":"","_jetpack_dont_email_post_to_subs":false,"_jetpack_newsletter_tier_id":0,"_jetpack_memberships_contains_paywalled_content":false,"_ef_editorial_meta_date_first-draft-date":"","_ef_editorial_meta_paragraph_assignment":"","_ef_editorial_meta_checkbox_needs-photo":"","_ef_editorial_meta_number_word-count":"","_jetpack_memberships_contains_paid_content":false,"footnotes":""},"categories":[218,184],"tags":[113,315],"class_list":["post-4129","post","type-post","status-publish","format-standard","has-post-thumbnail","hentry","category-escola-espai","category-sistemas-2","tag-hardware-2","tag-portatil"],"yoast_head":"<!-- This site is optimized with the Yoast SEO plugin v27.1.1 - https:\/\/yoast.com\/product\/yoast-seo-wordpress\/ -->\n<title>La vuelta al cole con PC port\u00e1til nuevo<\/title>\n<meta name=\"description\" content=\"Una serie de recomendaciones respecto a qu\u00e9 fijarnos a la hora de comprar un port\u00e1til nuevo: caracter\u00edsticas sobre peso, pantalla y potencia del ordenador.\" \/>\n<meta name=\"robots\" content=\"index, follow, max-snippet:-1, max-image-preview:large, max-video-preview:-1\" \/>\n<link rel=\"canonical\" href=\"https:\/\/www.espai.es\/blog\/2015\/09\/la-vuelta-al-cole-con-pc-portatil-nuevo\/\" \/>\n<meta property=\"og:locale\" content=\"es_ES\" \/>\n<meta property=\"og:type\" content=\"article\" \/>\n<meta property=\"og:title\" content=\"La vuelta al cole con PC port\u00e1til nuevo\" \/>\n<meta property=\"og:description\" content=\"Una serie de recomendaciones respecto a qu\u00e9 fijarnos a la hora de comprar un port\u00e1til nuevo: caracter\u00edsticas sobre peso, pantalla y potencia del ordenador.\" \/>\n<meta property=\"og:url\" content=\"https:\/\/www.espai.es\/blog\/2015\/09\/la-vuelta-al-cole-con-pc-portatil-nuevo\/\" \/>\n<meta property=\"og:site_name\" content=\"Blog Escola Espai\" \/>\n<meta property=\"article:published_time\" content=\"2015-09-07T16:48:02+00:00\" \/>\n<meta property=\"article:modified_time\" content=\"2015-11-16T22:13:44+00:00\" \/>\n<meta property=\"og:image\" content=\"https:\/\/www.espai.es\/blog\/wp-content\/uploads\/2015\/09\/Dell-Latitude-2100-Notebook-cole.jpg\" \/>\n\t<meta property=\"og:image:width\" content=\"580\" \/>\n\t<meta property=\"og:image:height\" content=\"386\" \/>\n\t<meta property=\"og:image:type\" content=\"image\/jpeg\" \/>\n<meta name=\"author\" content=\"Jordi Lorenzo\" \/>\n<meta name=\"twitter:card\" content=\"summary_large_image\" \/>\n<meta name=\"twitter:label1\" content=\"Escrito por\" \/>\n\t<meta name=\"twitter:data1\" content=\"Jordi Lorenzo\" \/>\n\t<meta name=\"twitter:label2\" content=\"Tiempo de lectura\" \/>\n\t<meta name=\"twitter:data2\" content=\"7 minutos\" \/>\n<script type=\"application\/ld+json\" class=\"yoast-schema-graph\">{\"@context\":\"https:\/\/schema.org\",\"@graph\":[{\"@type\":\"Article\",\"@id\":\"https:\/\/www.espai.es\/blog\/2015\/09\/la-vuelta-al-cole-con-pc-portatil-nuevo\/#article\",\"isPartOf\":{\"@id\":\"https:\/\/www.espai.es\/blog\/2015\/09\/la-vuelta-al-cole-con-pc-portatil-nuevo\/\"},\"author\":{\"name\":\"Jordi Lorenzo\",\"@id\":\"https:\/\/www.espai.es\/blog\/#\/schema\/person\/66f318b777922f76347674ff5eb9a70d\"},\"headline\":\"La vuelta al cole con PC port\u00e1til nuevo\",\"datePublished\":\"2015-09-07T16:48:02+00:00\",\"dateModified\":\"2015-11-16T22:13:44+00:00\",\"mainEntityOfPage\":{\"@id\":\"https:\/\/www.espai.es\/blog\/2015\/09\/la-vuelta-al-cole-con-pc-portatil-nuevo\/\"},\"wordCount\":1376,\"commentCount\":0,\"image\":{\"@id\":\"https:\/\/www.espai.es\/blog\/2015\/09\/la-vuelta-al-cole-con-pc-portatil-nuevo\/#primaryimage\"},\"thumbnailUrl\":\"https:\/\/www.espai.es\/blog\/wp-content\/uploads\/2015\/09\/Dell-Latitude-2100-Notebook-cole.jpg\",\"keywords\":[\"hardware\",\"portatil\"],\"articleSection\":[\"Escola Espai\",\"Sistemas\"],\"inLanguage\":\"es\",\"potentialAction\":[{\"@type\":\"CommentAction\",\"name\":\"Comment\",\"target\":[\"https:\/\/www.espai.es\/blog\/2015\/09\/la-vuelta-al-cole-con-pc-portatil-nuevo\/#respond\"]}]},{\"@type\":\"WebPage\",\"@id\":\"https:\/\/www.espai.es\/blog\/2015\/09\/la-vuelta-al-cole-con-pc-portatil-nuevo\/\",\"url\":\"https:\/\/www.espai.es\/blog\/2015\/09\/la-vuelta-al-cole-con-pc-portatil-nuevo\/\",\"name\":\"La vuelta al cole con PC port\u00e1til nuevo\",\"isPartOf\":{\"@id\":\"https:\/\/www.espai.es\/blog\/#website\"},\"primaryImageOfPage\":{\"@id\":\"https:\/\/www.espai.es\/blog\/2015\/09\/la-vuelta-al-cole-con-pc-portatil-nuevo\/#primaryimage\"},\"image\":{\"@id\":\"https:\/\/www.espai.es\/blog\/2015\/09\/la-vuelta-al-cole-con-pc-portatil-nuevo\/#primaryimage\"},\"thumbnailUrl\":\"https:\/\/www.espai.es\/blog\/wp-content\/uploads\/2015\/09\/Dell-Latitude-2100-Notebook-cole.jpg\",\"datePublished\":\"2015-09-07T16:48:02+00:00\",\"dateModified\":\"2015-11-16T22:13:44+00:00\",\"author\":{\"@id\":\"https:\/\/www.espai.es\/blog\/#\/schema\/person\/66f318b777922f76347674ff5eb9a70d\"},\"description\":\"Una serie de recomendaciones respecto a qu\u00e9 fijarnos a la hora de comprar un port\u00e1til nuevo: caracter\u00edsticas sobre peso, pantalla y potencia del ordenador.\",\"breadcrumb\":{\"@id\":\"https:\/\/www.espai.es\/blog\/2015\/09\/la-vuelta-al-cole-con-pc-portatil-nuevo\/#breadcrumb\"},\"inLanguage\":\"es\",\"potentialAction\":[{\"@type\":\"ReadAction\",\"target\":[\"https:\/\/www.espai.es\/blog\/2015\/09\/la-vuelta-al-cole-con-pc-portatil-nuevo\/\"]}]},{\"@type\":\"ImageObject\",\"inLanguage\":\"es\",\"@id\":\"https:\/\/www.espai.es\/blog\/2015\/09\/la-vuelta-al-cole-con-pc-portatil-nuevo\/#primaryimage\",\"url\":\"https:\/\/www.espai.es\/blog\/wp-content\/uploads\/2015\/09\/Dell-Latitude-2100-Notebook-cole.jpg\",\"contentUrl\":\"https:\/\/www.espai.es\/blog\/wp-content\/uploads\/2015\/09\/Dell-Latitude-2100-Notebook-cole.jpg\",\"width\":580,\"height\":386},{\"@type\":\"BreadcrumbList\",\"@id\":\"https:\/\/www.espai.es\/blog\/2015\/09\/la-vuelta-al-cole-con-pc-portatil-nuevo\/#breadcrumb\",\"itemListElement\":[{\"@type\":\"ListItem\",\"position\":1,\"name\":\"Portada\",\"item\":\"https:\/\/www.espai.es\/blog\/\"},{\"@type\":\"ListItem\",\"position\":2,\"name\":\"La vuelta al cole con PC port\u00e1til nuevo\"}]},{\"@type\":\"WebSite\",\"@id\":\"https:\/\/www.espai.es\/blog\/#website\",\"url\":\"https:\/\/www.espai.es\/blog\/\",\"name\":\"Blog Escola Espai\",\"description\":\"\",\"potentialAction\":[{\"@type\":\"SearchAction\",\"target\":{\"@type\":\"EntryPoint\",\"urlTemplate\":\"https:\/\/www.espai.es\/blog\/?s={search_term_string}\"},\"query-input\":{\"@type\":\"PropertyValueSpecification\",\"valueRequired\":true,\"valueName\":\"search_term_string\"}}],\"inLanguage\":\"es\"},{\"@type\":\"Person\",\"@id\":\"https:\/\/www.espai.es\/blog\/#\/schema\/person\/66f318b777922f76347674ff5eb9a70d\",\"name\":\"Jordi Lorenzo\",\"image\":{\"@type\":\"ImageObject\",\"inLanguage\":\"es\",\"@id\":\"https:\/\/www.espai.es\/blog\/#\/schema\/person\/image\/\",\"url\":\"https:\/\/secure.gravatar.com\/avatar\/085cddac1625c35378536cc1fd479de33cce3ab8a3c546095401465dea20696d?s=96&d=mm&r=g\",\"contentUrl\":\"https:\/\/secure.gravatar.com\/avatar\/085cddac1625c35378536cc1fd479de33cce3ab8a3c546095401465dea20696d?s=96&d=mm&r=g\",\"caption\":\"Jordi Lorenzo\"},\"sameAs\":[\"http:\/\/www.espai.es\"],\"url\":\"https:\/\/www.espai.es\/blog\/author\/lorenzo\/\"}]}<\/script>\n<!-- \/ Yoast SEO plugin. -->","yoast_head_json":{"title":"La vuelta al cole con PC port\u00e1til nuevo","description":"Una serie de recomendaciones respecto a qu\u00e9 fijarnos a la hora de comprar un port\u00e1til nuevo: caracter\u00edsticas sobre peso, pantalla y potencia del ordenador.","robots":{"index":"index","follow":"follow","max-snippet":"max-snippet:-1","max-image-preview":"max-image-preview:large","max-video-preview":"max-video-preview:-1"},"canonical":"https:\/\/www.espai.es\/blog\/2015\/09\/la-vuelta-al-cole-con-pc-portatil-nuevo\/","og_locale":"es_ES","og_type":"article","og_title":"La vuelta al cole con PC port\u00e1til nuevo","og_description":"Una serie de recomendaciones respecto a qu\u00e9 fijarnos a la hora de comprar un port\u00e1til nuevo: caracter\u00edsticas sobre peso, pantalla y potencia del ordenador.","og_url":"https:\/\/www.espai.es\/blog\/2015\/09\/la-vuelta-al-cole-con-pc-portatil-nuevo\/","og_site_name":"Blog Escola Espai","article_published_time":"2015-09-07T16:48:02+00:00","article_modified_time":"2015-11-16T22:13:44+00:00","og_image":[{"width":580,"height":386,"url":"https:\/\/www.espai.es\/blog\/wp-content\/uploads\/2015\/09\/Dell-Latitude-2100-Notebook-cole.jpg","type":"image\/jpeg"}],"author":"Jordi Lorenzo","twitter_card":"summary_large_image","twitter_misc":{"Escrito por":"Jordi Lorenzo","Tiempo de lectura":"7 minutos"},"schema":{"@context":"https:\/\/schema.org","@graph":[{"@type":"Article","@id":"https:\/\/www.espai.es\/blog\/2015\/09\/la-vuelta-al-cole-con-pc-portatil-nuevo\/#article","isPartOf":{"@id":"https:\/\/www.espai.es\/blog\/2015\/09\/la-vuelta-al-cole-con-pc-portatil-nuevo\/"},"author":{"name":"Jordi Lorenzo","@id":"https:\/\/www.espai.es\/blog\/#\/schema\/person\/66f318b777922f76347674ff5eb9a70d"},"headline":"La vuelta al cole con PC port\u00e1til nuevo","datePublished":"2015-09-07T16:48:02+00:00","dateModified":"2015-11-16T22:13:44+00:00","mainEntityOfPage":{"@id":"https:\/\/www.espai.es\/blog\/2015\/09\/la-vuelta-al-cole-con-pc-portatil-nuevo\/"},"wordCount":1376,"commentCount":0,"image":{"@id":"https:\/\/www.espai.es\/blog\/2015\/09\/la-vuelta-al-cole-con-pc-portatil-nuevo\/#primaryimage"},"thumbnailUrl":"https:\/\/www.espai.es\/blog\/wp-content\/uploads\/2015\/09\/Dell-Latitude-2100-Notebook-cole.jpg","keywords":["hardware","portatil"],"articleSection":["Escola Espai","Sistemas"],"inLanguage":"es","potentialAction":[{"@type":"CommentAction","name":"Comment","target":["https:\/\/www.espai.es\/blog\/2015\/09\/la-vuelta-al-cole-con-pc-portatil-nuevo\/#respond"]}]},{"@type":"WebPage","@id":"https:\/\/www.espai.es\/blog\/2015\/09\/la-vuelta-al-cole-con-pc-portatil-nuevo\/","url":"https:\/\/www.espai.es\/blog\/2015\/09\/la-vuelta-al-cole-con-pc-portatil-nuevo\/","name":"La vuelta al cole con PC port\u00e1til nuevo","isPartOf":{"@id":"https:\/\/www.espai.es\/blog\/#website"},"primaryImageOfPage":{"@id":"https:\/\/www.espai.es\/blog\/2015\/09\/la-vuelta-al-cole-con-pc-portatil-nuevo\/#primaryimage"},"image":{"@id":"https:\/\/www.espai.es\/blog\/2015\/09\/la-vuelta-al-cole-con-pc-portatil-nuevo\/#primaryimage"},"thumbnailUrl":"https:\/\/www.espai.es\/blog\/wp-content\/uploads\/2015\/09\/Dell-Latitude-2100-Notebook-cole.jpg","datePublished":"2015-09-07T16:48:02+00:00","dateModified":"2015-11-16T22:13:44+00:00","author":{"@id":"https:\/\/www.espai.es\/blog\/#\/schema\/person\/66f318b777922f76347674ff5eb9a70d"},"description":"Una serie de recomendaciones respecto a qu\u00e9 fijarnos a la hora de comprar un port\u00e1til nuevo: caracter\u00edsticas sobre peso, pantalla y potencia del ordenador.","breadcrumb":{"@id":"https:\/\/www.espai.es\/blog\/2015\/09\/la-vuelta-al-cole-con-pc-portatil-nuevo\/#breadcrumb"},"inLanguage":"es","potentialAction":[{"@type":"ReadAction","target":["https:\/\/www.espai.es\/blog\/2015\/09\/la-vuelta-al-cole-con-pc-portatil-nuevo\/"]}]},{"@type":"ImageObject","inLanguage":"es","@id":"https:\/\/www.espai.es\/blog\/2015\/09\/la-vuelta-al-cole-con-pc-portatil-nuevo\/#primaryimage","url":"https:\/\/www.espai.es\/blog\/wp-content\/uploads\/2015\/09\/Dell-Latitude-2100-Notebook-cole.jpg","contentUrl":"https:\/\/www.espai.es\/blog\/wp-content\/uploads\/2015\/09\/Dell-Latitude-2100-Notebook-cole.jpg","width":580,"height":386},{"@type":"BreadcrumbList","@id":"https:\/\/www.espai.es\/blog\/2015\/09\/la-vuelta-al-cole-con-pc-portatil-nuevo\/#breadcrumb","itemListElement":[{"@type":"ListItem","position":1,"name":"Portada","item":"https:\/\/www.espai.es\/blog\/"},{"@type":"ListItem","position":2,"name":"La vuelta al cole con PC port\u00e1til nuevo"}]},{"@type":"WebSite","@id":"https:\/\/www.espai.es\/blog\/#website","url":"https:\/\/www.espai.es\/blog\/","name":"Blog Escola Espai","description":"","potentialAction":[{"@type":"SearchAction","target":{"@type":"EntryPoint","urlTemplate":"https:\/\/www.espai.es\/blog\/?s={search_term_string}"},"query-input":{"@type":"PropertyValueSpecification","valueRequired":true,"valueName":"search_term_string"}}],"inLanguage":"es"},{"@type":"Person","@id":"https:\/\/www.espai.es\/blog\/#\/schema\/person\/66f318b777922f76347674ff5eb9a70d","name":"Jordi Lorenzo","image":{"@type":"ImageObject","inLanguage":"es","@id":"https:\/\/www.espai.es\/blog\/#\/schema\/person\/image\/","url":"https:\/\/secure.gravatar.com\/avatar\/085cddac1625c35378536cc1fd479de33cce3ab8a3c546095401465dea20696d?s=96&d=mm&r=g","contentUrl":"https:\/\/secure.gravatar.com\/avatar\/085cddac1625c35378536cc1fd479de33cce3ab8a3c546095401465dea20696d?s=96&d=mm&r=g","caption":"Jordi Lorenzo"},"sameAs":["http:\/\/www.espai.es"],"url":"https:\/\/www.espai.es\/blog\/author\/lorenzo\/"}]}},"jetpack_featured_media_url":"https:\/\/www.espai.es\/blog\/wp-content\/uploads\/2015\/09\/Dell-Latitude-2100-Notebook-cole.jpg","jetpack_sharing_enabled":true,"_links":{"self":[{"href":"https:\/\/www.espai.es\/blog\/wp-json\/wp\/v2\/posts\/4129","targetHints":{"allow":["GET"]}}],"collection":[{"href":"https:\/\/www.espai.es\/blog\/wp-json\/wp\/v2\/posts"}],"about":[{"href":"https:\/\/www.espai.es\/blog\/wp-json\/wp\/v2\/types\/post"}],"author":[{"embeddable":true,"href":"https:\/\/www.espai.es\/blog\/wp-json\/wp\/v2\/users\/7"}],"replies":[{"embeddable":true,"href":"https:\/\/www.espai.es\/blog\/wp-json\/wp\/v2\/comments?post=4129"}],"version-history":[{"count":7,"href":"https:\/\/www.espai.es\/blog\/wp-json\/wp\/v2\/posts\/4129\/revisions"}],"predecessor-version":[{"id":4441,"href":"https:\/\/www.espai.es\/blog\/wp-json\/wp\/v2\/posts\/4129\/revisions\/4441"}],"wp:featuredmedia":[{"embeddable":true,"href":"https:\/\/www.espai.es\/blog\/wp-json\/wp\/v2\/media\/4132"}],"wp:attachment":[{"href":"https:\/\/www.espai.es\/blog\/wp-json\/wp\/v2\/media?parent=4129"}],"wp:term":[{"taxonomy":"category","embeddable":true,"href":"https:\/\/www.espai.es\/blog\/wp-json\/wp\/v2\/categories?post=4129"},{"taxonomy":"post_tag","embeddable":true,"href":"https:\/\/www.espai.es\/blog\/wp-json\/wp\/v2\/tags?post=4129"}],"curies":[{"name":"wp","href":"https:\/\/api.w.org\/{rel}","templated":true}]}}