{"id":4099,"date":"2015-09-07T17:32:50","date_gmt":"2015-09-07T16:32:50","guid":{"rendered":"http:\/\/www.espai.es\/blog\/?p=4099"},"modified":"2024-06-27T12:50:58","modified_gmt":"2024-06-27T10:50:58","slug":"atajos-de-teclado-de-final-cut-pro-x-reasignados","status":"publish","type":"post","link":"https:\/\/www.espai.es\/blog\/2015\/09\/atajos-de-teclado-de-final-cut-pro-x-reasignados\/","title":{"rendered":"Atajos de teclado de Final Cut Pro X reasignados"},"content":{"rendered":"<p class=\"p1\"><span class=\"s1\">El pasado mes de Abril sali\u00f3 la \u00faltima actualizaci\u00f3n del <i>Final Cut Pro X<\/i>. Adem\u00e1s de las <a href=\"http:\/\/www.espai.es\/blog\/2015\/04\/novedades-final-cut-pro-x\/\" target=\"_blank\" rel=\"noopener\">novedades propias del programa<\/a><\/span><span class=\"s1\">, los usuarios de un teclado QWERTY en castellano tenemos una m\u00e1s: nuevos cambios en los atajos de teclado.<\/span><\/p>\n<p class=\"p1\"><span class=\"s1\">Hagamos un r\u00e1pido repaso \u201chist\u00f3rico\u201d de estos cambios: en la primera versi\u00f3n del programa, la 10<b>.0<\/b>, hab\u00eda atajos de teclado que no funcionaban, uno de ellos era <i>Aumentar zoom:<\/i> <i>Comando<\/i> y la suma (<strong>+<\/strong>). Una soluci\u00f3n era reasignar los atajos; otra era ir a las <i>Preferencias del sistema<\/i> y configurar el teclado en ingl\u00e9s americano, pero esto era algo lioso porque cambiaba la ubicaci\u00f3n de las teclas. Por ejemplo: en las teclas donde acudimos para escribir los interrogantes, encontramos los signos matem\u00e1ticos de la suma (<b>+<\/b>) y la resta (<b>&#8211;<\/b>) cuando el teclado est\u00e1 en ingl\u00e9s; as\u00ed que para <i>Aumentar<\/i> zoom (<i>Comando<\/i> <b>+<\/b>) y <i>Reducir zoom<\/i> (<i>Comando<\/i> <b>&#8211;<\/b>), hab\u00eda que pulsar <i>Comando<\/i> junto con los signos de interrogaci\u00f3n.<\/span><\/p>\n<p class=\"p1\"><span class=\"s1\">En la siguiente versi\u00f3n, la 10<b>.1<\/b>, arreglaron esto: ya funcionaban los atajos sin necesidad de reconfigurar el idioma del teclado. Tambi\u00e9n cambiaron de tecla algunos atajos, como las acciones <i>Corte de inicio<\/i> y <i>Corte de final<\/i> (ambas se encuentran en el men\u00fa <i>Edici\u00f3n<\/i>), que las establecieron en las teclas de los claudators (<b>{ }<\/b>), cuando en la versi\u00f3n anterior hab\u00edan estado en los corchetes (<b>[ ]<\/b>).<\/span><\/p>\n<p class=\"p1\"><span class=\"s1\">En esta \u00faltima versi\u00f3n, la 10<b>.2<\/b>, el <i>Corte de inicio<\/i> y el <i>de final<\/i> vuelven a estar asignados a los corchetes (<b>[ ]<\/b>).<\/span><\/p>\n<p class=\"p1\"><span class=\"s1\">Estos vaivenes no los han notado en absoluto todos aquellos que tuvieran el teclado configurado en americano\/ingl\u00e9s\/saj\u00f3n; pues realmente no se han producido reasignaciones de atajos de teclado con cada versi\u00f3n del programa. El problema reside en que la distribuci\u00f3n de los caracteres en un teclado QWERTY saj\u00f3n, no es la misma que en un teclado QWERTY castellano. De entrada hay caracteres como la <b><i>\u00d1<\/i><\/b> o la <b><i>\u00c7<\/i><\/b>, as\u00ed como las tildes y determinados signos de puntuaci\u00f3n (las aperturas de interrogaci\u00f3n y exclamaci\u00f3n: <b>\u00a1<\/b> <b>\u00bf<\/b>), que un idioma utiliza pero el otro no. A consecuencia de esto, s\u00f3lo las letras y los n\u00fameros se corresponden con las mismas teclas en los dos idiomas, en cambio casi todas las graf\u00edas restantes est\u00e1n en teclas diferentes.<\/span><\/p>\n<p class=\"p1\"><span class=\"s1\">Como el programa est\u00e1 ideado y desarrollado en ingl\u00e9s, la configuraci\u00f3n de atajos de teclado en dicho idioma est\u00e1 bastante mejor que en castellano, b\u00e1sicamente porque las teclas cuyas acciones est\u00e1n relacionadas con un mismo proceso, son teclas que est\u00e1n todas juntas; como por ejemplo moverse en y entre clips, tanto en el <i>Explorador<\/i> como en la <i>L\u00ednea de tiempo<\/i> (<b>J K L ; &#8216;<\/b>), que en teclado saj\u00f3n est\u00e1n consecutivas una detr\u00e1s de la otra.<\/span><\/p>\n<p class=\"p1\"><a href=\"http:\/\/www.espai.es\/blog\/wp-content\/uploads\/2015\/09\/TecladosQWERTY_02.jpg\"><img loading=\"lazy\" decoding=\"async\" class=\"aligncenter wp-image-4110\" src=\"http:\/\/www.espai.es\/blog\/wp-content\/uploads\/2015\/09\/TecladosQWERTY_02.jpg\" alt=\"TecladosQWERTY_02\" width=\"1046\" height=\"1050\" srcset=\"https:\/\/www.espai.es\/blog\/wp-content\/uploads\/2015\/09\/TecladosQWERTY_02.jpg 1438w, https:\/\/www.espai.es\/blog\/wp-content\/uploads\/2015\/09\/TecladosQWERTY_02-150x150.jpg 150w, https:\/\/www.espai.es\/blog\/wp-content\/uploads\/2015\/09\/TecladosQWERTY_02-300x300.jpg 300w, https:\/\/www.espai.es\/blog\/wp-content\/uploads\/2015\/09\/TecladosQWERTY_02-1020x1024.jpg 1020w\" sizes=\"auto, (max-width: 1046px) 100vw, 1046px\" \/><\/a><\/p>\n<p class=\"p1\"><span class=\"s1\">Por todo esto, en <i>Apple<\/i> no acaban de encontrar el \u201cpunto\u201d para hacer una buena correspondencia entre las teclas de un idioma y la del otro; aunque van haciendo peque\u00f1os avances con cada versi\u00f3n. En mi humilde opini\u00f3n todav\u00eda no lo han conseguido.<\/span><\/p>\n<p class=\"p1\"><span class=\"s1\">Intuyo (porque saberlo a ciencia cierta no lo s\u00e9), que debe haber unos problemas similares en pa\u00edses germ\u00e1nicos donde utilizan el teclado QWERTZ, o en pa\u00edses franc\u00f3fonos donde utilizan el AZERTY. Y eso s\u00f3lo con alfabetos latinos, no quiero ni imaginarme c\u00f3mo ser\u00e1 la cosa en teclados con caracteres cir\u00edlicos, ar\u00e1bigos, hebreos o CJK (<i>Chinese, Japanese &amp; Korean<\/i>).<\/span><\/p>\n<p class=\"p1\"><span class=\"s1\">As\u00ed pues, debido a todo lo expuesto, en <b><i>Espai<\/i><\/b> hemos reasignado algunos atajos de teclado, los cuales <a href=\"http:\/\/www.espai.es\/blog\/descargas\/Atajos_FCPX_ESPAI.commandset\">pod\u00e9is descargar clicando aqu\u00ed<\/a> (m\u00e1s adelante en este <i>Post<\/i> explicaremos c\u00f3mo instalarlos). Hemos hecho encaje de bolillos, estableciendo una distribuci\u00f3n de teclas lo m\u00e1s parecida a la sajona, pero a la vez, manteniendo todo lo posible las asignaciones que por defecto <i>Final Cut<\/i> tiene establecidas para el teclado en castellano. En la siguiente imagen pod\u00e9is echar un vistazo sobre esta configuraci\u00f3n, y si clic\u00e1is sobre ella la pod\u00e9is descargar en .pdf.<\/span><\/p>\n<p class=\"p1\"><a href=\"http:\/\/www.espai.es\/blog\/wp-content\/uploads\/2015\/09\/FCPX_AtajosEspai.pdf\" target=\"_blank\" rel=\"noopener\"><img loading=\"lazy\" decoding=\"async\" class=\"aligncenter wp-image-4120\" src=\"http:\/\/www.espai.es\/blog\/wp-content\/uploads\/2015\/09\/FCPX_AtajosEspaiFoto.png\" alt=\"FCPX_AtajosEspaiFoto\" width=\"1082\" height=\"2762\" srcset=\"https:\/\/www.espai.es\/blog\/wp-content\/uploads\/2015\/09\/FCPX_AtajosEspaiFoto.png 1982w, https:\/\/www.espai.es\/blog\/wp-content\/uploads\/2015\/09\/FCPX_AtajosEspaiFoto-118x300.png 118w, https:\/\/www.espai.es\/blog\/wp-content\/uploads\/2015\/09\/FCPX_AtajosEspaiFoto-401x1024.png 401w\" sizes=\"auto, (max-width: 1082px) 100vw, 1082px\" \/><\/a><\/p>\n<p class=\"p1\"><span style=\"line-height: 1.5\">Por otra parte, <a href=\"http:\/\/help.apple.com\/finalcutpro\/mac\/10.2\/?lang=en#\/ver90ba5929\" target=\"_blank\" rel=\"noopener\">aqu\u00ed ten\u00e9is<\/a> un enlace a los atajos de teclado en ingl\u00e9s, y <a href=\"http:\/\/help.apple.com\/finalcutpro\/mac\/10.2\/#\/ver90ba5929\" target=\"_blank\" rel=\"noopener\">si clic\u00e1is aqu\u00ed<\/a> ten\u00e9is el listado de los atajos en espa\u00f1ol.<\/span><\/p>\n<p class=\"p1\"><span class=\"s1\">Las \u00f3rdenes para <i>Avanzar al elemento siguiente<\/i> las hemos pasado de la tecla ap\u00f3strofo ( <strong>&#8216;\u00a0<\/strong>) al acento agudo (\u00a0<b>\u00b4 <\/b>). Las \u00f3rdenes para <i>Retroceder al elemento anterior<\/i> las hemos pasado de la <b><i>\u00c7 \u00a0<\/i><\/b>a la <b><i>\u00d1<\/i><\/b>. \u00a0Para relativizar el \u201cimpacto\u201d de estos cambios, hemos mantenido la misma combinaci\u00f3n de teclas modificadoras. Es decir, que lo que antes se hac\u00eda pulsando <i>Opci\u00f3n<\/i>, <i>May\u00fasculas<\/i> y la <b><i>\u00c7<\/i><\/b>\u00a0 (<i>Ir al bloque anterior<\/i>); ahora tambi\u00e9n hay que pulsar esas mismas teclas modificadoras (<i>Opci\u00f3n<\/i> y <i>May\u00fasculas<\/i>), s\u00f3lo que la tecla de car\u00e1cter implicada es la <b><i>\u00d1<\/i><\/b>.<\/span><\/p>\n<p class=\"p1\"><span class=\"s1\">En el caso\u00a0las \u00f3rdenes de\u00a0<i>Seleccionar los extremos\/bordes de un punto de edici\u00f3n<\/i>, lo que se ha reasignado es la combinaci\u00f3n con teclas modificadoras, pero se mantienen sus teclas de car\u00e1cter originales que son: la <b><i>\u00c7<\/i><\/b>\u00a0 para seleccionar el lado derecho, y el acento agudo (\u00a0<b>\u00b4 <\/b>) para seleccionar el izquierdo. En estas teclas tambi\u00e9n encontramos los claudators (<b>{ }<\/b>), que nos resultan una\u00a0gu\u00eda m\u00e1s gr\u00e1fica para la acci\u00f3n de <em>Seleccionar los bordes de una edici\u00f3n<\/em>: en el acento (\u00a0<b>\u00b4 <\/b>) est\u00e1 el claudator de apertura ( <b>{ <\/b>), y en la <b><i>\u00c7<\/i><\/b>\u00a0 el de cierre ( <b>} <\/b>).<\/span><\/p>\n<p class=\"p1\"><span class=\"s1\">Por otra parte, la acci\u00f3n <i>Seleccionar ambos bordes de edici\u00f3n a la vez<\/i> estaba asignada a la O\u00a0volada ( <b>\u00ba <\/b>). En nuestra configuraci\u00f3n, sigue asignada a la O\u00a0volada ( <b>\u00ba <\/b>), pero adem\u00e1s se ha asignado a la <b><i>\u00d1<\/i><\/b>, \u00a0pues est\u00e1 al lado del acento agudo (\u00a0<b>\u00b4 <\/b>), que a su vez est\u00e1 al lado de la <b><i>\u00c7<\/i><\/b>. \u00a0Naturalmente, la combinaci\u00f3n de la <b><i>\u00d1<\/i><\/b>\u00a0 con las teclas modificadoras sigue la misma l\u00f3gica que en el acento agudo (\u00a0<b>\u00b4 <\/b>) y en la <b><i>\u00c7<\/i><\/b>.<\/span><\/p>\n<p class=\"p1\"><span class=\"s1\">En el men\u00fa <i>Acortar<\/i> tenemos la acci\u00f3n <i>Corte de inicio,<\/i> cuyo atajo es <i>Opci\u00f3n<\/i> y el acento grave ( <b>`\u00a0<\/b>); y la acci\u00f3n <i>Corte de final,<\/i> cuyo atajo es <i>Opci\u00f3n<\/i> y la suma (<b>+<\/b>). Estos dos atajos de teclado <b>no<\/b> se han tocado, pero hemos aprovechado que esas dos teclas est\u00e1n juntas para asignar a la siguiente, la <b><i>P<\/i><\/b>, un par de acciones que <i>Acortan<\/i> los clips editados en la l\u00ednea de tiempo.<\/span><\/p>\n<p class=\"p1\"><span class=\"s1\">En cuanto a la \u00faltima secci\u00f3n rese\u00f1ada en el .pdf: <i>Reproducir seg\u00fan la selecci\u00f3n, reproducir seg\u00fan la posici\u00f3n del cursor y reproducir ignorando al Skimming<\/i>, se han aglutinado estas tres acciones en la letra <b><i>L<\/i><\/b>, que ya de por s\u00ed est\u00e1 relacionada con la reproducci\u00f3n del v\u00eddeo y el audio.<\/span><\/p>\n<p class=\"p1\"><span class=\"s1\">Finalmente, salvo los atajos originalmente asignados a la <b><i>\u00c7<\/i><\/b>\u00a0 y al acento agudo (\u00a0<b>\u00b4 <\/b>), y que eran para <i>Avanzar<\/i>, <i>Retroceder<\/i> y <i>Seleccionar los bordes de edici\u00f3n<\/i>; el resto de atajos se han asignado a nuevas combinaciones de teclas, pero <b>no<\/b> se ha eliminado el atajo original, as\u00ed que convive tanto el propuesto por <i>Apple<\/i> como el propuesto por nosotros.<\/span><\/p>\n<p class=\"p1\"><span class=\"s1\">Si quer\u00e9is instalar y probar estos atajos, <a href=\"http:\/\/www.espai.es\/blog\/descargas\/Atajos_FCPX_ESPAI.commandset\">pod\u00e9is clicar aqu\u00ed para descargarlos<\/a> (por si no los hab\u00e9is descargado m\u00e1s arriba). Despu\u00e9s, es tan f\u00e1cil como acudir al men\u00fa <i>Final Cut Pro &gt; Comandos &gt; Importar\u2026<\/i><span class=\"Apple-converted-space\">\u00a0<\/span><\/span><\/p>\n<p class=\"p1\"><span style=\"line-height: 1.5\"><a href=\"http:\/\/www.espai.es\/blog\/wp-content\/uploads\/2015\/09\/ImpCommandset_01.png\"><img loading=\"lazy\" decoding=\"async\" class=\"aligncenter wp-image-4101\" src=\"http:\/\/www.espai.es\/blog\/wp-content\/uploads\/2015\/09\/ImpCommandset_01.png\" alt=\"Atajos de teclado de Final Cut Pro X\" width=\"571\" height=\"266\" srcset=\"https:\/\/www.espai.es\/blog\/wp-content\/uploads\/2015\/09\/ImpCommandset_01.png 671w, https:\/\/www.espai.es\/blog\/wp-content\/uploads\/2015\/09\/ImpCommandset_01-300x139.png 300w\" sizes=\"auto, (max-width: 571px) 100vw, 571px\" \/><\/a><\/span><\/p>\n<p class=\"p1\"><span style=\"line-height: 1.5\">Se abrir\u00e1 una ventana de navegaci\u00f3n del <\/span><i style=\"line-height: 1.5\">Finder<\/i><span style=\"line-height: 1.5\"> para que escoj\u00e1is el archivo que acab\u00e1is de descargar. Saltar\u00e1 un mensaje para informar que el conjunto de atajos de de teclado (<\/span><i style=\"line-height: 1.5\">command set<\/i><span style=\"line-height: 1.5\">) se ha importado correctamente.<\/span><\/p>\n<p class=\"p1\"><span style=\"line-height: 1.5\"><a href=\"http:\/\/www.espai.es\/blog\/wp-content\/uploads\/2015\/09\/ImpCommandset_02.png\"><img loading=\"lazy\" decoding=\"async\" class=\"aligncenter wp-image-4102\" src=\"http:\/\/www.espai.es\/blog\/wp-content\/uploads\/2015\/09\/ImpCommandset_02.png\" alt=\"Atajos de teclado de Final Cut Pro X\" width=\"571\" height=\"266\" srcset=\"https:\/\/www.espai.es\/blog\/wp-content\/uploads\/2015\/09\/ImpCommandset_02.png 671w, https:\/\/www.espai.es\/blog\/wp-content\/uploads\/2015\/09\/ImpCommandset_02-300x139.png 300w\" sizes=\"auto, (max-width: 571px) 100vw, 571px\" \/><\/a>El \u00faltimo paso es volver al men\u00fa <\/span><i style=\"line-height: 1.5\">Final Cut Pro &gt; Comandos <\/i><span style=\"line-height: 1.5\">y clicar sobre <\/span><b style=\"line-height: 1.5\">Atajos_FCPX_ESPAI<\/b><span style=\"line-height: 1.5\">, para que \u00e9ste sea el conjunto de atajos activo y por tanto el que tendr\u00e1 en cuenta <\/span><i style=\"line-height: 1.5\">Final Cut<\/i><span style=\"line-height: 1.5\"> cuando se pulsen las teclas.<\/span><\/p>\n<p class=\"p1\"><span style=\"line-height: 1.5\"><a href=\"http:\/\/www.espai.es\/blog\/wp-content\/uploads\/2015\/09\/ImpCommandset_03.png\"><img loading=\"lazy\" decoding=\"async\" class=\"aligncenter wp-image-4103\" src=\"http:\/\/www.espai.es\/blog\/wp-content\/uploads\/2015\/09\/ImpCommandset_03.png\" alt=\"Atajos de teclado de Final Cut Pro X\" width=\"571\" height=\"266\" srcset=\"https:\/\/www.espai.es\/blog\/wp-content\/uploads\/2015\/09\/ImpCommandset_03.png 671w, https:\/\/www.espai.es\/blog\/wp-content\/uploads\/2015\/09\/ImpCommandset_03-300x139.png 300w\" sizes=\"auto, (max-width: 571px) 100vw, 571px\" \/><\/a><\/span><\/p>\n<p class=\"p1\"><span style=\"line-height: 1.5\">Pues eso eso es todo, esperamos que estos atajos os resulten c\u00f3modos de manejar y os permitan ser m\u00e1s \u00e1giles en el trabajo diario con <\/span><i style=\"line-height: 1.5\">Final Cut Pro X<\/i><span style=\"line-height: 1.5\">, que al fin y al cabo es la raz\u00f3n de ser de los <\/span><i style=\"line-height: 1.5\">Shortcuts<\/i><span style=\"line-height: 1.5\">.<\/span><\/p>\n<p class=\"p1\"><span class=\"s1\">\u00a1Hasta el pr\u00f3ximo <i>Post<\/i>!<\/span><\/p>\n","protected":false},"excerpt":{"rendered":"<p>El pasado mes de Abril sali\u00f3 la \u00faltima actualizaci\u00f3n del Final Cut Pro X. Adem\u00e1s de las novedades propias del programa, los usuarios de un teclado QWERTY en castellano tenemos una m\u00e1s: nuevos cambios en los atajos de teclado. Hagamos un r\u00e1pido repaso \u201chist\u00f3rico\u201d de&#8230;<\/p>\n","protected":false},"author":17,"featured_media":4104,"comment_status":"open","ping_status":"closed","sticky":false,"template":"","format":"standard","meta":{"_monsterinsights_skip_tracking":false,"_monsterinsights_sitenote_active":false,"_monsterinsights_sitenote_note":"","_monsterinsights_sitenote_category":0,"jetpack_post_was_ever_published":false,"_jetpack_newsletter_access":"","_jetpack_dont_email_post_to_subs":false,"_jetpack_newsletter_tier_id":0,"_jetpack_memberships_contains_paywalled_content":false,"_ef_editorial_meta_date_first-draft-date":"","_ef_editorial_meta_paragraph_assignment":"","_ef_editorial_meta_checkbox_needs-photo":"","_ef_editorial_meta_number_word-count":"","_jetpack_memberships_contains_paid_content":false,"footnotes":""},"categories":[77,218],"tags":[407,406,207,409,408,369,410,404],"class_list":["post-4099","post","type-post","status-publish","format-standard","has-post-thumbnail","hentry","category-edicion-de-video-y-postproduccion","category-escola-espai","tag-atajos","tag-atajos-de-teclado","tag-escuela-espai","tag-fcp-x","tag-fcpx","tag-final-cut-pro-x","tag-keyboard-shortcuts","tag-shortcuts"],"yoast_head":"<!-- This site is optimized with the Yoast SEO plugin v27.1.1 - https:\/\/yoast.com\/product\/yoast-seo-wordpress\/ -->\n<title>Atajos de teclado de Final Cut Pro X reasignados - Blog Escola Espai<\/title>\n<meta name=\"description\" content=\"Desde la \u00faltima actualizaci\u00f3n del Final Cut Pro X existen nuevos Atajos de teclado de Final Cut Pro X, a los usuarios de un teclado QWERTY les interesan.\" \/>\n<meta name=\"robots\" content=\"index, follow, max-snippet:-1, max-image-preview:large, max-video-preview:-1\" \/>\n<link rel=\"canonical\" href=\"https:\/\/www.espai.es\/blog\/2015\/09\/atajos-de-teclado-de-final-cut-pro-x-reasignados\/\" \/>\n<meta property=\"og:locale\" content=\"es_ES\" \/>\n<meta property=\"og:type\" content=\"article\" \/>\n<meta property=\"og:title\" content=\"Atajos de teclado de Final Cut Pro X reasignados - Blog Escola Espai\" \/>\n<meta property=\"og:description\" content=\"Desde la \u00faltima actualizaci\u00f3n del Final Cut Pro X existen nuevos Atajos de teclado de Final Cut Pro X, a los usuarios de un teclado QWERTY les interesan.\" \/>\n<meta property=\"og:url\" content=\"https:\/\/www.espai.es\/blog\/2015\/09\/atajos-de-teclado-de-final-cut-pro-x-reasignados\/\" \/>\n<meta property=\"og:site_name\" content=\"Blog Escola Espai\" \/>\n<meta property=\"article:published_time\" content=\"2015-09-07T16:32:50+00:00\" \/>\n<meta property=\"article:modified_time\" content=\"2024-06-27T10:50:58+00:00\" \/>\n<meta property=\"og:image\" content=\"https:\/\/www.espai.es\/blog\/wp-content\/uploads\/2015\/09\/PortadaAtajos.jpg\" \/>\n\t<meta property=\"og:image:width\" content=\"500\" \/>\n\t<meta property=\"og:image:height\" content=\"480\" \/>\n\t<meta property=\"og:image:type\" content=\"image\/jpeg\" \/>\n<meta name=\"author\" content=\"David S\u00e1nchez\" \/>\n<meta name=\"twitter:card\" content=\"summary_large_image\" \/>\n<meta name=\"twitter:label1\" content=\"Escrito por\" \/>\n\t<meta name=\"twitter:data1\" content=\"David S\u00e1nchez\" \/>\n\t<meta name=\"twitter:label2\" content=\"Tiempo de lectura\" \/>\n\t<meta name=\"twitter:data2\" content=\"7 minutos\" \/>\n<script type=\"application\/ld+json\" class=\"yoast-schema-graph\">{\"@context\":\"https:\/\/schema.org\",\"@graph\":[{\"@type\":\"Article\",\"@id\":\"https:\/\/www.espai.es\/blog\/2015\/09\/atajos-de-teclado-de-final-cut-pro-x-reasignados\/#article\",\"isPartOf\":{\"@id\":\"https:\/\/www.espai.es\/blog\/2015\/09\/atajos-de-teclado-de-final-cut-pro-x-reasignados\/\"},\"author\":{\"name\":\"David S\u00e1nchez\",\"@id\":\"https:\/\/www.espai.es\/blog\/#\/schema\/person\/68bce54bebac5efb40918f2f71822d27\"},\"headline\":\"Atajos de teclado de Final Cut Pro X reasignados\",\"datePublished\":\"2015-09-07T16:32:50+00:00\",\"dateModified\":\"2024-06-27T10:50:58+00:00\",\"mainEntityOfPage\":{\"@id\":\"https:\/\/www.espai.es\/blog\/2015\/09\/atajos-de-teclado-de-final-cut-pro-x-reasignados\/\"},\"wordCount\":1355,\"commentCount\":0,\"image\":{\"@id\":\"https:\/\/www.espai.es\/blog\/2015\/09\/atajos-de-teclado-de-final-cut-pro-x-reasignados\/#primaryimage\"},\"thumbnailUrl\":\"https:\/\/www.espai.es\/blog\/wp-content\/uploads\/2015\/09\/PortadaAtajos.jpg\",\"keywords\":[\"Atajos\",\"Atajos de teclado\",\"escuela espai\",\"FCP X\",\"FCPX\",\"Final Cut Pro X\",\"Keyboard Shortcuts\",\"Shortcuts\"],\"articleSection\":[\"Edici\u00f3n de Video y Postproducci\u00f3n\",\"Escola Espai\"],\"inLanguage\":\"es\",\"potentialAction\":[{\"@type\":\"CommentAction\",\"name\":\"Comment\",\"target\":[\"https:\/\/www.espai.es\/blog\/2015\/09\/atajos-de-teclado-de-final-cut-pro-x-reasignados\/#respond\"]}]},{\"@type\":\"WebPage\",\"@id\":\"https:\/\/www.espai.es\/blog\/2015\/09\/atajos-de-teclado-de-final-cut-pro-x-reasignados\/\",\"url\":\"https:\/\/www.espai.es\/blog\/2015\/09\/atajos-de-teclado-de-final-cut-pro-x-reasignados\/\",\"name\":\"Atajos de teclado de Final Cut Pro X reasignados - Blog Escola Espai\",\"isPartOf\":{\"@id\":\"https:\/\/www.espai.es\/blog\/#website\"},\"primaryImageOfPage\":{\"@id\":\"https:\/\/www.espai.es\/blog\/2015\/09\/atajos-de-teclado-de-final-cut-pro-x-reasignados\/#primaryimage\"},\"image\":{\"@id\":\"https:\/\/www.espai.es\/blog\/2015\/09\/atajos-de-teclado-de-final-cut-pro-x-reasignados\/#primaryimage\"},\"thumbnailUrl\":\"https:\/\/www.espai.es\/blog\/wp-content\/uploads\/2015\/09\/PortadaAtajos.jpg\",\"datePublished\":\"2015-09-07T16:32:50+00:00\",\"dateModified\":\"2024-06-27T10:50:58+00:00\",\"author\":{\"@id\":\"https:\/\/www.espai.es\/blog\/#\/schema\/person\/68bce54bebac5efb40918f2f71822d27\"},\"description\":\"Desde la \u00faltima actualizaci\u00f3n del Final Cut Pro X existen nuevos Atajos de teclado de Final Cut Pro X, a los usuarios de un teclado QWERTY les interesan.\",\"breadcrumb\":{\"@id\":\"https:\/\/www.espai.es\/blog\/2015\/09\/atajos-de-teclado-de-final-cut-pro-x-reasignados\/#breadcrumb\"},\"inLanguage\":\"es\",\"potentialAction\":[{\"@type\":\"ReadAction\",\"target\":[\"https:\/\/www.espai.es\/blog\/2015\/09\/atajos-de-teclado-de-final-cut-pro-x-reasignados\/\"]}]},{\"@type\":\"ImageObject\",\"inLanguage\":\"es\",\"@id\":\"https:\/\/www.espai.es\/blog\/2015\/09\/atajos-de-teclado-de-final-cut-pro-x-reasignados\/#primaryimage\",\"url\":\"https:\/\/www.espai.es\/blog\/wp-content\/uploads\/2015\/09\/PortadaAtajos.jpg\",\"contentUrl\":\"https:\/\/www.espai.es\/blog\/wp-content\/uploads\/2015\/09\/PortadaAtajos.jpg\",\"width\":500,\"height\":480},{\"@type\":\"BreadcrumbList\",\"@id\":\"https:\/\/www.espai.es\/blog\/2015\/09\/atajos-de-teclado-de-final-cut-pro-x-reasignados\/#breadcrumb\",\"itemListElement\":[{\"@type\":\"ListItem\",\"position\":1,\"name\":\"Portada\",\"item\":\"https:\/\/www.espai.es\/blog\/\"},{\"@type\":\"ListItem\",\"position\":2,\"name\":\"Atajos de teclado de Final Cut Pro X reasignados\"}]},{\"@type\":\"WebSite\",\"@id\":\"https:\/\/www.espai.es\/blog\/#website\",\"url\":\"https:\/\/www.espai.es\/blog\/\",\"name\":\"Blog Escola Espai\",\"description\":\"\",\"potentialAction\":[{\"@type\":\"SearchAction\",\"target\":{\"@type\":\"EntryPoint\",\"urlTemplate\":\"https:\/\/www.espai.es\/blog\/?s={search_term_string}\"},\"query-input\":{\"@type\":\"PropertyValueSpecification\",\"valueRequired\":true,\"valueName\":\"search_term_string\"}}],\"inLanguage\":\"es\"},{\"@type\":\"Person\",\"@id\":\"https:\/\/www.espai.es\/blog\/#\/schema\/person\/68bce54bebac5efb40918f2f71822d27\",\"name\":\"David S\u00e1nchez\",\"image\":{\"@type\":\"ImageObject\",\"inLanguage\":\"es\",\"@id\":\"https:\/\/www.espai.es\/blog\/#\/schema\/person\/image\/\",\"url\":\"https:\/\/secure.gravatar.com\/avatar\/496fe00098e4153114211ffa48f7c54a3900194ee90e49152ee5e4b276384c31?s=96&d=mm&r=g\",\"contentUrl\":\"https:\/\/secure.gravatar.com\/avatar\/496fe00098e4153114211ffa48f7c54a3900194ee90e49152ee5e4b276384c31?s=96&d=mm&r=g\",\"caption\":\"David S\u00e1nchez\"},\"url\":\"https:\/\/www.espai.es\/blog\/author\/d-sanchez\/\"}]}<\/script>\n<!-- \/ Yoast SEO plugin. -->","yoast_head_json":{"title":"Atajos de teclado de Final Cut Pro X reasignados - Blog Escola Espai","description":"Desde la \u00faltima actualizaci\u00f3n del Final Cut Pro X existen nuevos Atajos de teclado de Final Cut Pro X, a los usuarios de un teclado QWERTY les interesan.","robots":{"index":"index","follow":"follow","max-snippet":"max-snippet:-1","max-image-preview":"max-image-preview:large","max-video-preview":"max-video-preview:-1"},"canonical":"https:\/\/www.espai.es\/blog\/2015\/09\/atajos-de-teclado-de-final-cut-pro-x-reasignados\/","og_locale":"es_ES","og_type":"article","og_title":"Atajos de teclado de Final Cut Pro X reasignados - Blog Escola Espai","og_description":"Desde la \u00faltima actualizaci\u00f3n del Final Cut Pro X existen nuevos Atajos de teclado de Final Cut Pro X, a los usuarios de un teclado QWERTY les interesan.","og_url":"https:\/\/www.espai.es\/blog\/2015\/09\/atajos-de-teclado-de-final-cut-pro-x-reasignados\/","og_site_name":"Blog Escola Espai","article_published_time":"2015-09-07T16:32:50+00:00","article_modified_time":"2024-06-27T10:50:58+00:00","og_image":[{"width":500,"height":480,"url":"https:\/\/www.espai.es\/blog\/wp-content\/uploads\/2015\/09\/PortadaAtajos.jpg","type":"image\/jpeg"}],"author":"David S\u00e1nchez","twitter_card":"summary_large_image","twitter_misc":{"Escrito por":"David S\u00e1nchez","Tiempo de lectura":"7 minutos"},"schema":{"@context":"https:\/\/schema.org","@graph":[{"@type":"Article","@id":"https:\/\/www.espai.es\/blog\/2015\/09\/atajos-de-teclado-de-final-cut-pro-x-reasignados\/#article","isPartOf":{"@id":"https:\/\/www.espai.es\/blog\/2015\/09\/atajos-de-teclado-de-final-cut-pro-x-reasignados\/"},"author":{"name":"David S\u00e1nchez","@id":"https:\/\/www.espai.es\/blog\/#\/schema\/person\/68bce54bebac5efb40918f2f71822d27"},"headline":"Atajos de teclado de Final Cut Pro X reasignados","datePublished":"2015-09-07T16:32:50+00:00","dateModified":"2024-06-27T10:50:58+00:00","mainEntityOfPage":{"@id":"https:\/\/www.espai.es\/blog\/2015\/09\/atajos-de-teclado-de-final-cut-pro-x-reasignados\/"},"wordCount":1355,"commentCount":0,"image":{"@id":"https:\/\/www.espai.es\/blog\/2015\/09\/atajos-de-teclado-de-final-cut-pro-x-reasignados\/#primaryimage"},"thumbnailUrl":"https:\/\/www.espai.es\/blog\/wp-content\/uploads\/2015\/09\/PortadaAtajos.jpg","keywords":["Atajos","Atajos de teclado","escuela espai","FCP X","FCPX","Final Cut Pro X","Keyboard Shortcuts","Shortcuts"],"articleSection":["Edici\u00f3n de Video y Postproducci\u00f3n","Escola Espai"],"inLanguage":"es","potentialAction":[{"@type":"CommentAction","name":"Comment","target":["https:\/\/www.espai.es\/blog\/2015\/09\/atajos-de-teclado-de-final-cut-pro-x-reasignados\/#respond"]}]},{"@type":"WebPage","@id":"https:\/\/www.espai.es\/blog\/2015\/09\/atajos-de-teclado-de-final-cut-pro-x-reasignados\/","url":"https:\/\/www.espai.es\/blog\/2015\/09\/atajos-de-teclado-de-final-cut-pro-x-reasignados\/","name":"Atajos de teclado de Final Cut Pro X reasignados - Blog Escola Espai","isPartOf":{"@id":"https:\/\/www.espai.es\/blog\/#website"},"primaryImageOfPage":{"@id":"https:\/\/www.espai.es\/blog\/2015\/09\/atajos-de-teclado-de-final-cut-pro-x-reasignados\/#primaryimage"},"image":{"@id":"https:\/\/www.espai.es\/blog\/2015\/09\/atajos-de-teclado-de-final-cut-pro-x-reasignados\/#primaryimage"},"thumbnailUrl":"https:\/\/www.espai.es\/blog\/wp-content\/uploads\/2015\/09\/PortadaAtajos.jpg","datePublished":"2015-09-07T16:32:50+00:00","dateModified":"2024-06-27T10:50:58+00:00","author":{"@id":"https:\/\/www.espai.es\/blog\/#\/schema\/person\/68bce54bebac5efb40918f2f71822d27"},"description":"Desde la \u00faltima actualizaci\u00f3n del Final Cut Pro X existen nuevos Atajos de teclado de Final Cut Pro X, a los usuarios de un teclado QWERTY les interesan.","breadcrumb":{"@id":"https:\/\/www.espai.es\/blog\/2015\/09\/atajos-de-teclado-de-final-cut-pro-x-reasignados\/#breadcrumb"},"inLanguage":"es","potentialAction":[{"@type":"ReadAction","target":["https:\/\/www.espai.es\/blog\/2015\/09\/atajos-de-teclado-de-final-cut-pro-x-reasignados\/"]}]},{"@type":"ImageObject","inLanguage":"es","@id":"https:\/\/www.espai.es\/blog\/2015\/09\/atajos-de-teclado-de-final-cut-pro-x-reasignados\/#primaryimage","url":"https:\/\/www.espai.es\/blog\/wp-content\/uploads\/2015\/09\/PortadaAtajos.jpg","contentUrl":"https:\/\/www.espai.es\/blog\/wp-content\/uploads\/2015\/09\/PortadaAtajos.jpg","width":500,"height":480},{"@type":"BreadcrumbList","@id":"https:\/\/www.espai.es\/blog\/2015\/09\/atajos-de-teclado-de-final-cut-pro-x-reasignados\/#breadcrumb","itemListElement":[{"@type":"ListItem","position":1,"name":"Portada","item":"https:\/\/www.espai.es\/blog\/"},{"@type":"ListItem","position":2,"name":"Atajos de teclado de Final Cut Pro X reasignados"}]},{"@type":"WebSite","@id":"https:\/\/www.espai.es\/blog\/#website","url":"https:\/\/www.espai.es\/blog\/","name":"Blog Escola Espai","description":"","potentialAction":[{"@type":"SearchAction","target":{"@type":"EntryPoint","urlTemplate":"https:\/\/www.espai.es\/blog\/?s={search_term_string}"},"query-input":{"@type":"PropertyValueSpecification","valueRequired":true,"valueName":"search_term_string"}}],"inLanguage":"es"},{"@type":"Person","@id":"https:\/\/www.espai.es\/blog\/#\/schema\/person\/68bce54bebac5efb40918f2f71822d27","name":"David S\u00e1nchez","image":{"@type":"ImageObject","inLanguage":"es","@id":"https:\/\/www.espai.es\/blog\/#\/schema\/person\/image\/","url":"https:\/\/secure.gravatar.com\/avatar\/496fe00098e4153114211ffa48f7c54a3900194ee90e49152ee5e4b276384c31?s=96&d=mm&r=g","contentUrl":"https:\/\/secure.gravatar.com\/avatar\/496fe00098e4153114211ffa48f7c54a3900194ee90e49152ee5e4b276384c31?s=96&d=mm&r=g","caption":"David S\u00e1nchez"},"url":"https:\/\/www.espai.es\/blog\/author\/d-sanchez\/"}]}},"jetpack_featured_media_url":"https:\/\/www.espai.es\/blog\/wp-content\/uploads\/2015\/09\/PortadaAtajos.jpg","jetpack_sharing_enabled":true,"_links":{"self":[{"href":"https:\/\/www.espai.es\/blog\/wp-json\/wp\/v2\/posts\/4099","targetHints":{"allow":["GET"]}}],"collection":[{"href":"https:\/\/www.espai.es\/blog\/wp-json\/wp\/v2\/posts"}],"about":[{"href":"https:\/\/www.espai.es\/blog\/wp-json\/wp\/v2\/types\/post"}],"author":[{"embeddable":true,"href":"https:\/\/www.espai.es\/blog\/wp-json\/wp\/v2\/users\/17"}],"replies":[{"embeddable":true,"href":"https:\/\/www.espai.es\/blog\/wp-json\/wp\/v2\/comments?post=4099"}],"version-history":[{"count":27,"href":"https:\/\/www.espai.es\/blog\/wp-json\/wp\/v2\/posts\/4099\/revisions"}],"predecessor-version":[{"id":15114,"href":"https:\/\/www.espai.es\/blog\/wp-json\/wp\/v2\/posts\/4099\/revisions\/15114"}],"wp:featuredmedia":[{"embeddable":true,"href":"https:\/\/www.espai.es\/blog\/wp-json\/wp\/v2\/media\/4104"}],"wp:attachment":[{"href":"https:\/\/www.espai.es\/blog\/wp-json\/wp\/v2\/media?parent=4099"}],"wp:term":[{"taxonomy":"category","embeddable":true,"href":"https:\/\/www.espai.es\/blog\/wp-json\/wp\/v2\/categories?post=4099"},{"taxonomy":"post_tag","embeddable":true,"href":"https:\/\/www.espai.es\/blog\/wp-json\/wp\/v2\/tags?post=4099"}],"curies":[{"name":"wp","href":"https:\/\/api.w.org\/{rel}","templated":true}]}}