{"id":405,"date":"2011-12-27T14:56:08","date_gmt":"2011-12-27T12:56:08","guid":{"rendered":"http:\/\/www.espai.es\/blog\/?p=405"},"modified":"2013-11-12T12:11:29","modified_gmt":"2013-11-12T10:11:29","slug":"instagram-el-exito-de-compartir-fotos","status":"publish","type":"post","link":"https:\/\/www.espai.es\/blog\/2011\/12\/instagram-el-exito-de-compartir-fotos\/","title":{"rendered":"Instagram, el \u00e9xito de compartir fotos"},"content":{"rendered":"<p><strong>La aplicaci\u00f3n para tratar y difundir im\u00e1genes en el m\u00f3vil supera los 11 millones de registros en un a\u00f1o <\/strong><\/p>\n<p>&nbsp;<\/p>\n<p><a href=\"http:\/\/www.espai.es\/blog\/wp-content\/uploads\/2011\/12\/Sin-t\u00edtulo-12.jpg\"><img loading=\"lazy\" decoding=\"async\" class=\"alignleft size-medium wp-image-407\" title=\"Sin-t\u00edtulo-1\" src=\"http:\/\/www.espai.es\/blog\/wp-content\/uploads\/2011\/12\/Sin-t\u00edtulo-12-300x290.jpg\" alt=\"\" width=\"231\" height=\"223\" srcset=\"https:\/\/www.espai.es\/blog\/wp-content\/uploads\/2011\/12\/Sin-t\u00edtulo-12-300x290.jpg 300w, https:\/\/www.espai.es\/blog\/wp-content\/uploads\/2011\/12\/Sin-t\u00edtulo-12.jpg 571w\" sizes=\"auto, (max-width: 231px) 100vw, 231px\" \/><\/a><br \/>\n\u00abCompartir un instante de tu d\u00eda con el mundo. \u00bfNo es maravilloso?\u00bb. A Kevin Systrom se le iluminan los ojos al decirlo mientras deambula iPhone en mano por la oficina de Instagram en San Francisco. No hay p\u00e9rdida, son apenas 50 metros cuadrados, cinco empleados, dos sof\u00e1s y una colecci\u00f3n de c\u00e1maras polaroid alineadas en una estanter\u00eda desvencijada.<\/p>\n<p>Systrom, de 27 a\u00f1os, no ha necesitado mucho m\u00e1s para crear una de las start-ups m\u00e1s calientes del momento. Instagram, la aplicaci\u00f3n en el iPhone para hacer fotos, tunearlas (personalizarlas) con filtros y compartirlas en Twitter, Facebook y otras redes sociales, ya tiene un a\u00f1o y supera los 11 millones de personas registradas, a\u00f1ade 1,2 millones al mes y procesa 15 fotos por segundo. Cifras de r\u00e9cord. \u00abNo fuimos la primera aplicaci\u00f3n de retoque fotogr\u00e1fico ni la primera red social de fotos, pero s\u00ed fuimos los primeros en combinar ambas cosas\u00bb, sonr\u00ede Systrom.<\/p>\n<p>Luego se\u00f1ala m\u00e1s razones de la explosi\u00f3n. Por ejemplo: esmerarse en hacerlo rematadamente f\u00e1cil, en eliminar botones innecesarios y florituras. Apuntar, disparar, resaltar con un filtro y listo para compartir. As\u00ed de simple. Lanzar poco despu\u00e9s del iPhone 4, cuando todo el mundo ansiaba trastear con la nueva c\u00e1mara de cinco megap\u00edxeles, fue un acierto. Y hubo otro: mimar los detalles. \u00abDedicamos mucho tiempo a peque\u00f1as cosas, como cargar muy r\u00e1pido las fotos, el dise\u00f1o, la tipograf\u00eda&#8230; Creo que la gente lo acab\u00f3 apreciando\u00bb.<\/p>\n<p>Pese a los m\u00e9ritos, el \u00e9xito de Instagram no se entiende sin Twitter. Systrom curs\u00f3 ingenier\u00eda en Stanford y entr\u00f3 de becario en la start-up Odeo, creada por Evan Williams. All\u00ed conoci\u00f3 a Biz Stone, Jack Dorsey y al germen de Twitter. Luego salt\u00f3 a Google hasta que lo dej\u00f3 todo por Instagram en octubre del a\u00f1o pasado. \u00abNos beneficiamos mucho del tir\u00f3n de Twitter para dar a conocer el servicio. Pero todo se construye sobre los hombros de quienes ha llegado antes, es inevitable. Un 25% de la gente que captura una imagen con Instagram la comparte en Twitter\u00bb, explica Kevin.<\/p>\n<p>Jack Dorsey, creador de Twitter, acab\u00f3 invirtiendo en la idea y el servicio recuerda mucho a la red de los 140 caracteres pero en fotos y sobre la marcha, desde el m\u00f3vil. Sigues y te siguen, hay un \u00abme gustas\u00bb, dejas comentarios&#8230; Se ha convertido en una red social en s\u00ed misma. \u00abCreo que este el motivo por el que la gente regresa, no por los filtros, sino porque aqu\u00ed est\u00e1n sus amigos y una comunidad m\u00e1s amplia. Y porque nos encanta ver instantes de la vida de otros\u00bb.<br \/>\nEl pasado verano circul\u00f3 por Internet un nuevo rumor, uno m\u00e1s: Facebook intent\u00f3 comprar Instagram pero Systrom dijo no. \u00abNi confirmo ni desmiento\u00bb, se r\u00ede. Ahora se dice que Mark Zuckerberg, despechado, prepara un calco de Instagram en la aplicaci\u00f3n m\u00f3vil de Facebook. \u00abMmmm, quiz\u00e1s lo haga, pero no funcionar\u00eda. \u00bfPodr\u00edas compartir tus fotos de Facebook en Twitter? Complicado, no hay una integraci\u00f3n plena entre ambos servicios\u00bb, explica con mirada de manejar informaci\u00f3n privilegiada. Ser\u00e1 la conexi\u00f3n Dorsey.<\/p>\n<p>A Systrom tampoco le dan miedo las modas, que aterrice otra nueva aplicaci\u00f3n y les borre de nuestra fr\u00e1gil memoria digital. \u00abEs un problema al que nos enfrentamos todos. El tuit, por ejemplo, es un concepto nuevo e igual cambia, pero la fotograf\u00eda no. La gente viene haciendo fotos desde hace siglos y seguir\u00e1. Eso s\u00ed, para permanecer relevante necesitas innovar\u00bb.<\/p>\n<p>La \u00faltima actualizaci\u00f3n de Instagram se puede considerar un paso en esa direcci\u00f3n: m\u00e1s filtros y m\u00e1s funciones manteniendo la simplicidad. Y habr\u00e1 m\u00e1s novedades. La m\u00e1s inmediata, la versi\u00f3n para Android. \u00abNo me puedo comprometer a una fecha, pero ser\u00e1 muy pronto\u00bb, asegura Systrom. Lo siguiente ser\u00e1 la vers<\/p>\n<p>i\u00f3n web para acceder desde el ordenador y, de paso, desde una tableta. Una aplicaci\u00f3n espec\u00edfica para el iPad (o para Windows Mobile y BlackBerry) no est\u00e1 en la lista.<\/p>\n<p>Systrom resopla igual que el jefe de Twitter cuando se le pregunta por los ingresos, otro parecido con el pajarito. \u00abInstagram, tal y como la conocemos hoy, ser\u00e1 siempre gratis. Quiz\u00e1s cobremos alg\u00fan d\u00eda por filtros adicionales o servicios extra, pero el negocio estar\u00e1 en la publicidad\u00bb. Marcas como Burberry, MTV o Banana Republic ya han abierto cuenta. La clave a partir de ahora, asegura Kevin, ser\u00e1 ofrecerles herramientas para anunciarse mejor. En otras palabras: se acaba Instagram sin publicidad.<\/p>\n<p>La llegada del iPhone 4S, con c\u00e1mara de ocho megap\u00edxeles, dar\u00e1 un nuevo impulso a Instagram y a sus decenas de competidores. Pero Systrom se muestra tranquilo. \u00abSiempre quise crear algo en torno a las fotos y todo el mundo me dijo que no iba a funcionar. \u00bfSeguro? Mira lo que ha pasado\u00bb.<\/p>\n<p>Fuente: MANUEL \u00c1NGEL M\u00c9NDEZ &#8211; San Francisco<\/p>\n","protected":false},"excerpt":{"rendered":"<p>La aplicaci\u00f3n para tratar y difundir im\u00e1genes en el m\u00f3vil supera los 11 millones de registros en un a\u00f1o &nbsp; \u00abCompartir un instante de tu d\u00eda con el mundo. \u00bfNo es maravilloso?\u00bb. A Kevin Systrom se le iluminan los ojos al decirlo mientras deambula iPhone&#8230;<\/p>\n","protected":false},"author":12,"featured_media":0,"comment_status":"closed","ping_status":"open","sticky":false,"template":"","format":"standard","meta":{"_monsterinsights_skip_tracking":false,"_monsterinsights_sitenote_active":false,"_monsterinsights_sitenote_note":"","_monsterinsights_sitenote_category":0,"jetpack_post_was_ever_published":false,"_jetpack_newsletter_access":"","_jetpack_dont_email_post_to_subs":false,"_jetpack_newsletter_tier_id":0,"_jetpack_memberships_contains_paywalled_content":false,"_ef_editorial_meta_date_first-draft-date":"","_ef_editorial_meta_paragraph_assignment":"","_ef_editorial_meta_checkbox_needs-photo":"","_ef_editorial_meta_number_word-count":"","_jetpack_memberships_contains_paid_content":false,"footnotes":""},"categories":[8,76,4],"tags":[],"class_list":["post-405","post","type-post","status-publish","format-standard","hentry","category-diseno-grafico","category-fotografia","category-internet"],"yoast_head":"<!-- This site is optimized with the Yoast SEO plugin v27.1.1 - https:\/\/yoast.com\/product\/yoast-seo-wordpress\/ -->\n<title>Instagram, el \u00e9xito de compartir fotos - Blog Escola Espai<\/title>\n<meta name=\"robots\" content=\"index, follow, max-snippet:-1, max-image-preview:large, max-video-preview:-1\" \/>\n<link rel=\"canonical\" href=\"https:\/\/www.espai.es\/blog\/2011\/12\/instagram-el-exito-de-compartir-fotos\/\" \/>\n<meta property=\"og:locale\" content=\"es_ES\" \/>\n<meta property=\"og:type\" content=\"article\" \/>\n<meta property=\"og:title\" content=\"Instagram, el \u00e9xito de compartir fotos - Blog Escola Espai\" \/>\n<meta property=\"og:description\" content=\"La aplicaci\u00f3n para tratar y difundir im\u00e1genes en el m\u00f3vil supera los 11 millones de registros en un a\u00f1o &nbsp; \u00abCompartir un instante de tu d\u00eda con el mundo. \u00bfNo es maravilloso?\u00bb. A Kevin Systrom se le iluminan los ojos al decirlo mientras deambula iPhone...\" \/>\n<meta property=\"og:url\" content=\"https:\/\/www.espai.es\/blog\/2011\/12\/instagram-el-exito-de-compartir-fotos\/\" \/>\n<meta property=\"og:site_name\" content=\"Blog Escola Espai\" \/>\n<meta property=\"article:published_time\" content=\"2011-12-27T12:56:08+00:00\" \/>\n<meta property=\"article:modified_time\" content=\"2013-11-12T10:11:29+00:00\" \/>\n<meta name=\"author\" content=\"Jordi de los Mozos\" \/>\n<meta name=\"twitter:card\" content=\"summary_large_image\" \/>\n<meta name=\"twitter:label1\" content=\"Escrito por\" \/>\n\t<meta name=\"twitter:data1\" content=\"Jordi de los Mozos\" \/>\n\t<meta name=\"twitter:label2\" content=\"Tiempo de lectura\" \/>\n\t<meta name=\"twitter:data2\" content=\"4 minutos\" \/>\n<script type=\"application\/ld+json\" class=\"yoast-schema-graph\">{\"@context\":\"https:\/\/schema.org\",\"@graph\":[{\"@type\":\"Article\",\"@id\":\"https:\/\/www.espai.es\/blog\/2011\/12\/instagram-el-exito-de-compartir-fotos\/#article\",\"isPartOf\":{\"@id\":\"https:\/\/www.espai.es\/blog\/2011\/12\/instagram-el-exito-de-compartir-fotos\/\"},\"author\":{\"name\":\"Jordi de los Mozos\",\"@id\":\"https:\/\/www.espai.es\/blog\/#\/schema\/person\/e25788957477d7eddc3ed214ba95267d\"},\"headline\":\"Instagram, el \u00e9xito de compartir fotos\",\"datePublished\":\"2011-12-27T12:56:08+00:00\",\"dateModified\":\"2013-11-12T10:11:29+00:00\",\"mainEntityOfPage\":{\"@id\":\"https:\/\/www.espai.es\/blog\/2011\/12\/instagram-el-exito-de-compartir-fotos\/\"},\"wordCount\":869,\"articleSection\":[\"Dise\u00f1o Gr\u00e1fico\",\"Fotograf\u00eda\",\"Internet\"],\"inLanguage\":\"es\"},{\"@type\":\"WebPage\",\"@id\":\"https:\/\/www.espai.es\/blog\/2011\/12\/instagram-el-exito-de-compartir-fotos\/\",\"url\":\"https:\/\/www.espai.es\/blog\/2011\/12\/instagram-el-exito-de-compartir-fotos\/\",\"name\":\"Instagram, el \u00e9xito de compartir fotos - Blog Escola Espai\",\"isPartOf\":{\"@id\":\"https:\/\/www.espai.es\/blog\/#website\"},\"datePublished\":\"2011-12-27T12:56:08+00:00\",\"dateModified\":\"2013-11-12T10:11:29+00:00\",\"author\":{\"@id\":\"https:\/\/www.espai.es\/blog\/#\/schema\/person\/e25788957477d7eddc3ed214ba95267d\"},\"breadcrumb\":{\"@id\":\"https:\/\/www.espai.es\/blog\/2011\/12\/instagram-el-exito-de-compartir-fotos\/#breadcrumb\"},\"inLanguage\":\"es\",\"potentialAction\":[{\"@type\":\"ReadAction\",\"target\":[\"https:\/\/www.espai.es\/blog\/2011\/12\/instagram-el-exito-de-compartir-fotos\/\"]}]},{\"@type\":\"BreadcrumbList\",\"@id\":\"https:\/\/www.espai.es\/blog\/2011\/12\/instagram-el-exito-de-compartir-fotos\/#breadcrumb\",\"itemListElement\":[{\"@type\":\"ListItem\",\"position\":1,\"name\":\"Portada\",\"item\":\"https:\/\/www.espai.es\/blog\/\"},{\"@type\":\"ListItem\",\"position\":2,\"name\":\"Instagram, el \u00e9xito de compartir fotos\"}]},{\"@type\":\"WebSite\",\"@id\":\"https:\/\/www.espai.es\/blog\/#website\",\"url\":\"https:\/\/www.espai.es\/blog\/\",\"name\":\"Blog Escola Espai\",\"description\":\"\",\"potentialAction\":[{\"@type\":\"SearchAction\",\"target\":{\"@type\":\"EntryPoint\",\"urlTemplate\":\"https:\/\/www.espai.es\/blog\/?s={search_term_string}\"},\"query-input\":{\"@type\":\"PropertyValueSpecification\",\"valueRequired\":true,\"valueName\":\"search_term_string\"}}],\"inLanguage\":\"es\"},{\"@type\":\"Person\",\"@id\":\"https:\/\/www.espai.es\/blog\/#\/schema\/person\/e25788957477d7eddc3ed214ba95267d\",\"name\":\"Jordi de los Mozos\",\"image\":{\"@type\":\"ImageObject\",\"inLanguage\":\"es\",\"@id\":\"https:\/\/www.espai.es\/blog\/#\/schema\/person\/image\/\",\"url\":\"https:\/\/secure.gravatar.com\/avatar\/f91ccec5a4515dc2d87a45492f5c12f36d08748b582fc2d8165a0dd1c6395073?s=96&d=mm&r=g\",\"contentUrl\":\"https:\/\/secure.gravatar.com\/avatar\/f91ccec5a4515dc2d87a45492f5c12f36d08748b582fc2d8165a0dd1c6395073?s=96&d=mm&r=g\",\"caption\":\"Jordi de los Mozos\"},\"sameAs\":[\"http:\/\/www.espai.es\"],\"url\":\"https:\/\/www.espai.es\/blog\/author\/jordi\/\"}]}<\/script>\n<!-- \/ Yoast SEO plugin. -->","yoast_head_json":{"title":"Instagram, el \u00e9xito de compartir fotos - Blog Escola Espai","robots":{"index":"index","follow":"follow","max-snippet":"max-snippet:-1","max-image-preview":"max-image-preview:large","max-video-preview":"max-video-preview:-1"},"canonical":"https:\/\/www.espai.es\/blog\/2011\/12\/instagram-el-exito-de-compartir-fotos\/","og_locale":"es_ES","og_type":"article","og_title":"Instagram, el \u00e9xito de compartir fotos - Blog Escola Espai","og_description":"La aplicaci\u00f3n para tratar y difundir im\u00e1genes en el m\u00f3vil supera los 11 millones de registros en un a\u00f1o &nbsp; \u00abCompartir un instante de tu d\u00eda con el mundo. \u00bfNo es maravilloso?\u00bb. A Kevin Systrom se le iluminan los ojos al decirlo mientras deambula iPhone...","og_url":"https:\/\/www.espai.es\/blog\/2011\/12\/instagram-el-exito-de-compartir-fotos\/","og_site_name":"Blog Escola Espai","article_published_time":"2011-12-27T12:56:08+00:00","article_modified_time":"2013-11-12T10:11:29+00:00","author":"Jordi de los Mozos","twitter_card":"summary_large_image","twitter_misc":{"Escrito por":"Jordi de los Mozos","Tiempo de lectura":"4 minutos"},"schema":{"@context":"https:\/\/schema.org","@graph":[{"@type":"Article","@id":"https:\/\/www.espai.es\/blog\/2011\/12\/instagram-el-exito-de-compartir-fotos\/#article","isPartOf":{"@id":"https:\/\/www.espai.es\/blog\/2011\/12\/instagram-el-exito-de-compartir-fotos\/"},"author":{"name":"Jordi de los Mozos","@id":"https:\/\/www.espai.es\/blog\/#\/schema\/person\/e25788957477d7eddc3ed214ba95267d"},"headline":"Instagram, el \u00e9xito de compartir fotos","datePublished":"2011-12-27T12:56:08+00:00","dateModified":"2013-11-12T10:11:29+00:00","mainEntityOfPage":{"@id":"https:\/\/www.espai.es\/blog\/2011\/12\/instagram-el-exito-de-compartir-fotos\/"},"wordCount":869,"articleSection":["Dise\u00f1o Gr\u00e1fico","Fotograf\u00eda","Internet"],"inLanguage":"es"},{"@type":"WebPage","@id":"https:\/\/www.espai.es\/blog\/2011\/12\/instagram-el-exito-de-compartir-fotos\/","url":"https:\/\/www.espai.es\/blog\/2011\/12\/instagram-el-exito-de-compartir-fotos\/","name":"Instagram, el \u00e9xito de compartir fotos - Blog Escola Espai","isPartOf":{"@id":"https:\/\/www.espai.es\/blog\/#website"},"datePublished":"2011-12-27T12:56:08+00:00","dateModified":"2013-11-12T10:11:29+00:00","author":{"@id":"https:\/\/www.espai.es\/blog\/#\/schema\/person\/e25788957477d7eddc3ed214ba95267d"},"breadcrumb":{"@id":"https:\/\/www.espai.es\/blog\/2011\/12\/instagram-el-exito-de-compartir-fotos\/#breadcrumb"},"inLanguage":"es","potentialAction":[{"@type":"ReadAction","target":["https:\/\/www.espai.es\/blog\/2011\/12\/instagram-el-exito-de-compartir-fotos\/"]}]},{"@type":"BreadcrumbList","@id":"https:\/\/www.espai.es\/blog\/2011\/12\/instagram-el-exito-de-compartir-fotos\/#breadcrumb","itemListElement":[{"@type":"ListItem","position":1,"name":"Portada","item":"https:\/\/www.espai.es\/blog\/"},{"@type":"ListItem","position":2,"name":"Instagram, el \u00e9xito de compartir fotos"}]},{"@type":"WebSite","@id":"https:\/\/www.espai.es\/blog\/#website","url":"https:\/\/www.espai.es\/blog\/","name":"Blog Escola Espai","description":"","potentialAction":[{"@type":"SearchAction","target":{"@type":"EntryPoint","urlTemplate":"https:\/\/www.espai.es\/blog\/?s={search_term_string}"},"query-input":{"@type":"PropertyValueSpecification","valueRequired":true,"valueName":"search_term_string"}}],"inLanguage":"es"},{"@type":"Person","@id":"https:\/\/www.espai.es\/blog\/#\/schema\/person\/e25788957477d7eddc3ed214ba95267d","name":"Jordi de los Mozos","image":{"@type":"ImageObject","inLanguage":"es","@id":"https:\/\/www.espai.es\/blog\/#\/schema\/person\/image\/","url":"https:\/\/secure.gravatar.com\/avatar\/f91ccec5a4515dc2d87a45492f5c12f36d08748b582fc2d8165a0dd1c6395073?s=96&d=mm&r=g","contentUrl":"https:\/\/secure.gravatar.com\/avatar\/f91ccec5a4515dc2d87a45492f5c12f36d08748b582fc2d8165a0dd1c6395073?s=96&d=mm&r=g","caption":"Jordi de los Mozos"},"sameAs":["http:\/\/www.espai.es"],"url":"https:\/\/www.espai.es\/blog\/author\/jordi\/"}]}},"jetpack_featured_media_url":"","jetpack_sharing_enabled":true,"_links":{"self":[{"href":"https:\/\/www.espai.es\/blog\/wp-json\/wp\/v2\/posts\/405","targetHints":{"allow":["GET"]}}],"collection":[{"href":"https:\/\/www.espai.es\/blog\/wp-json\/wp\/v2\/posts"}],"about":[{"href":"https:\/\/www.espai.es\/blog\/wp-json\/wp\/v2\/types\/post"}],"author":[{"embeddable":true,"href":"https:\/\/www.espai.es\/blog\/wp-json\/wp\/v2\/users\/12"}],"replies":[{"embeddable":true,"href":"https:\/\/www.espai.es\/blog\/wp-json\/wp\/v2\/comments?post=405"}],"version-history":[{"count":4,"href":"https:\/\/www.espai.es\/blog\/wp-json\/wp\/v2\/posts\/405\/revisions"}],"predecessor-version":[{"id":410,"href":"https:\/\/www.espai.es\/blog\/wp-json\/wp\/v2\/posts\/405\/revisions\/410"}],"wp:attachment":[{"href":"https:\/\/www.espai.es\/blog\/wp-json\/wp\/v2\/media?parent=405"}],"wp:term":[{"taxonomy":"category","embeddable":true,"href":"https:\/\/www.espai.es\/blog\/wp-json\/wp\/v2\/categories?post=405"},{"taxonomy":"post_tag","embeddable":true,"href":"https:\/\/www.espai.es\/blog\/wp-json\/wp\/v2\/tags?post=405"}],"curies":[{"name":"wp","href":"https:\/\/api.w.org\/{rel}","templated":true}]}}