{"id":370,"date":"2011-09-13T20:25:22","date_gmt":"2011-09-13T18:25:22","guid":{"rendered":"http:\/\/www.espai.es\/blog\/?p=370"},"modified":"2013-11-12T12:11:30","modified_gmt":"2013-11-12T10:11:30","slug":"%c2%a1feliz-dia-del-programador","status":"publish","type":"post","link":"https:\/\/www.espai.es\/blog\/2011\/09\/%c2%a1feliz-dia-del-programador\/","title":{"rendered":"\u00a1Feliz d\u00eda del programador!"},"content":{"rendered":"<p><a href=\"http:\/\/www.espai.es\/blog\/wp-content\/uploads\/2011\/09\/programador2.png\"><img loading=\"lazy\" decoding=\"async\" class=\"aligncenter size-medium wp-image-371\" src=\"http:\/\/www.espai.es\/blog\/wp-content\/uploads\/2011\/09\/programador2-300x93.png\" alt=\"\" width=\"370\" height=\"114\" \/><\/a><\/p>\n<p>&nbsp;<\/p>\n<p>Para todos aquellos que se pegan gran parte del d\u00eda sentados<strong> montando algoritmos<\/strong>.<\/p>\n<p>Para todos aquellos que est\u00e1n constantemente probando <strong>frameworks y librer\u00edas nuevas<\/strong>.<\/p>\n<p>Para todos aquellos que luchan por conseguir que no aparezcan caracteres raros cuando hay una <strong>tilde<\/strong>.<\/p>\n<p>&nbsp;<\/p>\n<p><strong>\u00a1FELIZ D\u00cdA DEL PROGRAMADOR!<\/strong><\/p>\n","protected":false},"excerpt":{"rendered":"<p>&nbsp; Para todos aquellos que se pegan gran parte del d\u00eda sentados montando algoritmos. Para todos aquellos que est\u00e1n constantemente probando frameworks y librer\u00edas nuevas. Para todos aquellos que luchan por conseguir que no aparezcan caracteres raros cuando hay una tilde. &nbsp; \u00a1FELIZ D\u00cdA DEL&#8230;<\/p>\n","protected":false},"author":4,"featured_media":0,"comment_status":"closed","ping_status":"open","sticky":false,"template":"","format":"standard","meta":{"_monsterinsights_skip_tracking":false,"_monsterinsights_sitenote_active":false,"_monsterinsights_sitenote_note":"","_monsterinsights_sitenote_category":0,"jetpack_post_was_ever_published":false,"_jetpack_newsletter_access":"","_jetpack_dont_email_post_to_subs":false,"_jetpack_newsletter_tier_id":0,"_jetpack_memberships_contains_paywalled_content":false,"_ef_editorial_meta_date_first-draft-date":"","_ef_editorial_meta_paragraph_assignment":"","_ef_editorial_meta_checkbox_needs-photo":"","_ef_editorial_meta_number_word-count":"","_jetpack_memberships_contains_paid_content":false,"footnotes":""},"categories":[1],"tags":[],"class_list":["post-370","post","type-post","status-publish","format-standard","hentry","category-sin-categoria"],"yoast_head":"<!-- This site is optimized with the Yoast SEO plugin v27.1.1 - https:\/\/yoast.com\/product\/yoast-seo-wordpress\/ -->\n<title>\u00a1Feliz d\u00eda del programador! - Blog Escola Espai<\/title>\n<meta name=\"robots\" content=\"index, follow, max-snippet:-1, max-image-preview:large, max-video-preview:-1\" \/>\n<link rel=\"canonical\" href=\"https:\/\/www.espai.es\/blog\/2011\/09\/\u00a1feliz-dia-del-programador\/\" \/>\n<meta property=\"og:locale\" content=\"es_ES\" \/>\n<meta property=\"og:type\" content=\"article\" \/>\n<meta property=\"og:title\" content=\"\u00a1Feliz d\u00eda del programador! - Blog Escola Espai\" \/>\n<meta property=\"og:description\" content=\"&nbsp; Para todos aquellos que se pegan gran parte del d\u00eda sentados montando algoritmos. Para todos aquellos que est\u00e1n constantemente probando frameworks y librer\u00edas nuevas. Para todos aquellos que luchan por conseguir que no aparezcan caracteres raros cuando hay una tilde. &nbsp; \u00a1FELIZ D\u00cdA DEL...\" \/>\n<meta property=\"og:url\" content=\"https:\/\/www.espai.es\/blog\/2011\/09\/\u00a1feliz-dia-del-programador\/\" \/>\n<meta property=\"og:site_name\" content=\"Blog Escola Espai\" \/>\n<meta property=\"article:published_time\" content=\"2011-09-13T18:25:22+00:00\" \/>\n<meta property=\"article:modified_time\" content=\"2013-11-12T10:11:30+00:00\" \/>\n<meta property=\"og:image\" content=\"https:\/\/www.espai.es\/blog\/wp-content\/uploads\/2011\/09\/programador2.png\" \/>\n\t<meta property=\"og:image:width\" content=\"640\" \/>\n\t<meta property=\"og:image:height\" content=\"200\" \/>\n\t<meta property=\"og:image:type\" content=\"image\/png\" \/>\n<meta name=\"author\" content=\"Alba\" \/>\n<meta name=\"twitter:card\" content=\"summary_large_image\" \/>\n<meta name=\"twitter:label1\" content=\"Escrito por\" \/>\n\t<meta name=\"twitter:data1\" content=\"Alba\" \/>\n<script type=\"application\/ld+json\" class=\"yoast-schema-graph\">{\"@context\":\"https:\/\/schema.org\",\"@graph\":[{\"@type\":\"Article\",\"@id\":\"https:\/\/www.espai.es\/blog\/2011\/09\/%c2%a1feliz-dia-del-programador\/#article\",\"isPartOf\":{\"@id\":\"https:\/\/www.espai.es\/blog\/2011\/09\/%c2%a1feliz-dia-del-programador\/\"},\"author\":{\"name\":\"Alba\",\"@id\":\"https:\/\/www.espai.es\/blog\/#\/schema\/person\/3a4cffba01003b72404c724168c9adf2\"},\"headline\":\"\u00a1Feliz d\u00eda del programador!\",\"datePublished\":\"2011-09-13T18:25:22+00:00\",\"dateModified\":\"2013-11-12T10:11:30+00:00\",\"mainEntityOfPage\":{\"@id\":\"https:\/\/www.espai.es\/blog\/2011\/09\/%c2%a1feliz-dia-del-programador\/\"},\"wordCount\":55,\"image\":{\"@id\":\"https:\/\/www.espai.es\/blog\/2011\/09\/%c2%a1feliz-dia-del-programador\/#primaryimage\"},\"thumbnailUrl\":\"http:\/\/www.espai.es\/blog\/wp-content\/uploads\/2011\/09\/programador2-300x93.png\",\"inLanguage\":\"es\"},{\"@type\":\"WebPage\",\"@id\":\"https:\/\/www.espai.es\/blog\/2011\/09\/%c2%a1feliz-dia-del-programador\/\",\"url\":\"https:\/\/www.espai.es\/blog\/2011\/09\/%c2%a1feliz-dia-del-programador\/\",\"name\":\"\u00a1Feliz d\u00eda del programador! - Blog Escola Espai\",\"isPartOf\":{\"@id\":\"https:\/\/www.espai.es\/blog\/#website\"},\"primaryImageOfPage\":{\"@id\":\"https:\/\/www.espai.es\/blog\/2011\/09\/%c2%a1feliz-dia-del-programador\/#primaryimage\"},\"image\":{\"@id\":\"https:\/\/www.espai.es\/blog\/2011\/09\/%c2%a1feliz-dia-del-programador\/#primaryimage\"},\"thumbnailUrl\":\"http:\/\/www.espai.es\/blog\/wp-content\/uploads\/2011\/09\/programador2-300x93.png\",\"datePublished\":\"2011-09-13T18:25:22+00:00\",\"dateModified\":\"2013-11-12T10:11:30+00:00\",\"author\":{\"@id\":\"https:\/\/www.espai.es\/blog\/#\/schema\/person\/3a4cffba01003b72404c724168c9adf2\"},\"breadcrumb\":{\"@id\":\"https:\/\/www.espai.es\/blog\/2011\/09\/%c2%a1feliz-dia-del-programador\/#breadcrumb\"},\"inLanguage\":\"es\",\"potentialAction\":[{\"@type\":\"ReadAction\",\"target\":[\"https:\/\/www.espai.es\/blog\/2011\/09\/%c2%a1feliz-dia-del-programador\/\"]}]},{\"@type\":\"ImageObject\",\"inLanguage\":\"es\",\"@id\":\"https:\/\/www.espai.es\/blog\/2011\/09\/%c2%a1feliz-dia-del-programador\/#primaryimage\",\"url\":\"http:\/\/www.espai.es\/blog\/wp-content\/uploads\/2011\/09\/programador2-300x93.png\",\"contentUrl\":\"http:\/\/www.espai.es\/blog\/wp-content\/uploads\/2011\/09\/programador2-300x93.png\"},{\"@type\":\"BreadcrumbList\",\"@id\":\"https:\/\/www.espai.es\/blog\/2011\/09\/%c2%a1feliz-dia-del-programador\/#breadcrumb\",\"itemListElement\":[{\"@type\":\"ListItem\",\"position\":1,\"name\":\"Portada\",\"item\":\"https:\/\/www.espai.es\/blog\/\"},{\"@type\":\"ListItem\",\"position\":2,\"name\":\"\u00a1Feliz d\u00eda del programador!\"}]},{\"@type\":\"WebSite\",\"@id\":\"https:\/\/www.espai.es\/blog\/#website\",\"url\":\"https:\/\/www.espai.es\/blog\/\",\"name\":\"Blog Escola Espai\",\"description\":\"\",\"potentialAction\":[{\"@type\":\"SearchAction\",\"target\":{\"@type\":\"EntryPoint\",\"urlTemplate\":\"https:\/\/www.espai.es\/blog\/?s={search_term_string}\"},\"query-input\":{\"@type\":\"PropertyValueSpecification\",\"valueRequired\":true,\"valueName\":\"search_term_string\"}}],\"inLanguage\":\"es\"},{\"@type\":\"Person\",\"@id\":\"https:\/\/www.espai.es\/blog\/#\/schema\/person\/3a4cffba01003b72404c724168c9adf2\",\"name\":\"Alba\",\"image\":{\"@type\":\"ImageObject\",\"inLanguage\":\"es\",\"@id\":\"https:\/\/www.espai.es\/blog\/#\/schema\/person\/image\/\",\"url\":\"https:\/\/secure.gravatar.com\/avatar\/3bfcc272573c3e28771126be7cb1d2369fb42ca1f32615ecd2b58895e613a38b?s=96&d=mm&r=g\",\"contentUrl\":\"https:\/\/secure.gravatar.com\/avatar\/3bfcc272573c3e28771126be7cb1d2369fb42ca1f32615ecd2b58895e613a38b?s=96&d=mm&r=g\",\"caption\":\"Alba\"},\"sameAs\":[\"http:\/\/www.espai.es\"],\"url\":\"https:\/\/www.espai.es\/blog\/author\/alba\/\"}]}<\/script>\n<!-- \/ Yoast SEO plugin. -->","yoast_head_json":{"title":"\u00a1Feliz d\u00eda del programador! - Blog Escola Espai","robots":{"index":"index","follow":"follow","max-snippet":"max-snippet:-1","max-image-preview":"max-image-preview:large","max-video-preview":"max-video-preview:-1"},"canonical":"https:\/\/www.espai.es\/blog\/2011\/09\/\u00a1feliz-dia-del-programador\/","og_locale":"es_ES","og_type":"article","og_title":"\u00a1Feliz d\u00eda del programador! - Blog Escola Espai","og_description":"&nbsp; Para todos aquellos que se pegan gran parte del d\u00eda sentados montando algoritmos. Para todos aquellos que est\u00e1n constantemente probando frameworks y librer\u00edas nuevas. Para todos aquellos que luchan por conseguir que no aparezcan caracteres raros cuando hay una tilde. &nbsp; \u00a1FELIZ D\u00cdA DEL...","og_url":"https:\/\/www.espai.es\/blog\/2011\/09\/\u00a1feliz-dia-del-programador\/","og_site_name":"Blog Escola Espai","article_published_time":"2011-09-13T18:25:22+00:00","article_modified_time":"2013-11-12T10:11:30+00:00","og_image":[{"width":640,"height":200,"url":"https:\/\/www.espai.es\/blog\/wp-content\/uploads\/2011\/09\/programador2.png","type":"image\/png"}],"author":"Alba","twitter_card":"summary_large_image","twitter_misc":{"Escrito por":"Alba"},"schema":{"@context":"https:\/\/schema.org","@graph":[{"@type":"Article","@id":"https:\/\/www.espai.es\/blog\/2011\/09\/%c2%a1feliz-dia-del-programador\/#article","isPartOf":{"@id":"https:\/\/www.espai.es\/blog\/2011\/09\/%c2%a1feliz-dia-del-programador\/"},"author":{"name":"Alba","@id":"https:\/\/www.espai.es\/blog\/#\/schema\/person\/3a4cffba01003b72404c724168c9adf2"},"headline":"\u00a1Feliz d\u00eda del programador!","datePublished":"2011-09-13T18:25:22+00:00","dateModified":"2013-11-12T10:11:30+00:00","mainEntityOfPage":{"@id":"https:\/\/www.espai.es\/blog\/2011\/09\/%c2%a1feliz-dia-del-programador\/"},"wordCount":55,"image":{"@id":"https:\/\/www.espai.es\/blog\/2011\/09\/%c2%a1feliz-dia-del-programador\/#primaryimage"},"thumbnailUrl":"http:\/\/www.espai.es\/blog\/wp-content\/uploads\/2011\/09\/programador2-300x93.png","inLanguage":"es"},{"@type":"WebPage","@id":"https:\/\/www.espai.es\/blog\/2011\/09\/%c2%a1feliz-dia-del-programador\/","url":"https:\/\/www.espai.es\/blog\/2011\/09\/%c2%a1feliz-dia-del-programador\/","name":"\u00a1Feliz d\u00eda del programador! - Blog Escola Espai","isPartOf":{"@id":"https:\/\/www.espai.es\/blog\/#website"},"primaryImageOfPage":{"@id":"https:\/\/www.espai.es\/blog\/2011\/09\/%c2%a1feliz-dia-del-programador\/#primaryimage"},"image":{"@id":"https:\/\/www.espai.es\/blog\/2011\/09\/%c2%a1feliz-dia-del-programador\/#primaryimage"},"thumbnailUrl":"http:\/\/www.espai.es\/blog\/wp-content\/uploads\/2011\/09\/programador2-300x93.png","datePublished":"2011-09-13T18:25:22+00:00","dateModified":"2013-11-12T10:11:30+00:00","author":{"@id":"https:\/\/www.espai.es\/blog\/#\/schema\/person\/3a4cffba01003b72404c724168c9adf2"},"breadcrumb":{"@id":"https:\/\/www.espai.es\/blog\/2011\/09\/%c2%a1feliz-dia-del-programador\/#breadcrumb"},"inLanguage":"es","potentialAction":[{"@type":"ReadAction","target":["https:\/\/www.espai.es\/blog\/2011\/09\/%c2%a1feliz-dia-del-programador\/"]}]},{"@type":"ImageObject","inLanguage":"es","@id":"https:\/\/www.espai.es\/blog\/2011\/09\/%c2%a1feliz-dia-del-programador\/#primaryimage","url":"http:\/\/www.espai.es\/blog\/wp-content\/uploads\/2011\/09\/programador2-300x93.png","contentUrl":"http:\/\/www.espai.es\/blog\/wp-content\/uploads\/2011\/09\/programador2-300x93.png"},{"@type":"BreadcrumbList","@id":"https:\/\/www.espai.es\/blog\/2011\/09\/%c2%a1feliz-dia-del-programador\/#breadcrumb","itemListElement":[{"@type":"ListItem","position":1,"name":"Portada","item":"https:\/\/www.espai.es\/blog\/"},{"@type":"ListItem","position":2,"name":"\u00a1Feliz d\u00eda del programador!"}]},{"@type":"WebSite","@id":"https:\/\/www.espai.es\/blog\/#website","url":"https:\/\/www.espai.es\/blog\/","name":"Blog Escola Espai","description":"","potentialAction":[{"@type":"SearchAction","target":{"@type":"EntryPoint","urlTemplate":"https:\/\/www.espai.es\/blog\/?s={search_term_string}"},"query-input":{"@type":"PropertyValueSpecification","valueRequired":true,"valueName":"search_term_string"}}],"inLanguage":"es"},{"@type":"Person","@id":"https:\/\/www.espai.es\/blog\/#\/schema\/person\/3a4cffba01003b72404c724168c9adf2","name":"Alba","image":{"@type":"ImageObject","inLanguage":"es","@id":"https:\/\/www.espai.es\/blog\/#\/schema\/person\/image\/","url":"https:\/\/secure.gravatar.com\/avatar\/3bfcc272573c3e28771126be7cb1d2369fb42ca1f32615ecd2b58895e613a38b?s=96&d=mm&r=g","contentUrl":"https:\/\/secure.gravatar.com\/avatar\/3bfcc272573c3e28771126be7cb1d2369fb42ca1f32615ecd2b58895e613a38b?s=96&d=mm&r=g","caption":"Alba"},"sameAs":["http:\/\/www.espai.es"],"url":"https:\/\/www.espai.es\/blog\/author\/alba\/"}]}},"jetpack_featured_media_url":"","jetpack_sharing_enabled":true,"_links":{"self":[{"href":"https:\/\/www.espai.es\/blog\/wp-json\/wp\/v2\/posts\/370","targetHints":{"allow":["GET"]}}],"collection":[{"href":"https:\/\/www.espai.es\/blog\/wp-json\/wp\/v2\/posts"}],"about":[{"href":"https:\/\/www.espai.es\/blog\/wp-json\/wp\/v2\/types\/post"}],"author":[{"embeddable":true,"href":"https:\/\/www.espai.es\/blog\/wp-json\/wp\/v2\/users\/4"}],"replies":[{"embeddable":true,"href":"https:\/\/www.espai.es\/blog\/wp-json\/wp\/v2\/comments?post=370"}],"version-history":[{"count":3,"href":"https:\/\/www.espai.es\/blog\/wp-json\/wp\/v2\/posts\/370\/revisions"}],"predecessor-version":[{"id":1217,"href":"https:\/\/www.espai.es\/blog\/wp-json\/wp\/v2\/posts\/370\/revisions\/1217"}],"wp:attachment":[{"href":"https:\/\/www.espai.es\/blog\/wp-json\/wp\/v2\/media?parent=370"}],"wp:term":[{"taxonomy":"category","embeddable":true,"href":"https:\/\/www.espai.es\/blog\/wp-json\/wp\/v2\/categories?post=370"},{"taxonomy":"post_tag","embeddable":true,"href":"https:\/\/www.espai.es\/blog\/wp-json\/wp\/v2\/tags?post=370"}],"curies":[{"name":"wp","href":"https:\/\/api.w.org\/{rel}","templated":true}]}}