{"id":352,"date":"2011-09-01T12:18:44","date_gmt":"2011-09-01T10:18:44","guid":{"rendered":"http:\/\/www.espai.es\/blog\/?p=352"},"modified":"2013-11-12T12:11:44","modified_gmt":"2013-11-12T10:11:44","slug":"wacom-nos-sorprende-con-un-nuevo-lapiz-digital","status":"publish","type":"post","link":"https:\/\/www.espai.es\/blog\/2011\/09\/wacom-nos-sorprende-con-un-nuevo-lapiz-digital\/","title":{"rendered":"Wacom nos sorprende con un nuevo l\u00e1piz digital"},"content":{"rendered":"<p>Parece que dibujar no volver\u00e1 a ser lo mismo gracias a la empresa Wacom que a partir de octubre de 2011 lanza al mercado un nuevo producto llamado Inkling.<\/p>\n<p>En palabras de la propia empresa: \u00abun nuevo l\u00e1piz digital que captura una imagen digital de tu trabajo al tiempo que realizas bocetos con su punta de bol\u00edgrafo en cualquier bloc u hoja de papel. Dise\u00f1ado para realizar borradores y brainstormings creativos, Inkling rompe la brecha entre los bocetos en papel y el dibujo digital al proporcionar a los usuarios \u2013en el inicio del proceso creativo- un modo de esbozar ideas con tinta real sobre papel y capturar sus conceptos digitalmente para que luego puedan perfeccionar su trabajo en el ordenador. Inkling incluso permite a los usuarios crear capas en el archivo digital al tiempo que dibujan en el papel, para luego trabajar en los siguientes programas creativos de software: Adobe<sup>\u00ae<\/sup> Photoshop<sup>\u00ae<\/sup>, Adobe<sup>\u00ae<\/sup>Illustrator<sup>\u00ae<\/sup> and Autodesk<sup>\u00ae<\/sup> Sketchbook<sup>\u00ae<\/sup> Pro.\u00bb<\/p>\n<p>No os perd\u00e1is este increible video donde presentan el producto.<\/p>\n<p style=\"text-align: center;\">[tube]http:\/\/www.youtube.com\/watch?v=FQQiklzH5WE\u00bb&gt;http:\/\/www.youtube.com\/watch?v=FQQiklzH5WE[\/tube]<\/p>\n<p style=\"text-align: left;\">Puedes encontrar m\u00e1s informaci\u00f3n sobre Inkling en\u00a0<a rel=\"nofollow\" href=\"http:\/\/inkling.wacom.com\/\">http:\/\/inkling.wacom.com<\/a>.<\/p>\n","protected":false},"excerpt":{"rendered":"<p>Parece que dibujar no volver\u00e1 a ser lo mismo gracias a la empresa Wacom que a partir de octubre de 2011 lanza al mercado un nuevo producto llamado Inkling. En palabras de la propia empresa: \u00abun nuevo l\u00e1piz digital que captura una imagen digital de&#8230;<\/p>\n","protected":false},"author":14,"featured_media":0,"comment_status":"closed","ping_status":"open","sticky":false,"template":"","format":"standard","meta":{"_monsterinsights_skip_tracking":false,"_monsterinsights_sitenote_active":false,"_monsterinsights_sitenote_note":"","_monsterinsights_sitenote_category":0,"jetpack_post_was_ever_published":false,"_jetpack_newsletter_access":"","_jetpack_dont_email_post_to_subs":false,"_jetpack_newsletter_tier_id":0,"_jetpack_memberships_contains_paywalled_content":false,"_ef_editorial_meta_date_first-draft-date":"","_ef_editorial_meta_paragraph_assignment":"","_ef_editorial_meta_checkbox_needs-photo":"","_ef_editorial_meta_number_word-count":"","_jetpack_memberships_contains_paid_content":false,"footnotes":""},"categories":[6,75,8],"tags":[96,97,84,95,94],"class_list":["post-352","post","type-post","status-publish","format-standard","hentry","category-animacion-3d","category-diseno-editorial","category-diseno-grafico","tag-dibujo-artistico","tag-dibujo-vectorial","tag-diseno-grafico-2","tag-lapiz-digital","tag-wacom"],"yoast_head":"<!-- This site is optimized with the Yoast SEO plugin v27.1.1 - https:\/\/yoast.com\/product\/yoast-seo-wordpress\/ -->\n<title>Wacom nos sorprende con un nuevo l\u00e1piz digital - Blog Escola Espai<\/title>\n<meta name=\"robots\" content=\"index, follow, max-snippet:-1, max-image-preview:large, max-video-preview:-1\" \/>\n<link rel=\"canonical\" href=\"https:\/\/www.espai.es\/blog\/2011\/09\/wacom-nos-sorprende-con-un-nuevo-lapiz-digital\/\" \/>\n<meta property=\"og:locale\" content=\"es_ES\" \/>\n<meta property=\"og:type\" content=\"article\" \/>\n<meta property=\"og:title\" content=\"Wacom nos sorprende con un nuevo l\u00e1piz digital - Blog Escola Espai\" \/>\n<meta property=\"og:description\" content=\"Parece que dibujar no volver\u00e1 a ser lo mismo gracias a la empresa Wacom que a partir de octubre de 2011 lanza al mercado un nuevo producto llamado Inkling. En palabras de la propia empresa: \u00abun nuevo l\u00e1piz digital que captura una imagen digital de...\" \/>\n<meta property=\"og:url\" content=\"https:\/\/www.espai.es\/blog\/2011\/09\/wacom-nos-sorprende-con-un-nuevo-lapiz-digital\/\" \/>\n<meta property=\"og:site_name\" content=\"Blog Escola Espai\" \/>\n<meta property=\"article:published_time\" content=\"2011-09-01T10:18:44+00:00\" \/>\n<meta property=\"article:modified_time\" content=\"2013-11-12T10:11:44+00:00\" \/>\n<meta name=\"author\" content=\"Sergio Escalona\" \/>\n<meta name=\"twitter:card\" content=\"summary_large_image\" \/>\n<meta name=\"twitter:label1\" content=\"Escrito por\" \/>\n\t<meta name=\"twitter:data1\" content=\"Sergio Escalona\" \/>\n\t<meta name=\"twitter:label2\" content=\"Tiempo de lectura\" \/>\n\t<meta name=\"twitter:data2\" content=\"1 minuto\" \/>\n<script type=\"application\/ld+json\" class=\"yoast-schema-graph\">{\"@context\":\"https:\/\/schema.org\",\"@graph\":[{\"@type\":\"Article\",\"@id\":\"https:\/\/www.espai.es\/blog\/2011\/09\/wacom-nos-sorprende-con-un-nuevo-lapiz-digital\/#article\",\"isPartOf\":{\"@id\":\"https:\/\/www.espai.es\/blog\/2011\/09\/wacom-nos-sorprende-con-un-nuevo-lapiz-digital\/\"},\"author\":{\"name\":\"Sergio Escalona\",\"@id\":\"https:\/\/www.espai.es\/blog\/#\/schema\/person\/75565e074cc7cb38ccad40f0cdf7b1b0\"},\"headline\":\"Wacom nos sorprende con un nuevo l\u00e1piz digital\",\"datePublished\":\"2011-09-01T10:18:44+00:00\",\"dateModified\":\"2013-11-12T10:11:44+00:00\",\"mainEntityOfPage\":{\"@id\":\"https:\/\/www.espai.es\/blog\/2011\/09\/wacom-nos-sorprende-con-un-nuevo-lapiz-digital\/\"},\"wordCount\":211,\"keywords\":[\"dibujo art\u00edstico\",\"dibujo vectorial\",\"dise\u00f1o gr\u00e1fico\",\"l\u00e1piz digital\",\"wacom\"],\"articleSection\":[\"Animaci\u00f3n 3D\",\"Dise\u00f1o Editorial\",\"Dise\u00f1o Gr\u00e1fico\"],\"inLanguage\":\"es\"},{\"@type\":\"WebPage\",\"@id\":\"https:\/\/www.espai.es\/blog\/2011\/09\/wacom-nos-sorprende-con-un-nuevo-lapiz-digital\/\",\"url\":\"https:\/\/www.espai.es\/blog\/2011\/09\/wacom-nos-sorprende-con-un-nuevo-lapiz-digital\/\",\"name\":\"Wacom nos sorprende con un nuevo l\u00e1piz digital - Blog Escola Espai\",\"isPartOf\":{\"@id\":\"https:\/\/www.espai.es\/blog\/#website\"},\"datePublished\":\"2011-09-01T10:18:44+00:00\",\"dateModified\":\"2013-11-12T10:11:44+00:00\",\"author\":{\"@id\":\"https:\/\/www.espai.es\/blog\/#\/schema\/person\/75565e074cc7cb38ccad40f0cdf7b1b0\"},\"breadcrumb\":{\"@id\":\"https:\/\/www.espai.es\/blog\/2011\/09\/wacom-nos-sorprende-con-un-nuevo-lapiz-digital\/#breadcrumb\"},\"inLanguage\":\"es\",\"potentialAction\":[{\"@type\":\"ReadAction\",\"target\":[\"https:\/\/www.espai.es\/blog\/2011\/09\/wacom-nos-sorprende-con-un-nuevo-lapiz-digital\/\"]}]},{\"@type\":\"BreadcrumbList\",\"@id\":\"https:\/\/www.espai.es\/blog\/2011\/09\/wacom-nos-sorprende-con-un-nuevo-lapiz-digital\/#breadcrumb\",\"itemListElement\":[{\"@type\":\"ListItem\",\"position\":1,\"name\":\"Portada\",\"item\":\"https:\/\/www.espai.es\/blog\/\"},{\"@type\":\"ListItem\",\"position\":2,\"name\":\"Wacom nos sorprende con un nuevo l\u00e1piz digital\"}]},{\"@type\":\"WebSite\",\"@id\":\"https:\/\/www.espai.es\/blog\/#website\",\"url\":\"https:\/\/www.espai.es\/blog\/\",\"name\":\"Blog Escola Espai\",\"description\":\"\",\"potentialAction\":[{\"@type\":\"SearchAction\",\"target\":{\"@type\":\"EntryPoint\",\"urlTemplate\":\"https:\/\/www.espai.es\/blog\/?s={search_term_string}\"},\"query-input\":{\"@type\":\"PropertyValueSpecification\",\"valueRequired\":true,\"valueName\":\"search_term_string\"}}],\"inLanguage\":\"es\"},{\"@type\":\"Person\",\"@id\":\"https:\/\/www.espai.es\/blog\/#\/schema\/person\/75565e074cc7cb38ccad40f0cdf7b1b0\",\"name\":\"Sergio Escalona\",\"image\":{\"@type\":\"ImageObject\",\"inLanguage\":\"es\",\"@id\":\"https:\/\/www.espai.es\/blog\/#\/schema\/person\/image\/\",\"url\":\"https:\/\/secure.gravatar.com\/avatar\/3e01ad238bf69e873cfee54048a441219fba6247162087db7d0e8bcffba0260a?s=96&d=mm&r=g\",\"contentUrl\":\"https:\/\/secure.gravatar.com\/avatar\/3e01ad238bf69e873cfee54048a441219fba6247162087db7d0e8bcffba0260a?s=96&d=mm&r=g\",\"caption\":\"Sergio Escalona\"},\"description\":\"Tengo 34 a\u00f1os y vivo en Barcelona. Soy formador\/consultor en temas relacionados con el Marketing online y el an\u00e1lisis web.\",\"sameAs\":[\"http:\/\/www.espai.es\"],\"url\":\"https:\/\/www.espai.es\/blog\/author\/sergio\/\"}]}<\/script>\n<!-- \/ Yoast SEO plugin. -->","yoast_head_json":{"title":"Wacom nos sorprende con un nuevo l\u00e1piz digital - Blog Escola Espai","robots":{"index":"index","follow":"follow","max-snippet":"max-snippet:-1","max-image-preview":"max-image-preview:large","max-video-preview":"max-video-preview:-1"},"canonical":"https:\/\/www.espai.es\/blog\/2011\/09\/wacom-nos-sorprende-con-un-nuevo-lapiz-digital\/","og_locale":"es_ES","og_type":"article","og_title":"Wacom nos sorprende con un nuevo l\u00e1piz digital - Blog Escola Espai","og_description":"Parece que dibujar no volver\u00e1 a ser lo mismo gracias a la empresa Wacom que a partir de octubre de 2011 lanza al mercado un nuevo producto llamado Inkling. En palabras de la propia empresa: \u00abun nuevo l\u00e1piz digital que captura una imagen digital de...","og_url":"https:\/\/www.espai.es\/blog\/2011\/09\/wacom-nos-sorprende-con-un-nuevo-lapiz-digital\/","og_site_name":"Blog Escola Espai","article_published_time":"2011-09-01T10:18:44+00:00","article_modified_time":"2013-11-12T10:11:44+00:00","author":"Sergio Escalona","twitter_card":"summary_large_image","twitter_misc":{"Escrito por":"Sergio Escalona","Tiempo de lectura":"1 minuto"},"schema":{"@context":"https:\/\/schema.org","@graph":[{"@type":"Article","@id":"https:\/\/www.espai.es\/blog\/2011\/09\/wacom-nos-sorprende-con-un-nuevo-lapiz-digital\/#article","isPartOf":{"@id":"https:\/\/www.espai.es\/blog\/2011\/09\/wacom-nos-sorprende-con-un-nuevo-lapiz-digital\/"},"author":{"name":"Sergio Escalona","@id":"https:\/\/www.espai.es\/blog\/#\/schema\/person\/75565e074cc7cb38ccad40f0cdf7b1b0"},"headline":"Wacom nos sorprende con un nuevo l\u00e1piz digital","datePublished":"2011-09-01T10:18:44+00:00","dateModified":"2013-11-12T10:11:44+00:00","mainEntityOfPage":{"@id":"https:\/\/www.espai.es\/blog\/2011\/09\/wacom-nos-sorprende-con-un-nuevo-lapiz-digital\/"},"wordCount":211,"keywords":["dibujo art\u00edstico","dibujo vectorial","dise\u00f1o gr\u00e1fico","l\u00e1piz digital","wacom"],"articleSection":["Animaci\u00f3n 3D","Dise\u00f1o Editorial","Dise\u00f1o Gr\u00e1fico"],"inLanguage":"es"},{"@type":"WebPage","@id":"https:\/\/www.espai.es\/blog\/2011\/09\/wacom-nos-sorprende-con-un-nuevo-lapiz-digital\/","url":"https:\/\/www.espai.es\/blog\/2011\/09\/wacom-nos-sorprende-con-un-nuevo-lapiz-digital\/","name":"Wacom nos sorprende con un nuevo l\u00e1piz digital - Blog Escola Espai","isPartOf":{"@id":"https:\/\/www.espai.es\/blog\/#website"},"datePublished":"2011-09-01T10:18:44+00:00","dateModified":"2013-11-12T10:11:44+00:00","author":{"@id":"https:\/\/www.espai.es\/blog\/#\/schema\/person\/75565e074cc7cb38ccad40f0cdf7b1b0"},"breadcrumb":{"@id":"https:\/\/www.espai.es\/blog\/2011\/09\/wacom-nos-sorprende-con-un-nuevo-lapiz-digital\/#breadcrumb"},"inLanguage":"es","potentialAction":[{"@type":"ReadAction","target":["https:\/\/www.espai.es\/blog\/2011\/09\/wacom-nos-sorprende-con-un-nuevo-lapiz-digital\/"]}]},{"@type":"BreadcrumbList","@id":"https:\/\/www.espai.es\/blog\/2011\/09\/wacom-nos-sorprende-con-un-nuevo-lapiz-digital\/#breadcrumb","itemListElement":[{"@type":"ListItem","position":1,"name":"Portada","item":"https:\/\/www.espai.es\/blog\/"},{"@type":"ListItem","position":2,"name":"Wacom nos sorprende con un nuevo l\u00e1piz digital"}]},{"@type":"WebSite","@id":"https:\/\/www.espai.es\/blog\/#website","url":"https:\/\/www.espai.es\/blog\/","name":"Blog Escola Espai","description":"","potentialAction":[{"@type":"SearchAction","target":{"@type":"EntryPoint","urlTemplate":"https:\/\/www.espai.es\/blog\/?s={search_term_string}"},"query-input":{"@type":"PropertyValueSpecification","valueRequired":true,"valueName":"search_term_string"}}],"inLanguage":"es"},{"@type":"Person","@id":"https:\/\/www.espai.es\/blog\/#\/schema\/person\/75565e074cc7cb38ccad40f0cdf7b1b0","name":"Sergio Escalona","image":{"@type":"ImageObject","inLanguage":"es","@id":"https:\/\/www.espai.es\/blog\/#\/schema\/person\/image\/","url":"https:\/\/secure.gravatar.com\/avatar\/3e01ad238bf69e873cfee54048a441219fba6247162087db7d0e8bcffba0260a?s=96&d=mm&r=g","contentUrl":"https:\/\/secure.gravatar.com\/avatar\/3e01ad238bf69e873cfee54048a441219fba6247162087db7d0e8bcffba0260a?s=96&d=mm&r=g","caption":"Sergio Escalona"},"description":"Tengo 34 a\u00f1os y vivo en Barcelona. Soy formador\/consultor en temas relacionados con el Marketing online y el an\u00e1lisis web.","sameAs":["http:\/\/www.espai.es"],"url":"https:\/\/www.espai.es\/blog\/author\/sergio\/"}]}},"jetpack_featured_media_url":"","jetpack_sharing_enabled":true,"_links":{"self":[{"href":"https:\/\/www.espai.es\/blog\/wp-json\/wp\/v2\/posts\/352","targetHints":{"allow":["GET"]}}],"collection":[{"href":"https:\/\/www.espai.es\/blog\/wp-json\/wp\/v2\/posts"}],"about":[{"href":"https:\/\/www.espai.es\/blog\/wp-json\/wp\/v2\/types\/post"}],"author":[{"embeddable":true,"href":"https:\/\/www.espai.es\/blog\/wp-json\/wp\/v2\/users\/14"}],"replies":[{"embeddable":true,"href":"https:\/\/www.espai.es\/blog\/wp-json\/wp\/v2\/comments?post=352"}],"version-history":[{"count":7,"href":"https:\/\/www.espai.es\/blog\/wp-json\/wp\/v2\/posts\/352\/revisions"}],"predecessor-version":[{"id":1219,"href":"https:\/\/www.espai.es\/blog\/wp-json\/wp\/v2\/posts\/352\/revisions\/1219"}],"wp:attachment":[{"href":"https:\/\/www.espai.es\/blog\/wp-json\/wp\/v2\/media?parent=352"}],"wp:term":[{"taxonomy":"category","embeddable":true,"href":"https:\/\/www.espai.es\/blog\/wp-json\/wp\/v2\/categories?post=352"},{"taxonomy":"post_tag","embeddable":true,"href":"https:\/\/www.espai.es\/blog\/wp-json\/wp\/v2\/tags?post=352"}],"curies":[{"name":"wp","href":"https:\/\/api.w.org\/{rel}","templated":true}]}}