{"id":3481,"date":"2015-04-30T19:38:58","date_gmt":"2015-04-30T18:38:58","guid":{"rendered":"http:\/\/www.espai.es\/blog\/?p=3481"},"modified":"2015-05-01T21:37:45","modified_gmt":"2015-05-01T20:37:45","slug":"adobe-y-las-aplicaciones-moviles","status":"publish","type":"post","link":"https:\/\/www.espai.es\/blog\/2015\/04\/adobe-y-las-aplicaciones-moviles\/","title":{"rendered":"Adobe en el mundo de las Aplicaciones m\u00f3viles (APPS)."},"content":{"rendered":"<p><a href=\"http:\/\/www.espai.es\/blog\/wp-content\/uploads\/2015\/04\/draw-marquee.jpg\"><img loading=\"lazy\" decoding=\"async\" class=\"aligncenter wp-image-3482\" src=\"http:\/\/www.espai.es\/blog\/wp-content\/uploads\/2015\/04\/draw-marquee-300x94.jpg\" alt=\"Aplicaciones m\u00f3viles\" width=\"561\" height=\"176\" srcset=\"https:\/\/www.espai.es\/blog\/wp-content\/uploads\/2015\/04\/draw-marquee-300x94.jpg 300w, https:\/\/www.espai.es\/blog\/wp-content\/uploads\/2015\/04\/draw-marquee-1024x321.jpg 1024w\" sizes=\"auto, (max-width: 561px) 100vw, 561px\" \/><\/a>Seguramente muchos de nosotros, nos hemos hecho en alg\u00fan momento lo pregunta de cu\u00e1ndo se iba a internar Adobe en el mundo de las Aplicaciones m\u00f3viles (APPS)<\/p>\n<p>Recordar\u00e9is que al principio de los tel\u00e9fonos inteligentes, Adobe sac\u00f3 alguna aplicaci\u00f3n tipo Photoshop. muy pero que muy b\u00e1sica, o al menos as\u00ed nos pareci\u00f3 a la mayor\u00eda de los que la descargamos en su d\u00eda, y que no nos acab\u00f3 de convencer (a m\u00ed personalmente me dur\u00f3 dos d\u00edas, ya que \u00a0ten\u00eda otras Aplicaciones m\u00f3viles que me permit\u00edan m\u00e1s opciones de edici\u00f3n y desist\u00ed de intentarlo con ella).<\/p>\n<p>Pero OH sorpresa!!!, con la aparici\u00f3n de la Creative Cloud y una versi\u00f3n muy mejorada de su \u00abPhotoshop\u00bb para m\u00f3viles, me he llevado una gran sorpresa al descubrir trasteando por su p\u00e1gina (obviamente no es lo que estaba buscando), toda una secci\u00f3n enterita de aplicaciones para m\u00f3viles, y para ser fiel a la verdad la gran mayor\u00eda tienen muy buena pinta.<\/p>\n<p>De momento y para ir abriendo boca (dividiremos estas novedades en varios posts) vamos a ver qu\u00e9 es lo que han hecho con el gran olvidado muchas veces en Apps m\u00f3viles, como es el dibujo vectorial o sea Adobe Illustrator.<\/p>\n<p>Dentro de esta linea, nos encontraremos con varias Apps: Adobe Illustrator Draw (iOs)\u00a0y\u00a0Adobe Illustrator Line (iPad). S\u00ed, como pod\u00e9is ver ambas son exclusivas para sistemas de Apple, de momento no se encuentran disponibles para otras plataformas m\u00f3viles.<\/p>\n<p>Lo primero que hay que resaltar es la completa compatibilidad con las aplicaciones tradicionales de ordenador, todo lo que hagamos con ellas se puede pasar y retocar con las aplicaciones de la Creative Cloud, compatibles con los formatos de Illustrator.<\/p>\n<p><a href=\"http:\/\/www.adobe.com\/products\/draw.html\">Adobe Illustrator Draw<\/a>, es m\u00e1s sencilla, dispone de 5 tipos de plumas y un borrador, personalizables. Reglas, formas geom\u00e9tricas y curvas francesas.<\/p>\n<p>Podemos utilizar hasta diez capas de trabajo (controlables) y una de foto por imagen, compatibilidad con Adobe Color CC, y compatibilidad con Behance.<\/p>\n<p>Adem\u00e1s es compatible con l\u00e1pices sensibles a presi\u00f3n.<\/p>\n<p><a href=\"http:\/\/line.adobe.com\/\">Adobe Illustrator Line<\/a>\u00a0es m\u00e1s completo, incluye m\u00e1s herramientas, incluidas opciones de perspectiva e historial.<\/p>\n<p>En los enlaces pod\u00e9is consultar las p\u00e1ginas de Adobe, donde podr\u00e9is acceder a la informaci\u00f3n completa de estas Apps, para aquellos que disfrutan con el dibujo vectorial, ahora pueden convertir sus dispositivos m\u00f3viles en aut\u00e9nticas herramientas para poder desarrollar sus bocetos o iniciar un trabajo desde cualquier parte y luego poder terminarlo en el ordenador, con unas aplicaciones totalmente compatibles y intuitivas.<\/p>\n<p>Nos vemos en los siguientes posts relacionados, un saludo!<\/p>\n","protected":false},"excerpt":{"rendered":"<p>Seguramente muchos de nosotros, nos hemos hecho en alg\u00fan momento lo pregunta de cu\u00e1ndo se iba a internar Adobe en el mundo de las Aplicaciones m\u00f3viles (APPS) Recordar\u00e9is que al principio de los tel\u00e9fonos inteligentes, Adobe sac\u00f3 alguna aplicaci\u00f3n tipo Photoshop. muy pero que muy&#8230;<\/p>\n","protected":false},"author":2,"featured_media":3482,"comment_status":"open","ping_status":"closed","sticky":false,"template":"","format":"standard","meta":{"_monsterinsights_skip_tracking":false,"_monsterinsights_sitenote_active":false,"_monsterinsights_sitenote_note":"","_monsterinsights_sitenote_category":0,"jetpack_post_was_ever_published":false,"_jetpack_newsletter_access":"","_jetpack_dont_email_post_to_subs":false,"_jetpack_newsletter_tier_id":0,"_jetpack_memberships_contains_paywalled_content":false,"_ef_editorial_meta_date_first-draft-date":"","_ef_editorial_meta_paragraph_assignment":"","_ef_editorial_meta_checkbox_needs-photo":"","_ef_editorial_meta_number_word-count":"","_jetpack_memberships_contains_paid_content":false,"footnotes":""},"categories":[8],"tags":[28,178,371,57,373,374,372,99,56],"class_list":["post-3481","post","type-post","status-publish","format-standard","has-post-thumbnail","hentry","category-diseno-grafico","tag-adobe","tag-app","tag-draw","tag-illustrator","tag-ios","tag-ipad","tag-line","tag-movil","tag-vectorial"],"yoast_head":"<!-- This site is optimized with the Yoast SEO plugin v27.1.1 - https:\/\/yoast.com\/product\/yoast-seo-wordpress\/ -->\n<title>Adobe en el mundo de las aplicaciones m\u00f3viles<\/title>\n<meta name=\"description\" content=\"Seguramente muchos de nosotros, nos hemos hecho en alg\u00fan momento lo pregunta de cu\u00e1ndo se iba a internar Adobe en el mundo de las aplicaciones m\u00f3viles.\" \/>\n<meta name=\"robots\" content=\"index, follow, max-snippet:-1, max-image-preview:large, max-video-preview:-1\" \/>\n<link rel=\"canonical\" href=\"https:\/\/www.espai.es\/blog\/2015\/04\/adobe-y-las-aplicaciones-moviles\/\" \/>\n<meta property=\"og:locale\" content=\"es_ES\" \/>\n<meta property=\"og:type\" content=\"article\" \/>\n<meta property=\"og:title\" content=\"Adobe en el mundo de las aplicaciones m\u00f3viles\" \/>\n<meta property=\"og:description\" content=\"Seguramente muchos de nosotros, nos hemos hecho en alg\u00fan momento lo pregunta de cu\u00e1ndo se iba a internar Adobe en el mundo de las aplicaciones m\u00f3viles.\" \/>\n<meta property=\"og:url\" content=\"https:\/\/www.espai.es\/blog\/2015\/04\/adobe-y-las-aplicaciones-moviles\/\" \/>\n<meta property=\"og:site_name\" content=\"Blog Escola Espai\" \/>\n<meta property=\"article:published_time\" content=\"2015-04-30T18:38:58+00:00\" \/>\n<meta property=\"article:modified_time\" content=\"2015-05-01T20:37:45+00:00\" \/>\n<meta property=\"og:image\" content=\"https:\/\/www.espai.es\/blog\/wp-content\/uploads\/2015\/04\/draw-marquee.jpg\" \/>\n\t<meta property=\"og:image:width\" content=\"2840\" \/>\n\t<meta property=\"og:image:height\" content=\"890\" \/>\n\t<meta property=\"og:image:type\" content=\"image\/jpeg\" \/>\n<meta name=\"author\" content=\"Xavier Lara\" \/>\n<meta name=\"twitter:card\" content=\"summary_large_image\" \/>\n<meta name=\"twitter:label1\" content=\"Escrito por\" \/>\n\t<meta name=\"twitter:data1\" content=\"Xavier Lara\" \/>\n\t<meta name=\"twitter:label2\" content=\"Tiempo de lectura\" \/>\n\t<meta name=\"twitter:data2\" content=\"2 minutos\" \/>\n<script type=\"application\/ld+json\" class=\"yoast-schema-graph\">{\"@context\":\"https:\/\/schema.org\",\"@graph\":[{\"@type\":\"Article\",\"@id\":\"https:\/\/www.espai.es\/blog\/2015\/04\/adobe-y-las-aplicaciones-moviles\/#article\",\"isPartOf\":{\"@id\":\"https:\/\/www.espai.es\/blog\/2015\/04\/adobe-y-las-aplicaciones-moviles\/\"},\"author\":{\"name\":\"Xavier Lara\",\"@id\":\"https:\/\/www.espai.es\/blog\/#\/schema\/person\/f4b1b7f2b4d9546814581ba81276ae5f\"},\"headline\":\"Adobe en el mundo de las Aplicaciones m\u00f3viles (APPS).\",\"datePublished\":\"2015-04-30T18:38:58+00:00\",\"dateModified\":\"2015-05-01T20:37:45+00:00\",\"mainEntityOfPage\":{\"@id\":\"https:\/\/www.espai.es\/blog\/2015\/04\/adobe-y-las-aplicaciones-moviles\/\"},\"wordCount\":462,\"commentCount\":0,\"image\":{\"@id\":\"https:\/\/www.espai.es\/blog\/2015\/04\/adobe-y-las-aplicaciones-moviles\/#primaryimage\"},\"thumbnailUrl\":\"https:\/\/www.espai.es\/blog\/wp-content\/uploads\/2015\/04\/draw-marquee.jpg\",\"keywords\":[\"Adobe\",\"app\",\"Draw\",\"Illustrator\",\"iOS\",\"iPad\",\"Line\",\"M\u00f3vil\",\"vectorial\"],\"articleSection\":[\"Dise\u00f1o Gr\u00e1fico\"],\"inLanguage\":\"es\",\"potentialAction\":[{\"@type\":\"CommentAction\",\"name\":\"Comment\",\"target\":[\"https:\/\/www.espai.es\/blog\/2015\/04\/adobe-y-las-aplicaciones-moviles\/#respond\"]}]},{\"@type\":\"WebPage\",\"@id\":\"https:\/\/www.espai.es\/blog\/2015\/04\/adobe-y-las-aplicaciones-moviles\/\",\"url\":\"https:\/\/www.espai.es\/blog\/2015\/04\/adobe-y-las-aplicaciones-moviles\/\",\"name\":\"Adobe en el mundo de las aplicaciones m\u00f3viles\",\"isPartOf\":{\"@id\":\"https:\/\/www.espai.es\/blog\/#website\"},\"primaryImageOfPage\":{\"@id\":\"https:\/\/www.espai.es\/blog\/2015\/04\/adobe-y-las-aplicaciones-moviles\/#primaryimage\"},\"image\":{\"@id\":\"https:\/\/www.espai.es\/blog\/2015\/04\/adobe-y-las-aplicaciones-moviles\/#primaryimage\"},\"thumbnailUrl\":\"https:\/\/www.espai.es\/blog\/wp-content\/uploads\/2015\/04\/draw-marquee.jpg\",\"datePublished\":\"2015-04-30T18:38:58+00:00\",\"dateModified\":\"2015-05-01T20:37:45+00:00\",\"author\":{\"@id\":\"https:\/\/www.espai.es\/blog\/#\/schema\/person\/f4b1b7f2b4d9546814581ba81276ae5f\"},\"description\":\"Seguramente muchos de nosotros, nos hemos hecho en alg\u00fan momento lo pregunta de cu\u00e1ndo se iba a internar Adobe en el mundo de las aplicaciones m\u00f3viles.\",\"breadcrumb\":{\"@id\":\"https:\/\/www.espai.es\/blog\/2015\/04\/adobe-y-las-aplicaciones-moviles\/#breadcrumb\"},\"inLanguage\":\"es\",\"potentialAction\":[{\"@type\":\"ReadAction\",\"target\":[\"https:\/\/www.espai.es\/blog\/2015\/04\/adobe-y-las-aplicaciones-moviles\/\"]}]},{\"@type\":\"ImageObject\",\"inLanguage\":\"es\",\"@id\":\"https:\/\/www.espai.es\/blog\/2015\/04\/adobe-y-las-aplicaciones-moviles\/#primaryimage\",\"url\":\"https:\/\/www.espai.es\/blog\/wp-content\/uploads\/2015\/04\/draw-marquee.jpg\",\"contentUrl\":\"https:\/\/www.espai.es\/blog\/wp-content\/uploads\/2015\/04\/draw-marquee.jpg\",\"width\":2840,\"height\":890},{\"@type\":\"BreadcrumbList\",\"@id\":\"https:\/\/www.espai.es\/blog\/2015\/04\/adobe-y-las-aplicaciones-moviles\/#breadcrumb\",\"itemListElement\":[{\"@type\":\"ListItem\",\"position\":1,\"name\":\"Portada\",\"item\":\"https:\/\/www.espai.es\/blog\/\"},{\"@type\":\"ListItem\",\"position\":2,\"name\":\"Adobe en el mundo de las Aplicaciones m\u00f3viles (APPS).\"}]},{\"@type\":\"WebSite\",\"@id\":\"https:\/\/www.espai.es\/blog\/#website\",\"url\":\"https:\/\/www.espai.es\/blog\/\",\"name\":\"Blog Escola Espai\",\"description\":\"\",\"potentialAction\":[{\"@type\":\"SearchAction\",\"target\":{\"@type\":\"EntryPoint\",\"urlTemplate\":\"https:\/\/www.espai.es\/blog\/?s={search_term_string}\"},\"query-input\":{\"@type\":\"PropertyValueSpecification\",\"valueRequired\":true,\"valueName\":\"search_term_string\"}}],\"inLanguage\":\"es\"},{\"@type\":\"Person\",\"@id\":\"https:\/\/www.espai.es\/blog\/#\/schema\/person\/f4b1b7f2b4d9546814581ba81276ae5f\",\"name\":\"Xavier Lara\",\"image\":{\"@type\":\"ImageObject\",\"inLanguage\":\"es\",\"@id\":\"https:\/\/www.espai.es\/blog\/#\/schema\/person\/image\/\",\"url\":\"https:\/\/secure.gravatar.com\/avatar\/179d65a63022da125628e8d82fe6e32d4f8e1a2c77b044cd10cdee3f70a9d9bc?s=96&d=mm&r=g\",\"contentUrl\":\"https:\/\/secure.gravatar.com\/avatar\/179d65a63022da125628e8d82fe6e32d4f8e1a2c77b044cd10cdee3f70a9d9bc?s=96&d=mm&r=g\",\"caption\":\"Xavier Lara\"},\"sameAs\":[\"http:\/\/www.espai.es\"],\"url\":\"https:\/\/www.espai.es\/blog\/author\/xavier\/\"}]}<\/script>\n<!-- \/ Yoast SEO plugin. -->","yoast_head_json":{"title":"Adobe en el mundo de las aplicaciones m\u00f3viles","description":"Seguramente muchos de nosotros, nos hemos hecho en alg\u00fan momento lo pregunta de cu\u00e1ndo se iba a internar Adobe en el mundo de las aplicaciones m\u00f3viles.","robots":{"index":"index","follow":"follow","max-snippet":"max-snippet:-1","max-image-preview":"max-image-preview:large","max-video-preview":"max-video-preview:-1"},"canonical":"https:\/\/www.espai.es\/blog\/2015\/04\/adobe-y-las-aplicaciones-moviles\/","og_locale":"es_ES","og_type":"article","og_title":"Adobe en el mundo de las aplicaciones m\u00f3viles","og_description":"Seguramente muchos de nosotros, nos hemos hecho en alg\u00fan momento lo pregunta de cu\u00e1ndo se iba a internar Adobe en el mundo de las aplicaciones m\u00f3viles.","og_url":"https:\/\/www.espai.es\/blog\/2015\/04\/adobe-y-las-aplicaciones-moviles\/","og_site_name":"Blog Escola Espai","article_published_time":"2015-04-30T18:38:58+00:00","article_modified_time":"2015-05-01T20:37:45+00:00","og_image":[{"width":2840,"height":890,"url":"https:\/\/www.espai.es\/blog\/wp-content\/uploads\/2015\/04\/draw-marquee.jpg","type":"image\/jpeg"}],"author":"Xavier Lara","twitter_card":"summary_large_image","twitter_misc":{"Escrito por":"Xavier Lara","Tiempo de lectura":"2 minutos"},"schema":{"@context":"https:\/\/schema.org","@graph":[{"@type":"Article","@id":"https:\/\/www.espai.es\/blog\/2015\/04\/adobe-y-las-aplicaciones-moviles\/#article","isPartOf":{"@id":"https:\/\/www.espai.es\/blog\/2015\/04\/adobe-y-las-aplicaciones-moviles\/"},"author":{"name":"Xavier Lara","@id":"https:\/\/www.espai.es\/blog\/#\/schema\/person\/f4b1b7f2b4d9546814581ba81276ae5f"},"headline":"Adobe en el mundo de las Aplicaciones m\u00f3viles (APPS).","datePublished":"2015-04-30T18:38:58+00:00","dateModified":"2015-05-01T20:37:45+00:00","mainEntityOfPage":{"@id":"https:\/\/www.espai.es\/blog\/2015\/04\/adobe-y-las-aplicaciones-moviles\/"},"wordCount":462,"commentCount":0,"image":{"@id":"https:\/\/www.espai.es\/blog\/2015\/04\/adobe-y-las-aplicaciones-moviles\/#primaryimage"},"thumbnailUrl":"https:\/\/www.espai.es\/blog\/wp-content\/uploads\/2015\/04\/draw-marquee.jpg","keywords":["Adobe","app","Draw","Illustrator","iOS","iPad","Line","M\u00f3vil","vectorial"],"articleSection":["Dise\u00f1o Gr\u00e1fico"],"inLanguage":"es","potentialAction":[{"@type":"CommentAction","name":"Comment","target":["https:\/\/www.espai.es\/blog\/2015\/04\/adobe-y-las-aplicaciones-moviles\/#respond"]}]},{"@type":"WebPage","@id":"https:\/\/www.espai.es\/blog\/2015\/04\/adobe-y-las-aplicaciones-moviles\/","url":"https:\/\/www.espai.es\/blog\/2015\/04\/adobe-y-las-aplicaciones-moviles\/","name":"Adobe en el mundo de las aplicaciones m\u00f3viles","isPartOf":{"@id":"https:\/\/www.espai.es\/blog\/#website"},"primaryImageOfPage":{"@id":"https:\/\/www.espai.es\/blog\/2015\/04\/adobe-y-las-aplicaciones-moviles\/#primaryimage"},"image":{"@id":"https:\/\/www.espai.es\/blog\/2015\/04\/adobe-y-las-aplicaciones-moviles\/#primaryimage"},"thumbnailUrl":"https:\/\/www.espai.es\/blog\/wp-content\/uploads\/2015\/04\/draw-marquee.jpg","datePublished":"2015-04-30T18:38:58+00:00","dateModified":"2015-05-01T20:37:45+00:00","author":{"@id":"https:\/\/www.espai.es\/blog\/#\/schema\/person\/f4b1b7f2b4d9546814581ba81276ae5f"},"description":"Seguramente muchos de nosotros, nos hemos hecho en alg\u00fan momento lo pregunta de cu\u00e1ndo se iba a internar Adobe en el mundo de las aplicaciones m\u00f3viles.","breadcrumb":{"@id":"https:\/\/www.espai.es\/blog\/2015\/04\/adobe-y-las-aplicaciones-moviles\/#breadcrumb"},"inLanguage":"es","potentialAction":[{"@type":"ReadAction","target":["https:\/\/www.espai.es\/blog\/2015\/04\/adobe-y-las-aplicaciones-moviles\/"]}]},{"@type":"ImageObject","inLanguage":"es","@id":"https:\/\/www.espai.es\/blog\/2015\/04\/adobe-y-las-aplicaciones-moviles\/#primaryimage","url":"https:\/\/www.espai.es\/blog\/wp-content\/uploads\/2015\/04\/draw-marquee.jpg","contentUrl":"https:\/\/www.espai.es\/blog\/wp-content\/uploads\/2015\/04\/draw-marquee.jpg","width":2840,"height":890},{"@type":"BreadcrumbList","@id":"https:\/\/www.espai.es\/blog\/2015\/04\/adobe-y-las-aplicaciones-moviles\/#breadcrumb","itemListElement":[{"@type":"ListItem","position":1,"name":"Portada","item":"https:\/\/www.espai.es\/blog\/"},{"@type":"ListItem","position":2,"name":"Adobe en el mundo de las Aplicaciones m\u00f3viles (APPS)."}]},{"@type":"WebSite","@id":"https:\/\/www.espai.es\/blog\/#website","url":"https:\/\/www.espai.es\/blog\/","name":"Blog Escola Espai","description":"","potentialAction":[{"@type":"SearchAction","target":{"@type":"EntryPoint","urlTemplate":"https:\/\/www.espai.es\/blog\/?s={search_term_string}"},"query-input":{"@type":"PropertyValueSpecification","valueRequired":true,"valueName":"search_term_string"}}],"inLanguage":"es"},{"@type":"Person","@id":"https:\/\/www.espai.es\/blog\/#\/schema\/person\/f4b1b7f2b4d9546814581ba81276ae5f","name":"Xavier Lara","image":{"@type":"ImageObject","inLanguage":"es","@id":"https:\/\/www.espai.es\/blog\/#\/schema\/person\/image\/","url":"https:\/\/secure.gravatar.com\/avatar\/179d65a63022da125628e8d82fe6e32d4f8e1a2c77b044cd10cdee3f70a9d9bc?s=96&d=mm&r=g","contentUrl":"https:\/\/secure.gravatar.com\/avatar\/179d65a63022da125628e8d82fe6e32d4f8e1a2c77b044cd10cdee3f70a9d9bc?s=96&d=mm&r=g","caption":"Xavier Lara"},"sameAs":["http:\/\/www.espai.es"],"url":"https:\/\/www.espai.es\/blog\/author\/xavier\/"}]}},"jetpack_featured_media_url":"https:\/\/www.espai.es\/blog\/wp-content\/uploads\/2015\/04\/draw-marquee.jpg","jetpack_sharing_enabled":true,"_links":{"self":[{"href":"https:\/\/www.espai.es\/blog\/wp-json\/wp\/v2\/posts\/3481","targetHints":{"allow":["GET"]}}],"collection":[{"href":"https:\/\/www.espai.es\/blog\/wp-json\/wp\/v2\/posts"}],"about":[{"href":"https:\/\/www.espai.es\/blog\/wp-json\/wp\/v2\/types\/post"}],"author":[{"embeddable":true,"href":"https:\/\/www.espai.es\/blog\/wp-json\/wp\/v2\/users\/2"}],"replies":[{"embeddable":true,"href":"https:\/\/www.espai.es\/blog\/wp-json\/wp\/v2\/comments?post=3481"}],"version-history":[{"count":7,"href":"https:\/\/www.espai.es\/blog\/wp-json\/wp\/v2\/posts\/3481\/revisions"}],"predecessor-version":[{"id":3489,"href":"https:\/\/www.espai.es\/blog\/wp-json\/wp\/v2\/posts\/3481\/revisions\/3489"}],"wp:featuredmedia":[{"embeddable":true,"href":"https:\/\/www.espai.es\/blog\/wp-json\/wp\/v2\/media\/3482"}],"wp:attachment":[{"href":"https:\/\/www.espai.es\/blog\/wp-json\/wp\/v2\/media?parent=3481"}],"wp:term":[{"taxonomy":"category","embeddable":true,"href":"https:\/\/www.espai.es\/blog\/wp-json\/wp\/v2\/categories?post=3481"},{"taxonomy":"post_tag","embeddable":true,"href":"https:\/\/www.espai.es\/blog\/wp-json\/wp\/v2\/tags?post=3481"}],"curies":[{"name":"wp","href":"https:\/\/api.w.org\/{rel}","templated":true}]}}