{"id":3370,"date":"2015-04-27T13:17:36","date_gmt":"2015-04-27T12:17:36","guid":{"rendered":"http:\/\/www.espai.es\/blog\/?p=3370"},"modified":"2015-04-28T13:17:32","modified_gmt":"2015-04-28T12:17:32","slug":"novedades-final-cut-pro-x","status":"publish","type":"post","link":"https:\/\/www.espai.es\/blog\/2015\/04\/novedades-final-cut-pro-x\/","title":{"rendered":"Novedades de Final Cut Pro X y Adobe Premiere Pro"},"content":{"rendered":"<p class=\"p1\">Hola a tod@s,<\/p>\n<p class=\"p1\">En este post vamos a ver las <strong>novedades de Final Cut Pro X<\/strong> y <strong>Adobe Premiere Pro<\/strong> presentadas en la convenci\u00f3n anual de la National Association of Broadcasters que se ha celebrado en las Vegas.<\/p>\n<p class=\"p1\">Del 11 al 16 de este mes se ha celebrado en las Vegas la convenci\u00f3n anual de la <strong><em>National Association of Broadcasters<\/em><\/strong>, m\u00e1s conocida como <a title=\"NAB Show\" href=\"http:\/\/www.nabshow.com\/\" target=\"_blank\">NAB Show<\/a>. Como de costumbre, las grandes compa\u00f1\u00edas del sector audiovisual utilizan\u00a0este evento para anunciar las novedades de sus productos, y este es el caso de las dos aplicaciones que nos ocupan en este post: <em>Adobe Premiere Pro<\/em> y <em>Final Cut Pro X<\/em> de <em>Apple<\/em>. As\u00ed que aprovechando que el Pisuerga pasa por Valladolid, me servir\u00e9 de esta coyuntura para hacer una r\u00e1pida y sucinta comparativa de ambos en base a sus actualizaciones.<\/p>\n<p class=\"p1\"><em>Final Cut Pro X<\/em>\u00a0ya ha hecho p\u00fablica la nueva versi\u00f3n, la 10.2, cuyas novedades m\u00e1s destacadas son:<\/p>\n<ul class=\"ul1\">\n<li class=\"li1\">Mejoras en la gesti\u00f3n y organizaci\u00f3n de los clips y de los efectos.<\/li>\n<li>Mejoras en la correcci\u00f3n de luz y color.<\/li>\n<li class=\"li1\">Creaci\u00f3n de manera muy sencilla de <strong>t\u00edtulos en 3D<\/strong>.<\/li>\n<li class=\"li1\">Nueva <strong><em>M\u00e1scara de dibujo<\/em><\/strong>, mediante la cual se puede dibujar una forma vectorial todo lo compleja que se quiera (mediante puntos de\u00a0<a href=\"https:\/\/youtu.be\/Nvt8YJ1u7wo\" target=\"_blank\"><em>B\u00e9zier<\/em><\/a> o de\u00a0<a href=\"https:\/\/youtu.be\/rDvjfF716_Q?t=13s\" target=\"_blank\"><em>B-splines<\/em><\/a>) para adecuarnos a la forma de alguno de los elementos del plano que se quiera aislar.<\/li>\n<li class=\"li1\">Por otra parte, todos los efectos vienen por defecto con la posibilidad de crear una m\u00e1scara, as\u00ed se puede limitar el efecto a una zona de la imagen (como por ejemplo: poner un determinado personaje en blanco y negro y dejar el resto del plano en color). Se puede seleccionar la zona de la imagen sobre la que afectar\u00e1 el efecto mediante formas geom\u00e9tricas (rect\u00e1ngulos y \u00f3valos) y\/o seleccionando el color de un determinado \u00e1rea de la imagen.<\/li>\n<\/ul>\n<p>En <a href=\"https:\/\/help.apple.com\/finalcutpro\/mac\/10.2\/?lang=es#\/verc74347062\" target=\"_blank\">este enlace<\/a> ten\u00e9is todas las novedades, as\u00ed como tambi\u00e9n en el siguiente\u00a0v\u00eddeo\u00a0(lo comentado arriba comienza en el minuto 3):[youtube]https:\/\/www.youtube.com\/watch?v=HgyEOBBH0R0[\/youtube]<\/p>\n<p>&nbsp;<\/p>\n<p><em>Adobe Premiere Pro<\/em> no ha sacado producto todav\u00eda, s\u00f3lo ha avanzado las nuevas caracter\u00edsticas que ofrecer\u00e1 la versi\u00f3n CC 2015:<\/p>\n<ul class=\"ul1\">\n<li class=\"li1\">Mejoras en la correcci\u00f3n de luz y color.<\/li>\n<li class=\"li1\">Mejoras en el trabajo colaborativo en internet v\u00eda <em>Adobe Cloud<\/em>.<\/li>\n<li class=\"li1\">Nueva transici\u00f3n <strong><em>Morph Cut<\/em><\/strong>, una transici\u00f3n pensada para que no se noten los cortes sobre un mismo plano. Esta transici\u00f3n es muy \u00fatil cuando (por ejemplo) se tiene a un entrevistado que para decir una frase duda bastante y hace muchas pausas. Si se deja la respuesta tal cual se hace lento y aburrido de escuchar, pero no estar\u00eda bien eliminar las pausas, pues habr\u00eda\u00a0saltos de imagen de una palabra a otra y el espectador pensar\u00eda que se est\u00e1 manipulando lo que realmente dijo el entrevistado. Esta transici\u00f3n hace que no se noten los cambios en la gestualidad del entrevistado, y que parezca que dijo su respuesta del tir\u00f3n. Aqu\u00ed pod\u00e9is ver esta caracter\u00edstica en acci\u00f3n.[youtube]https:\/\/www.youtube.com\/watch?v=J6wPUtKg-Ac[\/youtube]<\/li>\n<\/ul>\n<ul class=\"ul1\">\n<li class=\"li1\"><strong><em>Time Turner<\/em><\/strong>, una opci\u00f3n de exportaci\u00f3n de <em>Adobe Media Encoder<\/em>, que permite reducir o aumentar la duraci\u00f3n final del v\u00eddeo, esto est\u00e1 pensado sobre todo para que se adec\u00fae a la duraci\u00f3n de nuestro trabajo, con la duraci\u00f3n que demanda el cliente o entidad que nos lo pide.[youtube]https:\/\/www.youtube.com\/watch?v=-S38SVfGvOI&amp;feature[\/youtube]<\/li>\n<\/ul>\n<ul class=\"ul1\">\n<li class=\"li1\">Y la aparici\u00f3n en escena de una nueva aplicaci\u00f3n: <em><strong>Adobe Character Animation<\/strong><\/em>, para crear sencillos dibujos animados.[youtube]https:\/\/www.youtube.com\/watch?v=lmPo0_WZyPU[\/youtube]<\/li>\n<\/ul>\n<p>&nbsp;<\/p>\n<p class=\"p1\">Si s\u00f3lo atendemos a este breve resumen, las novedades de uno y otro son bastante dispares. Si se han tocado un poco ambos programas, vemos que uno va a la zaga del otro, concretamente <em>Final Cut<\/em> es el que est\u00e1 siguiendo a <em>Premiere<\/em>. Que cada efecto lleve incorporada la posibilidad de crear m\u00e1scaras\u00a0para limitar sus estragos a una zona de la imagen, es algo que ya tiene <em>Premiere<\/em> desde que sali\u00f3 la la presente versi\u00f3n (la CC 2014). Estas m\u00e1scaras de efectos pueden ser rectangulares, ovaladas o de forma libre; se podr\u00eda decir que <em>Final Cut<\/em> sustituye \u00e9ste \u00faltimo tipo de m\u00e1scaras (que las plantea como algo aparte, pero no dentro de los efectos) por la selecci\u00f3n de color. Ahora bien, lo que resulta m\u00e1s interesante\u00a0de\u00a0las m\u00e1scaras de efectos de <em>Premiere<\/em>\u00a0es que incluyen un <a href=\"https:\/\/www.youtube.com\/watch?v=D754tLf2vTo\" target=\"_blank\"><em>Tracker<\/em><\/a>, que es un algoritmo que rastrea el elemento de la imagen sobre el que est\u00e1 colocado la m\u00e1scara, para que la m\u00e1scara siga siempre encima de ese elemento si \u00e9ste se mueve en el plano (como el ejemplo del enlace: las diferentes fotograf\u00edas siguen el movimiento del papel que sostiene la mano); sin un <em>Tracker<\/em>\u00a0hay que reubicar la posici\u00f3n de la m\u00e1scara manualmente a cada frame. Eso <em>Final Cut<\/em> todav\u00eda no lo incorpora.<\/p>\n<p class=\"p1\">Los t\u00edtulos 3D son geniales ya que est\u00e1n muy preparados y muy pre-establecidos para que sin apenas esfuerzo, poder conseguir<span class=\"Apple-converted-space\">\u00a0 <\/span>un resultado que otrora se hubiera obtenido recurriendo a otros programas como <em>After Effects<\/em> o <em>Motion<\/em> (por no hablar de aplicaciones\u00a0espec\u00edficas de 3D). Aqu\u00ed\u00a0<em>Apple<\/em>\u00a0sigue con su filosof\u00eda de democratizar procesos complejos para que sean accesibles a todo el mundo. Esta vez el tanto es a favor de <em>Final Cut<\/em>.<\/p>\n<p class=\"p1\">Pero me parece mucho m\u00e1s interesante, necesaria y hasta innovadora la transici\u00f3n <em>Morph Cut<\/em>, pues a pocas entrevistas, reportajes, incluso piezas de ficci\u00f3n, que se haya editado, es algo de suma utilidad y que se echaba en falta: poder eliminar el momento en que un entrevistado o un actor se traba y que el plano quede perfectamente continuo.<\/p>\n<p class=\"p1\">Tambi\u00e9n resultan muy llamativas las otras novedades de <em>Adobe<\/em>, como <em>Adobe Character Animation<\/em>, que se a\u00f1ade a la familia de programas que esta compa\u00f1\u00eda\u00a0ya tiene para hacer animaciones 2D (<em>Flash<\/em>, <em>Edge Animate<\/em> y el mism\u00edsmo <em>After Effects<\/em>); y la opci\u00f3n <em>Time Turner<\/em>\u00a0 (para cuando se exporta con<em> Adobe Media Encoder)<\/em>, aunque personalmente prefiero ser yo qui\u00e9n quite y ponga material para lograr determinada duraci\u00f3n.<\/p>\n<p class=\"p1\">Hasta ahora, y en l\u00edneas generales, las carencias de un programa las suplen los <a href=\"http:\/\/es.wikipedia.org\/wiki\/Complemento_%28inform%C3%A1tica%29\" target=\"_blank\"><em>Plug-ins<\/em><\/a> de terceros. Antes de que vea la luz la suite CC 2015 de <em>Adobe<\/em>, ya se pueden crear transiciones por <em>Morphing<\/em>\u00a0tanto en <em>Premiere<\/em> como en <em>Final Cut,<\/em> gracias (por ejemplo) a <a href=\"http:\/\/www.borisfx.com\/units\/Warp.php\" target=\"_blank\">un plug-in de la casa Boris<\/a>. Uno de los puntos d\u00e9biles de <em>Premiere<\/em> es su tituladora, que tiene opciones de animaci\u00f3n muy limitadas, y por eso\u00a0hay un gran mercado de\u00a0<em>Plug-ins<\/em>. Pero <em>Adobe<\/em> fomenta mucho el intercambio y comunicaci\u00f3n entre sus programas, y entiende que cuando se necesitan aplicar <em>Motion Graphics<\/em> de enjundia, m\u00e1s que acudir a un <em>Plug-in<\/em>, el usuario trabajar\u00e1 con\u00a0<em>After Effects.<\/em>\u00a0Es m\u00e1s, puede que tengan en mente un entorno colaborativo donde cada individuo se dedica a una tarea espec\u00edfica (unos editan mientras otros hacen los\u00a0efectos), de ah\u00ed que sigan lanzando m\u00e1s programas especializados como el <em>Adobe Character Animation<\/em>.<\/p>\n<p class=\"p1\">Por su parte, parece que <em>Apple<\/em> apuesta\u00a0por ofrecer un editor de video muy potente para aficionados \u00abavanzados\u00bb (que les saben a poco\u00a0las aplicaciones de edici\u00f3n m\u00e1s b\u00e1sicas), y sobretodo para el sector semi-profesional, donde un esforzado\u00a0aut\u00f3nomo debe\u00a0actuar como\u00a0hombre-orquesta, siendo\u00a0\u00e9l mismo quien realiza las tareas\u00a0de c\u00e1mara, de montaje, de generaci\u00f3n de efectos y <em>Motion Graphics<\/em>, y de mezcla sonora. Por eso ofrece un editor muy sencillo e intuitivo de manejar, y con la mayor\u00eda de los efectos ya preparados; donde s\u00f3lo hay que tocar dos o tres par\u00e1metros para adecuarlos al prop\u00f3sito que requiere cada v\u00eddeo. En el caso de <em>Final Cut<\/em>, si que han surgido gran cantidad de <em>Plug-ins<\/em> para realizar todo tipo de tareas y efectos sin necesidad de abrir otro programa.<\/p>\n<p class=\"p1\">Pues esto es todo por esta vez. \u00a1Hasta la pr\u00f3xima!<\/p>\n","protected":false},"excerpt":{"rendered":"<p>Hola a tod@s, En este post vamos a ver las novedades de Final Cut Pro X y Adobe Premiere Pro presentadas en la convenci\u00f3n anual de la National Association of Broadcasters que se ha celebrado en las Vegas. Del 11 al 16 de este mes&#8230;<\/p>\n","protected":false},"author":17,"featured_media":3407,"comment_status":"open","ping_status":"closed","sticky":false,"template":"","format":"standard","meta":{"_monsterinsights_skip_tracking":false,"_monsterinsights_sitenote_active":false,"_monsterinsights_sitenote_note":"","_monsterinsights_sitenote_category":0,"jetpack_post_was_ever_published":false,"_jetpack_newsletter_access":"","_jetpack_dont_email_post_to_subs":false,"_jetpack_newsletter_tier_id":0,"_jetpack_memberships_contains_paywalled_content":false,"_ef_editorial_meta_date_first-draft-date":"","_ef_editorial_meta_paragraph_assignment":"","_ef_editorial_meta_checkbox_needs-photo":"","_ef_editorial_meta_number_word-count":"","_jetpack_memberships_contains_paid_content":false,"footnotes":""},"categories":[77,218,1],"tags":[368,528,207,369,370],"class_list":["post-3370","post","type-post","status-publish","format-standard","has-post-thumbnail","hentry","category-edicion-de-video-y-postproduccion","category-escola-espai","category-sin-categoria","tag-adobe-premiere-pro","tag-escola-espai","tag-escuela-espai","tag-final-cut-pro-x","tag-novedades"],"yoast_head":"<!-- This site is optimized with the Yoast SEO plugin v27.1.1 - https:\/\/yoast.com\/product\/yoast-seo-wordpress\/ -->\n<title>Novedades Final Cut Pro X y Adobe Premiere<\/title>\n<meta name=\"description\" content=\"En este post vamos a ver las novedades de Final Cut Pro X y Adobe Premiere Pro presentadas en la convenci\u00f3n anual de la National Association of Broadcasters que se ha celebrado en las Vegas.\" \/>\n<meta name=\"robots\" content=\"index, follow, max-snippet:-1, max-image-preview:large, max-video-preview:-1\" \/>\n<link rel=\"canonical\" href=\"https:\/\/www.espai.es\/blog\/2015\/04\/novedades-final-cut-pro-x\/\" \/>\n<meta property=\"og:locale\" content=\"es_ES\" \/>\n<meta property=\"og:type\" content=\"article\" \/>\n<meta property=\"og:title\" content=\"Novedades Final Cut Pro X y Adobe Premiere\" \/>\n<meta property=\"og:description\" content=\"En este post vamos a ver las novedades de Final Cut Pro X y Adobe Premiere Pro presentadas en la convenci\u00f3n anual de la National Association of Broadcasters que se ha celebrado en las Vegas.\" \/>\n<meta property=\"og:url\" content=\"https:\/\/www.espai.es\/blog\/2015\/04\/novedades-final-cut-pro-x\/\" \/>\n<meta property=\"og:site_name\" content=\"Blog Escola Espai\" \/>\n<meta property=\"article:published_time\" content=\"2015-04-27T12:17:36+00:00\" \/>\n<meta property=\"article:modified_time\" content=\"2015-04-28T12:17:32+00:00\" \/>\n<meta property=\"og:image\" content=\"https:\/\/www.espai.es\/blog\/wp-content\/uploads\/2015\/04\/FCPX_Premiere.jpg\" \/>\n\t<meta property=\"og:image:width\" content=\"500\" \/>\n\t<meta property=\"og:image:height\" content=\"480\" \/>\n\t<meta property=\"og:image:type\" content=\"image\/jpeg\" \/>\n<meta name=\"author\" content=\"David S\u00e1nchez\" \/>\n<meta name=\"twitter:card\" content=\"summary_large_image\" \/>\n<meta name=\"twitter:label1\" content=\"Escrito por\" \/>\n\t<meta name=\"twitter:data1\" content=\"David S\u00e1nchez\" \/>\n\t<meta name=\"twitter:label2\" content=\"Tiempo de lectura\" \/>\n\t<meta name=\"twitter:data2\" content=\"7 minutos\" \/>\n<script type=\"application\/ld+json\" class=\"yoast-schema-graph\">{\"@context\":\"https:\/\/schema.org\",\"@graph\":[{\"@type\":\"Article\",\"@id\":\"https:\/\/www.espai.es\/blog\/2015\/04\/novedades-final-cut-pro-x\/#article\",\"isPartOf\":{\"@id\":\"https:\/\/www.espai.es\/blog\/2015\/04\/novedades-final-cut-pro-x\/\"},\"author\":{\"name\":\"David S\u00e1nchez\",\"@id\":\"https:\/\/www.espai.es\/blog\/#\/schema\/person\/68bce54bebac5efb40918f2f71822d27\"},\"headline\":\"Novedades de Final Cut Pro X y Adobe Premiere Pro\",\"datePublished\":\"2015-04-27T12:17:36+00:00\",\"dateModified\":\"2015-04-28T12:17:32+00:00\",\"mainEntityOfPage\":{\"@id\":\"https:\/\/www.espai.es\/blog\/2015\/04\/novedades-final-cut-pro-x\/\"},\"wordCount\":1392,\"commentCount\":5,\"image\":{\"@id\":\"https:\/\/www.espai.es\/blog\/2015\/04\/novedades-final-cut-pro-x\/#primaryimage\"},\"thumbnailUrl\":\"https:\/\/www.espai.es\/blog\/wp-content\/uploads\/2015\/04\/FCPX_Premiere.jpg\",\"keywords\":[\"Adobe Premiere Pro\",\"Escola Espai\",\"escuela espai\",\"Final Cut Pro X\",\"novedades\"],\"articleSection\":[\"Edici\u00f3n de Video y Postproducci\u00f3n\",\"Escola Espai\"],\"inLanguage\":\"es\",\"potentialAction\":[{\"@type\":\"CommentAction\",\"name\":\"Comment\",\"target\":[\"https:\/\/www.espai.es\/blog\/2015\/04\/novedades-final-cut-pro-x\/#respond\"]}]},{\"@type\":\"WebPage\",\"@id\":\"https:\/\/www.espai.es\/blog\/2015\/04\/novedades-final-cut-pro-x\/\",\"url\":\"https:\/\/www.espai.es\/blog\/2015\/04\/novedades-final-cut-pro-x\/\",\"name\":\"Novedades Final Cut Pro X y Adobe Premiere\",\"isPartOf\":{\"@id\":\"https:\/\/www.espai.es\/blog\/#website\"},\"primaryImageOfPage\":{\"@id\":\"https:\/\/www.espai.es\/blog\/2015\/04\/novedades-final-cut-pro-x\/#primaryimage\"},\"image\":{\"@id\":\"https:\/\/www.espai.es\/blog\/2015\/04\/novedades-final-cut-pro-x\/#primaryimage\"},\"thumbnailUrl\":\"https:\/\/www.espai.es\/blog\/wp-content\/uploads\/2015\/04\/FCPX_Premiere.jpg\",\"datePublished\":\"2015-04-27T12:17:36+00:00\",\"dateModified\":\"2015-04-28T12:17:32+00:00\",\"author\":{\"@id\":\"https:\/\/www.espai.es\/blog\/#\/schema\/person\/68bce54bebac5efb40918f2f71822d27\"},\"description\":\"En este post vamos a ver las novedades de Final Cut Pro X y Adobe Premiere Pro presentadas en la convenci\u00f3n anual de la National Association of Broadcasters que se ha celebrado en las Vegas.\",\"breadcrumb\":{\"@id\":\"https:\/\/www.espai.es\/blog\/2015\/04\/novedades-final-cut-pro-x\/#breadcrumb\"},\"inLanguage\":\"es\",\"potentialAction\":[{\"@type\":\"ReadAction\",\"target\":[\"https:\/\/www.espai.es\/blog\/2015\/04\/novedades-final-cut-pro-x\/\"]}]},{\"@type\":\"ImageObject\",\"inLanguage\":\"es\",\"@id\":\"https:\/\/www.espai.es\/blog\/2015\/04\/novedades-final-cut-pro-x\/#primaryimage\",\"url\":\"https:\/\/www.espai.es\/blog\/wp-content\/uploads\/2015\/04\/FCPX_Premiere.jpg\",\"contentUrl\":\"https:\/\/www.espai.es\/blog\/wp-content\/uploads\/2015\/04\/FCPX_Premiere.jpg\",\"width\":500,\"height\":480},{\"@type\":\"BreadcrumbList\",\"@id\":\"https:\/\/www.espai.es\/blog\/2015\/04\/novedades-final-cut-pro-x\/#breadcrumb\",\"itemListElement\":[{\"@type\":\"ListItem\",\"position\":1,\"name\":\"Portada\",\"item\":\"https:\/\/www.espai.es\/blog\/\"},{\"@type\":\"ListItem\",\"position\":2,\"name\":\"Novedades de Final Cut Pro X y Adobe Premiere Pro\"}]},{\"@type\":\"WebSite\",\"@id\":\"https:\/\/www.espai.es\/blog\/#website\",\"url\":\"https:\/\/www.espai.es\/blog\/\",\"name\":\"Blog Escola Espai\",\"description\":\"\",\"potentialAction\":[{\"@type\":\"SearchAction\",\"target\":{\"@type\":\"EntryPoint\",\"urlTemplate\":\"https:\/\/www.espai.es\/blog\/?s={search_term_string}\"},\"query-input\":{\"@type\":\"PropertyValueSpecification\",\"valueRequired\":true,\"valueName\":\"search_term_string\"}}],\"inLanguage\":\"es\"},{\"@type\":\"Person\",\"@id\":\"https:\/\/www.espai.es\/blog\/#\/schema\/person\/68bce54bebac5efb40918f2f71822d27\",\"name\":\"David S\u00e1nchez\",\"image\":{\"@type\":\"ImageObject\",\"inLanguage\":\"es\",\"@id\":\"https:\/\/www.espai.es\/blog\/#\/schema\/person\/image\/\",\"url\":\"https:\/\/secure.gravatar.com\/avatar\/496fe00098e4153114211ffa48f7c54a3900194ee90e49152ee5e4b276384c31?s=96&d=mm&r=g\",\"contentUrl\":\"https:\/\/secure.gravatar.com\/avatar\/496fe00098e4153114211ffa48f7c54a3900194ee90e49152ee5e4b276384c31?s=96&d=mm&r=g\",\"caption\":\"David S\u00e1nchez\"},\"url\":\"https:\/\/www.espai.es\/blog\/author\/d-sanchez\/\"}]}<\/script>\n<!-- \/ Yoast SEO plugin. -->","yoast_head_json":{"title":"Novedades Final Cut Pro X y Adobe Premiere","description":"En este post vamos a ver las novedades de Final Cut Pro X y Adobe Premiere Pro presentadas en la convenci\u00f3n anual de la National Association of Broadcasters que se ha celebrado en las Vegas.","robots":{"index":"index","follow":"follow","max-snippet":"max-snippet:-1","max-image-preview":"max-image-preview:large","max-video-preview":"max-video-preview:-1"},"canonical":"https:\/\/www.espai.es\/blog\/2015\/04\/novedades-final-cut-pro-x\/","og_locale":"es_ES","og_type":"article","og_title":"Novedades Final Cut Pro X y Adobe Premiere","og_description":"En este post vamos a ver las novedades de Final Cut Pro X y Adobe Premiere Pro presentadas en la convenci\u00f3n anual de la National Association of Broadcasters que se ha celebrado en las Vegas.","og_url":"https:\/\/www.espai.es\/blog\/2015\/04\/novedades-final-cut-pro-x\/","og_site_name":"Blog Escola Espai","article_published_time":"2015-04-27T12:17:36+00:00","article_modified_time":"2015-04-28T12:17:32+00:00","og_image":[{"width":500,"height":480,"url":"https:\/\/www.espai.es\/blog\/wp-content\/uploads\/2015\/04\/FCPX_Premiere.jpg","type":"image\/jpeg"}],"author":"David S\u00e1nchez","twitter_card":"summary_large_image","twitter_misc":{"Escrito por":"David S\u00e1nchez","Tiempo de lectura":"7 minutos"},"schema":{"@context":"https:\/\/schema.org","@graph":[{"@type":"Article","@id":"https:\/\/www.espai.es\/blog\/2015\/04\/novedades-final-cut-pro-x\/#article","isPartOf":{"@id":"https:\/\/www.espai.es\/blog\/2015\/04\/novedades-final-cut-pro-x\/"},"author":{"name":"David S\u00e1nchez","@id":"https:\/\/www.espai.es\/blog\/#\/schema\/person\/68bce54bebac5efb40918f2f71822d27"},"headline":"Novedades de Final Cut Pro X y Adobe Premiere Pro","datePublished":"2015-04-27T12:17:36+00:00","dateModified":"2015-04-28T12:17:32+00:00","mainEntityOfPage":{"@id":"https:\/\/www.espai.es\/blog\/2015\/04\/novedades-final-cut-pro-x\/"},"wordCount":1392,"commentCount":5,"image":{"@id":"https:\/\/www.espai.es\/blog\/2015\/04\/novedades-final-cut-pro-x\/#primaryimage"},"thumbnailUrl":"https:\/\/www.espai.es\/blog\/wp-content\/uploads\/2015\/04\/FCPX_Premiere.jpg","keywords":["Adobe Premiere Pro","Escola Espai","escuela espai","Final Cut Pro X","novedades"],"articleSection":["Edici\u00f3n de Video y Postproducci\u00f3n","Escola Espai"],"inLanguage":"es","potentialAction":[{"@type":"CommentAction","name":"Comment","target":["https:\/\/www.espai.es\/blog\/2015\/04\/novedades-final-cut-pro-x\/#respond"]}]},{"@type":"WebPage","@id":"https:\/\/www.espai.es\/blog\/2015\/04\/novedades-final-cut-pro-x\/","url":"https:\/\/www.espai.es\/blog\/2015\/04\/novedades-final-cut-pro-x\/","name":"Novedades Final Cut Pro X y Adobe Premiere","isPartOf":{"@id":"https:\/\/www.espai.es\/blog\/#website"},"primaryImageOfPage":{"@id":"https:\/\/www.espai.es\/blog\/2015\/04\/novedades-final-cut-pro-x\/#primaryimage"},"image":{"@id":"https:\/\/www.espai.es\/blog\/2015\/04\/novedades-final-cut-pro-x\/#primaryimage"},"thumbnailUrl":"https:\/\/www.espai.es\/blog\/wp-content\/uploads\/2015\/04\/FCPX_Premiere.jpg","datePublished":"2015-04-27T12:17:36+00:00","dateModified":"2015-04-28T12:17:32+00:00","author":{"@id":"https:\/\/www.espai.es\/blog\/#\/schema\/person\/68bce54bebac5efb40918f2f71822d27"},"description":"En este post vamos a ver las novedades de Final Cut Pro X y Adobe Premiere Pro presentadas en la convenci\u00f3n anual de la National Association of Broadcasters que se ha celebrado en las Vegas.","breadcrumb":{"@id":"https:\/\/www.espai.es\/blog\/2015\/04\/novedades-final-cut-pro-x\/#breadcrumb"},"inLanguage":"es","potentialAction":[{"@type":"ReadAction","target":["https:\/\/www.espai.es\/blog\/2015\/04\/novedades-final-cut-pro-x\/"]}]},{"@type":"ImageObject","inLanguage":"es","@id":"https:\/\/www.espai.es\/blog\/2015\/04\/novedades-final-cut-pro-x\/#primaryimage","url":"https:\/\/www.espai.es\/blog\/wp-content\/uploads\/2015\/04\/FCPX_Premiere.jpg","contentUrl":"https:\/\/www.espai.es\/blog\/wp-content\/uploads\/2015\/04\/FCPX_Premiere.jpg","width":500,"height":480},{"@type":"BreadcrumbList","@id":"https:\/\/www.espai.es\/blog\/2015\/04\/novedades-final-cut-pro-x\/#breadcrumb","itemListElement":[{"@type":"ListItem","position":1,"name":"Portada","item":"https:\/\/www.espai.es\/blog\/"},{"@type":"ListItem","position":2,"name":"Novedades de Final Cut Pro X y Adobe Premiere Pro"}]},{"@type":"WebSite","@id":"https:\/\/www.espai.es\/blog\/#website","url":"https:\/\/www.espai.es\/blog\/","name":"Blog Escola Espai","description":"","potentialAction":[{"@type":"SearchAction","target":{"@type":"EntryPoint","urlTemplate":"https:\/\/www.espai.es\/blog\/?s={search_term_string}"},"query-input":{"@type":"PropertyValueSpecification","valueRequired":true,"valueName":"search_term_string"}}],"inLanguage":"es"},{"@type":"Person","@id":"https:\/\/www.espai.es\/blog\/#\/schema\/person\/68bce54bebac5efb40918f2f71822d27","name":"David S\u00e1nchez","image":{"@type":"ImageObject","inLanguage":"es","@id":"https:\/\/www.espai.es\/blog\/#\/schema\/person\/image\/","url":"https:\/\/secure.gravatar.com\/avatar\/496fe00098e4153114211ffa48f7c54a3900194ee90e49152ee5e4b276384c31?s=96&d=mm&r=g","contentUrl":"https:\/\/secure.gravatar.com\/avatar\/496fe00098e4153114211ffa48f7c54a3900194ee90e49152ee5e4b276384c31?s=96&d=mm&r=g","caption":"David S\u00e1nchez"},"url":"https:\/\/www.espai.es\/blog\/author\/d-sanchez\/"}]}},"jetpack_featured_media_url":"https:\/\/www.espai.es\/blog\/wp-content\/uploads\/2015\/04\/FCPX_Premiere.jpg","jetpack_sharing_enabled":true,"_links":{"self":[{"href":"https:\/\/www.espai.es\/blog\/wp-json\/wp\/v2\/posts\/3370","targetHints":{"allow":["GET"]}}],"collection":[{"href":"https:\/\/www.espai.es\/blog\/wp-json\/wp\/v2\/posts"}],"about":[{"href":"https:\/\/www.espai.es\/blog\/wp-json\/wp\/v2\/types\/post"}],"author":[{"embeddable":true,"href":"https:\/\/www.espai.es\/blog\/wp-json\/wp\/v2\/users\/17"}],"replies":[{"embeddable":true,"href":"https:\/\/www.espai.es\/blog\/wp-json\/wp\/v2\/comments?post=3370"}],"version-history":[{"count":41,"href":"https:\/\/www.espai.es\/blog\/wp-json\/wp\/v2\/posts\/3370\/revisions"}],"predecessor-version":[{"id":3474,"href":"https:\/\/www.espai.es\/blog\/wp-json\/wp\/v2\/posts\/3370\/revisions\/3474"}],"wp:featuredmedia":[{"embeddable":true,"href":"https:\/\/www.espai.es\/blog\/wp-json\/wp\/v2\/media\/3407"}],"wp:attachment":[{"href":"https:\/\/www.espai.es\/blog\/wp-json\/wp\/v2\/media?parent=3370"}],"wp:term":[{"taxonomy":"category","embeddable":true,"href":"https:\/\/www.espai.es\/blog\/wp-json\/wp\/v2\/categories?post=3370"},{"taxonomy":"post_tag","embeddable":true,"href":"https:\/\/www.espai.es\/blog\/wp-json\/wp\/v2\/tags?post=3370"}],"curies":[{"name":"wp","href":"https:\/\/api.w.org\/{rel}","templated":true}]}}