{"id":2709,"date":"2014-08-22T17:38:56","date_gmt":"2014-08-22T16:38:56","guid":{"rendered":"http:\/\/www.espai.es\/blog\/?p=2709"},"modified":"2015-04-27T21:13:01","modified_gmt":"2015-04-27T20:13:01","slug":"como-programar-tweets","status":"publish","type":"post","link":"https:\/\/www.espai.es\/blog\/2014\/08\/como-programar-tweets\/","title":{"rendered":"\u00bfC\u00f3mo programar tweets? Buffer una buena opci\u00f3n"},"content":{"rendered":"<p style=\"text-align: justify;\">Bienvenidos a un nuevo art\u00edculo del blog de Escola Espai, en esta entrada, os queremos hablar sobre una de las herramientas m\u00e1s utilizadas sobre c\u00f3mo programar tweets.<\/p>\n<p style=\"text-align: justify;\"><strong>Programar los tweets del d\u00eda o incluso de toda la semana<\/strong>, puede ser la soluci\u00f3n para que nuestra cuenta de twitter no quede inactiva por mucho tiempo y de esta forma nuestros seguidores vean que es una cuenta que est\u00e1 presente, genera audiencia y es activa.<\/p>\n<p style=\"text-align: justify;\">El objetivo principal de programar tweets es sin duda la <strong>optimizaci\u00f3n del tiempo<\/strong>. Cuando se gestionan diferentes redes sociales, es muy com\u00fan tener la sensaci\u00f3n de perder demasiado tiempo en seleccionar contenido interesante para compartir, valorar el momento ideal para compartirlo y elegir la red social perfecta para que nuestro mensaje llegue al p\u00fablico deseado.<\/p>\n<p style=\"text-align: justify;\">Una buena opci\u00f3n es que teng\u00e1is una <strong>lista de enlaces que quer\u00e1is compartir<\/strong>. Art\u00edculo interesante que os guste, \u00a1directamente a la lista! No es necesario que se comparta de inmediato, quiz\u00e1 cuando est\u00e9is ley\u00e9ndolo no sea el momento id\u00f3neo para compartirlo y en cambio si os hac\u00e9is un listado, m\u00e1s tarde pod\u00e9is valorar el \u00abc\u00f3mo\u00bb el \u00abd\u00f3nde\u00bb y el \u00abcu\u00e1ndo\u00bb compartir.<\/p>\n<p style=\"text-align: justify;\">Para twitter nosotros solemos utilizar <a title=\"P\u00e1gina oficial Buffer\" href=\"https:\/\/bufferapp.com\/\" target=\"_blank\">BUFFER<\/a>, que permite programar la publicaci\u00f3n de contenido en diferentes redes sociales.<\/p>\n<p style=\"text-align: justify;\"><a href=\"http:\/\/www.espai.es\/blog\/wp-content\/uploads\/2014\/08\/buffer1.jpg\"><img loading=\"lazy\" decoding=\"async\" class=\"aligncenter size-medium wp-image-2722\" src=\"http:\/\/www.espai.es\/blog\/wp-content\/uploads\/2014\/08\/buffer1-300x85.jpg\" alt=\"buffer\" width=\"300\" height=\"85\" srcset=\"https:\/\/www.espai.es\/blog\/wp-content\/uploads\/2014\/08\/buffer1-300x85.jpg 300w, https:\/\/www.espai.es\/blog\/wp-content\/uploads\/2014\/08\/buffer1.jpg 620w\" sizes=\"auto, (max-width: 300px) 100vw, 300px\" \/><\/a><\/p>\n<p style=\"text-align: justify;\">Es una de las aplicaciones m\u00e1s utilizada por Community Managers y es muy f\u00e1cil de usar. Por defecto, vienen seleccionados todos los d\u00edas de la semana, as\u00ed que se trata de \u00abdes-seleccionar\u00bb los d\u00edas que no queramos que se publiquen tweets. Adem\u00e1s tenemos una tabla en la que podemos indicar los horarios en los que deseamos que salgan publicados nuestros tweets, es importante comprobar que la hora que indicamos en la tabla corresponde realmente a la hora deseada.<\/p>\n<p style=\"text-align: justify;\">Buffer adem\u00e1s <strong>nos permite analizar el contenido<\/strong> que compartimos, lo cual es ideal para ver qu\u00e9 temas son m\u00e1s interesantes para nuestros seguidores y as\u00ed poder seguir una l\u00ednea determinada. Esta opci\u00f3n se encuentra en la pesta\u00f1a Analytics de la misma plataforma Buffer, podemos ver el n\u00famero de retweets que tienen nuestros contenidos, favoritos, menciones, clics, etc&#8230;<\/p>\n<p style=\"text-align: justify;\">Adem\u00e1s <strong>podemos instalar buffer en nuestro navegador<\/strong> y acceder de una forma r\u00e1pida a nuestro buffer y as\u00ed <strong>agregar publicaciones mientras navegamos<\/strong> en otras p\u00e1ginas de Internet. Es\u00a0 muy sencillo de hacer: desde la pesta\u00f1a\u00bbMy acount\u00bb seleccionar la opci\u00f3n \u00abBrowser Extensions\u00bb y a continuaci\u00f3n \u00abinstall extension\u00bb. Confirmando la instalaci\u00f3n, nos aparecer\u00e1 una p\u00e1gina de bienvenida y quedar\u00e1 incrustada la extensi\u00f3n de buffer en nuestro navegador (arriba a la derecha). De esta forma, si encontramos p\u00e1ginas interesantes que deseamos compartir justo en las horas elegidas previamente en la tabla de buffer, presionaremos el bot\u00f3n de la extensi\u00f3n y quedar\u00e1 programado autom\u00e1ticamente.<\/p>\n<p style=\"text-align: justify;\">Existen otras plataformas como <strong>TweetLater<\/strong>, <strong>Hootsuite<\/strong>, <strong>Later<\/strong> <strong>Bro<\/strong>, etc&#8230; Se trata de mirar la que mejor se adapta a nuestras necesidades y gustos y empezar desde ya, a organizarnos el trabajo y optimizar nuestro tiempo. Creemos que es algo que despu\u00e9s de vacaciones todo el mundo se propone hacer, as\u00ed que &#8230;. a ver si lo conseguimos!<\/p>\n<p>Un saludo y hasta el pr\u00f3ximo art\u00edculo.<\/p>\n","protected":false},"excerpt":{"rendered":"<p>Bienvenidos a un nuevo art\u00edculo del blog de Escola Espai, en esta entrada, os queremos hablar sobre una de las herramientas m\u00e1s utilizadas sobre c\u00f3mo programar tweets. Programar los tweets del d\u00eda o incluso de toda la semana, puede ser la soluci\u00f3n para que nuestra&#8230;<\/p>\n","protected":false},"author":11,"featured_media":2725,"comment_status":"open","ping_status":"closed","sticky":false,"template":"","format":"standard","meta":{"_monsterinsights_skip_tracking":false,"_monsterinsights_sitenote_active":false,"_monsterinsights_sitenote_note":"","_monsterinsights_sitenote_category":0,"jetpack_post_was_ever_published":false,"_jetpack_newsletter_access":"","_jetpack_dont_email_post_to_subs":false,"_jetpack_newsletter_tier_id":0,"_jetpack_memberships_contains_paywalled_content":false,"_ef_editorial_meta_date_first-draft-date":"","_ef_editorial_meta_paragraph_assignment":"","_ef_editorial_meta_checkbox_needs-photo":"","_ef_editorial_meta_number_word-count":"","_jetpack_memberships_contains_paid_content":false,"footnotes":""},"categories":[7,218,9,5],"tags":[110,299,22,298,198,200,199],"class_list":["post-2709","post","type-post","status-publish","format-standard","has-post-thumbnail","hentry","category-diseno-web","category-escola-espai","category-marketing-online","category-programacion","tag-facebook-2","tag-gestion-del-tiempo","tag-marketing-online-2","tag-programar-tweets","tag-redes-sociales","tag-social-media","tag-twitter"],"yoast_head":"<!-- This site is optimized with the Yoast SEO plugin v27.1.1 - https:\/\/yoast.com\/product\/yoast-seo-wordpress\/ -->\n<title>C\u00f3mo programar tweets<\/title>\n<meta name=\"description\" content=\"En esta entrada, os queremos hablar sobre una de las herramientas m\u00e1s utilizadas sobre c\u00f3mo programar tweets encontrando en buffer una buena opci\u00f3n\" \/>\n<meta name=\"robots\" content=\"index, follow, max-snippet:-1, max-image-preview:large, max-video-preview:-1\" \/>\n<link rel=\"canonical\" href=\"https:\/\/www.espai.es\/blog\/2014\/08\/como-programar-tweets\/\" \/>\n<meta property=\"og:locale\" content=\"es_ES\" \/>\n<meta property=\"og:type\" content=\"article\" \/>\n<meta property=\"og:title\" content=\"C\u00f3mo programar tweets\" \/>\n<meta property=\"og:description\" content=\"En esta entrada, os queremos hablar sobre una de las herramientas m\u00e1s utilizadas sobre c\u00f3mo programar tweets encontrando en buffer una buena opci\u00f3n\" \/>\n<meta property=\"og:url\" content=\"https:\/\/www.espai.es\/blog\/2014\/08\/como-programar-tweets\/\" \/>\n<meta property=\"og:site_name\" content=\"Blog Escola Espai\" \/>\n<meta property=\"article:published_time\" content=\"2014-08-22T16:38:56+00:00\" \/>\n<meta property=\"article:modified_time\" content=\"2015-04-27T20:13:01+00:00\" \/>\n<meta property=\"og:image\" content=\"https:\/\/www.espai.es\/blog\/wp-content\/uploads\/2014\/08\/gesti\u00f3n-tp.jpg\" \/>\n\t<meta property=\"og:image:width\" content=\"360\" \/>\n\t<meta property=\"og:image:height\" content=\"254\" \/>\n\t<meta property=\"og:image:type\" content=\"image\/jpeg\" \/>\n<meta name=\"author\" content=\"Magui Sanz\" \/>\n<meta name=\"twitter:card\" content=\"summary_large_image\" \/>\n<meta name=\"twitter:label1\" content=\"Escrito por\" \/>\n\t<meta name=\"twitter:data1\" content=\"Magui Sanz\" \/>\n\t<meta name=\"twitter:label2\" content=\"Tiempo de lectura\" \/>\n\t<meta name=\"twitter:data2\" content=\"3 minutos\" \/>\n<script type=\"application\/ld+json\" class=\"yoast-schema-graph\">{\"@context\":\"https:\/\/schema.org\",\"@graph\":[{\"@type\":\"Article\",\"@id\":\"https:\/\/www.espai.es\/blog\/2014\/08\/como-programar-tweets\/#article\",\"isPartOf\":{\"@id\":\"https:\/\/www.espai.es\/blog\/2014\/08\/como-programar-tweets\/\"},\"author\":{\"name\":\"Magui Sanz\",\"@id\":\"https:\/\/www.espai.es\/blog\/#\/schema\/person\/b5a4f91fbe4f0cfb43c9a3c2ad6efe50\"},\"headline\":\"\u00bfC\u00f3mo programar tweets? Buffer una buena opci\u00f3n\",\"datePublished\":\"2014-08-22T16:38:56+00:00\",\"dateModified\":\"2015-04-27T20:13:01+00:00\",\"mainEntityOfPage\":{\"@id\":\"https:\/\/www.espai.es\/blog\/2014\/08\/como-programar-tweets\/\"},\"wordCount\":564,\"commentCount\":0,\"image\":{\"@id\":\"https:\/\/www.espai.es\/blog\/2014\/08\/como-programar-tweets\/#primaryimage\"},\"thumbnailUrl\":\"https:\/\/www.espai.es\/blog\/wp-content\/uploads\/2014\/08\/gesti\u00f3n-tp.jpg\",\"keywords\":[\"facebook\",\"gesti\u00f3n del tiempo\",\"Marketing online\",\"Programar tweets\",\"Redes Sociales\",\"Social Media\",\"Twitter\"],\"articleSection\":[\"Dise\u00f1o Web\",\"Escola Espai\",\"Marketing Digital\",\"Programaci\u00f3n\"],\"inLanguage\":\"es\",\"potentialAction\":[{\"@type\":\"CommentAction\",\"name\":\"Comment\",\"target\":[\"https:\/\/www.espai.es\/blog\/2014\/08\/como-programar-tweets\/#respond\"]}]},{\"@type\":\"WebPage\",\"@id\":\"https:\/\/www.espai.es\/blog\/2014\/08\/como-programar-tweets\/\",\"url\":\"https:\/\/www.espai.es\/blog\/2014\/08\/como-programar-tweets\/\",\"name\":\"C\u00f3mo programar tweets\",\"isPartOf\":{\"@id\":\"https:\/\/www.espai.es\/blog\/#website\"},\"primaryImageOfPage\":{\"@id\":\"https:\/\/www.espai.es\/blog\/2014\/08\/como-programar-tweets\/#primaryimage\"},\"image\":{\"@id\":\"https:\/\/www.espai.es\/blog\/2014\/08\/como-programar-tweets\/#primaryimage\"},\"thumbnailUrl\":\"https:\/\/www.espai.es\/blog\/wp-content\/uploads\/2014\/08\/gesti\u00f3n-tp.jpg\",\"datePublished\":\"2014-08-22T16:38:56+00:00\",\"dateModified\":\"2015-04-27T20:13:01+00:00\",\"author\":{\"@id\":\"https:\/\/www.espai.es\/blog\/#\/schema\/person\/b5a4f91fbe4f0cfb43c9a3c2ad6efe50\"},\"description\":\"En esta entrada, os queremos hablar sobre una de las herramientas m\u00e1s utilizadas sobre c\u00f3mo programar tweets encontrando en buffer una buena opci\u00f3n\",\"breadcrumb\":{\"@id\":\"https:\/\/www.espai.es\/blog\/2014\/08\/como-programar-tweets\/#breadcrumb\"},\"inLanguage\":\"es\",\"potentialAction\":[{\"@type\":\"ReadAction\",\"target\":[\"https:\/\/www.espai.es\/blog\/2014\/08\/como-programar-tweets\/\"]}]},{\"@type\":\"ImageObject\",\"inLanguage\":\"es\",\"@id\":\"https:\/\/www.espai.es\/blog\/2014\/08\/como-programar-tweets\/#primaryimage\",\"url\":\"https:\/\/www.espai.es\/blog\/wp-content\/uploads\/2014\/08\/gesti\u00f3n-tp.jpg\",\"contentUrl\":\"https:\/\/www.espai.es\/blog\/wp-content\/uploads\/2014\/08\/gesti\u00f3n-tp.jpg\",\"width\":360,\"height\":254},{\"@type\":\"BreadcrumbList\",\"@id\":\"https:\/\/www.espai.es\/blog\/2014\/08\/como-programar-tweets\/#breadcrumb\",\"itemListElement\":[{\"@type\":\"ListItem\",\"position\":1,\"name\":\"Portada\",\"item\":\"https:\/\/www.espai.es\/blog\/\"},{\"@type\":\"ListItem\",\"position\":2,\"name\":\"\u00bfC\u00f3mo programar tweets? Buffer una buena opci\u00f3n\"}]},{\"@type\":\"WebSite\",\"@id\":\"https:\/\/www.espai.es\/blog\/#website\",\"url\":\"https:\/\/www.espai.es\/blog\/\",\"name\":\"Blog Escola Espai\",\"description\":\"\",\"potentialAction\":[{\"@type\":\"SearchAction\",\"target\":{\"@type\":\"EntryPoint\",\"urlTemplate\":\"https:\/\/www.espai.es\/blog\/?s={search_term_string}\"},\"query-input\":{\"@type\":\"PropertyValueSpecification\",\"valueRequired\":true,\"valueName\":\"search_term_string\"}}],\"inLanguage\":\"es\"},{\"@type\":\"Person\",\"@id\":\"https:\/\/www.espai.es\/blog\/#\/schema\/person\/b5a4f91fbe4f0cfb43c9a3c2ad6efe50\",\"name\":\"Magui Sanz\",\"image\":{\"@type\":\"ImageObject\",\"inLanguage\":\"es\",\"@id\":\"https:\/\/www.espai.es\/blog\/#\/schema\/person\/image\/\",\"url\":\"https:\/\/secure.gravatar.com\/avatar\/2c98f884b643db29421cd130f4740b473315f3a6cb026b8f12cc50d1cce44b50?s=96&d=mm&r=g\",\"contentUrl\":\"https:\/\/secure.gravatar.com\/avatar\/2c98f884b643db29421cd130f4740b473315f3a6cb026b8f12cc50d1cce44b50?s=96&d=mm&r=g\",\"caption\":\"Magui Sanz\"},\"sameAs\":[\"http:\/\/www.espai.es\"],\"url\":\"https:\/\/www.espai.es\/blog\/author\/magui\/\"}]}<\/script>\n<!-- \/ Yoast SEO plugin. -->","yoast_head_json":{"title":"C\u00f3mo programar tweets","description":"En esta entrada, os queremos hablar sobre una de las herramientas m\u00e1s utilizadas sobre c\u00f3mo programar tweets encontrando en buffer una buena opci\u00f3n","robots":{"index":"index","follow":"follow","max-snippet":"max-snippet:-1","max-image-preview":"max-image-preview:large","max-video-preview":"max-video-preview:-1"},"canonical":"https:\/\/www.espai.es\/blog\/2014\/08\/como-programar-tweets\/","og_locale":"es_ES","og_type":"article","og_title":"C\u00f3mo programar tweets","og_description":"En esta entrada, os queremos hablar sobre una de las herramientas m\u00e1s utilizadas sobre c\u00f3mo programar tweets encontrando en buffer una buena opci\u00f3n","og_url":"https:\/\/www.espai.es\/blog\/2014\/08\/como-programar-tweets\/","og_site_name":"Blog Escola Espai","article_published_time":"2014-08-22T16:38:56+00:00","article_modified_time":"2015-04-27T20:13:01+00:00","og_image":[{"width":360,"height":254,"url":"https:\/\/www.espai.es\/blog\/wp-content\/uploads\/2014\/08\/gesti\u00f3n-tp.jpg","type":"image\/jpeg"}],"author":"Magui Sanz","twitter_card":"summary_large_image","twitter_misc":{"Escrito por":"Magui Sanz","Tiempo de lectura":"3 minutos"},"schema":{"@context":"https:\/\/schema.org","@graph":[{"@type":"Article","@id":"https:\/\/www.espai.es\/blog\/2014\/08\/como-programar-tweets\/#article","isPartOf":{"@id":"https:\/\/www.espai.es\/blog\/2014\/08\/como-programar-tweets\/"},"author":{"name":"Magui Sanz","@id":"https:\/\/www.espai.es\/blog\/#\/schema\/person\/b5a4f91fbe4f0cfb43c9a3c2ad6efe50"},"headline":"\u00bfC\u00f3mo programar tweets? Buffer una buena opci\u00f3n","datePublished":"2014-08-22T16:38:56+00:00","dateModified":"2015-04-27T20:13:01+00:00","mainEntityOfPage":{"@id":"https:\/\/www.espai.es\/blog\/2014\/08\/como-programar-tweets\/"},"wordCount":564,"commentCount":0,"image":{"@id":"https:\/\/www.espai.es\/blog\/2014\/08\/como-programar-tweets\/#primaryimage"},"thumbnailUrl":"https:\/\/www.espai.es\/blog\/wp-content\/uploads\/2014\/08\/gesti\u00f3n-tp.jpg","keywords":["facebook","gesti\u00f3n del tiempo","Marketing online","Programar tweets","Redes Sociales","Social Media","Twitter"],"articleSection":["Dise\u00f1o Web","Escola Espai","Marketing Digital","Programaci\u00f3n"],"inLanguage":"es","potentialAction":[{"@type":"CommentAction","name":"Comment","target":["https:\/\/www.espai.es\/blog\/2014\/08\/como-programar-tweets\/#respond"]}]},{"@type":"WebPage","@id":"https:\/\/www.espai.es\/blog\/2014\/08\/como-programar-tweets\/","url":"https:\/\/www.espai.es\/blog\/2014\/08\/como-programar-tweets\/","name":"C\u00f3mo programar tweets","isPartOf":{"@id":"https:\/\/www.espai.es\/blog\/#website"},"primaryImageOfPage":{"@id":"https:\/\/www.espai.es\/blog\/2014\/08\/como-programar-tweets\/#primaryimage"},"image":{"@id":"https:\/\/www.espai.es\/blog\/2014\/08\/como-programar-tweets\/#primaryimage"},"thumbnailUrl":"https:\/\/www.espai.es\/blog\/wp-content\/uploads\/2014\/08\/gesti\u00f3n-tp.jpg","datePublished":"2014-08-22T16:38:56+00:00","dateModified":"2015-04-27T20:13:01+00:00","author":{"@id":"https:\/\/www.espai.es\/blog\/#\/schema\/person\/b5a4f91fbe4f0cfb43c9a3c2ad6efe50"},"description":"En esta entrada, os queremos hablar sobre una de las herramientas m\u00e1s utilizadas sobre c\u00f3mo programar tweets encontrando en buffer una buena opci\u00f3n","breadcrumb":{"@id":"https:\/\/www.espai.es\/blog\/2014\/08\/como-programar-tweets\/#breadcrumb"},"inLanguage":"es","potentialAction":[{"@type":"ReadAction","target":["https:\/\/www.espai.es\/blog\/2014\/08\/como-programar-tweets\/"]}]},{"@type":"ImageObject","inLanguage":"es","@id":"https:\/\/www.espai.es\/blog\/2014\/08\/como-programar-tweets\/#primaryimage","url":"https:\/\/www.espai.es\/blog\/wp-content\/uploads\/2014\/08\/gesti\u00f3n-tp.jpg","contentUrl":"https:\/\/www.espai.es\/blog\/wp-content\/uploads\/2014\/08\/gesti\u00f3n-tp.jpg","width":360,"height":254},{"@type":"BreadcrumbList","@id":"https:\/\/www.espai.es\/blog\/2014\/08\/como-programar-tweets\/#breadcrumb","itemListElement":[{"@type":"ListItem","position":1,"name":"Portada","item":"https:\/\/www.espai.es\/blog\/"},{"@type":"ListItem","position":2,"name":"\u00bfC\u00f3mo programar tweets? Buffer una buena opci\u00f3n"}]},{"@type":"WebSite","@id":"https:\/\/www.espai.es\/blog\/#website","url":"https:\/\/www.espai.es\/blog\/","name":"Blog Escola Espai","description":"","potentialAction":[{"@type":"SearchAction","target":{"@type":"EntryPoint","urlTemplate":"https:\/\/www.espai.es\/blog\/?s={search_term_string}"},"query-input":{"@type":"PropertyValueSpecification","valueRequired":true,"valueName":"search_term_string"}}],"inLanguage":"es"},{"@type":"Person","@id":"https:\/\/www.espai.es\/blog\/#\/schema\/person\/b5a4f91fbe4f0cfb43c9a3c2ad6efe50","name":"Magui Sanz","image":{"@type":"ImageObject","inLanguage":"es","@id":"https:\/\/www.espai.es\/blog\/#\/schema\/person\/image\/","url":"https:\/\/secure.gravatar.com\/avatar\/2c98f884b643db29421cd130f4740b473315f3a6cb026b8f12cc50d1cce44b50?s=96&d=mm&r=g","contentUrl":"https:\/\/secure.gravatar.com\/avatar\/2c98f884b643db29421cd130f4740b473315f3a6cb026b8f12cc50d1cce44b50?s=96&d=mm&r=g","caption":"Magui Sanz"},"sameAs":["http:\/\/www.espai.es"],"url":"https:\/\/www.espai.es\/blog\/author\/magui\/"}]}},"jetpack_featured_media_url":"https:\/\/www.espai.es\/blog\/wp-content\/uploads\/2014\/08\/gesti\u00f3n-tp.jpg","jetpack_sharing_enabled":true,"_links":{"self":[{"href":"https:\/\/www.espai.es\/blog\/wp-json\/wp\/v2\/posts\/2709","targetHints":{"allow":["GET"]}}],"collection":[{"href":"https:\/\/www.espai.es\/blog\/wp-json\/wp\/v2\/posts"}],"about":[{"href":"https:\/\/www.espai.es\/blog\/wp-json\/wp\/v2\/types\/post"}],"author":[{"embeddable":true,"href":"https:\/\/www.espai.es\/blog\/wp-json\/wp\/v2\/users\/11"}],"replies":[{"embeddable":true,"href":"https:\/\/www.espai.es\/blog\/wp-json\/wp\/v2\/comments?post=2709"}],"version-history":[{"count":12,"href":"https:\/\/www.espai.es\/blog\/wp-json\/wp\/v2\/posts\/2709\/revisions"}],"predecessor-version":[{"id":3435,"href":"https:\/\/www.espai.es\/blog\/wp-json\/wp\/v2\/posts\/2709\/revisions\/3435"}],"wp:featuredmedia":[{"embeddable":true,"href":"https:\/\/www.espai.es\/blog\/wp-json\/wp\/v2\/media\/2725"}],"wp:attachment":[{"href":"https:\/\/www.espai.es\/blog\/wp-json\/wp\/v2\/media?parent=2709"}],"wp:term":[{"taxonomy":"category","embeddable":true,"href":"https:\/\/www.espai.es\/blog\/wp-json\/wp\/v2\/categories?post=2709"},{"taxonomy":"post_tag","embeddable":true,"href":"https:\/\/www.espai.es\/blog\/wp-json\/wp\/v2\/tags?post=2709"}],"curies":[{"name":"wp","href":"https:\/\/api.w.org\/{rel}","templated":true}]}}