{"id":183,"date":"2011-06-06T14:07:04","date_gmt":"2011-06-06T12:07:04","guid":{"rendered":"http:\/\/www.espai.es\/blog\/?p=183"},"modified":"2013-11-12T12:12:08","modified_gmt":"2013-11-12T10:12:08","slug":"pensando-en-migrar-nuevos-usuarios-de-mac","status":"publish","type":"post","link":"https:\/\/www.espai.es\/blog\/2011\/06\/pensando-en-migrar-nuevos-usuarios-de-mac\/","title":{"rendered":"Pensando en migrar, nuevos usuarios de Mac."},"content":{"rendered":"<p>Actualmente, y cada vez m\u00e1s se est\u00e1 notando un cambio en la tendencia de usuarios, muchos usuarios de PC, est\u00e1n migrando a Mac.<br \/>\nEsto est\u00e1 teniendo lugar, entre otras cosas, gracias al \u00e9xito de los perif\u00e9ricos Apple, ipods, ipads, iphones, etc. los cuales est\u00e1n siendo un poco la senda a seguir por otros fabricantes, esta claro que cuando algo tiene \u00e9xito lo primero que se hace es imitarlo. Si esos elementos los unimos a la facilidad de uso de esos dispositivos es normal que haya gente que se plantee, si todo ser\u00e1 as\u00ed, y acaben compr\u00e1ndose un ordenador nuevo.<br \/>\nApple consciente de esta tendencia tiene a disposici\u00f3n de los nuevos usuarios que vienen del PC, un acceso (http:\/\/www.apple.com\/es\/support\/switch101\/) en el que podreis soluccionar, la dudas sobre qu\u00e9 hacer con lo que tengo de mi ordenador antiguo, como perif\u00e9ricos, configurar la red de casa, etc., preguntas normales siempre que cambias de una cosa a otra.<br \/>\nCreo que se bastante \u00fatil para los nuevos usuarios, as\u00ed no se pierde tiempo intentando soluccionar, problemas consultando foros, en los que a veces es dif\u00edcil encontrar la informaci\u00f3n que nos interesa o que a veces nos sobrecargan de datos haciendo \u00abindigesta\u00bb dicha informaci\u00f3n.<br \/>\nEspero que os pueda ser de utilidad.<\/p>\n","protected":false},"excerpt":{"rendered":"<p>Actualmente, y cada vez m\u00e1s se est\u00e1 notando un cambio en la tendencia de usuarios, muchos usuarios de PC, est\u00e1n migrando a Mac. Esto est\u00e1 teniendo lugar, entre otras cosas, gracias al \u00e9xito de los perif\u00e9ricos Apple, ipods, ipads, iphones, etc. los cuales est\u00e1n siendo&#8230;<\/p>\n","protected":false},"author":2,"featured_media":0,"comment_status":"closed","ping_status":"open","sticky":false,"template":"","format":"standard","meta":{"_monsterinsights_skip_tracking":false,"_monsterinsights_sitenote_active":false,"_monsterinsights_sitenote_note":"","_monsterinsights_sitenote_category":0,"jetpack_post_was_ever_published":false,"_jetpack_newsletter_access":"","_jetpack_dont_email_post_to_subs":false,"_jetpack_newsletter_tier_id":0,"_jetpack_memberships_contains_paywalled_content":false,"_ef_editorial_meta_date_first-draft-date":"","_ef_editorial_meta_paragraph_assignment":"","_ef_editorial_meta_checkbox_needs-photo":"","_ef_editorial_meta_number_word-count":"","_jetpack_memberships_contains_paid_content":false,"footnotes":""},"categories":[74,4,5,73],"tags":[66,65,67],"class_list":["post-183","post","type-post","status-publish","format-standard","hentry","category-hardware","category-internet","category-programacion","category-redes","tag-apple","tag-mac","tag-migracion-mac-pc"],"yoast_head":"<!-- This site is optimized with the Yoast SEO plugin v27.1.1 - https:\/\/yoast.com\/product\/yoast-seo-wordpress\/ -->\n<title>Pensando en migrar, nuevos usuarios de Mac. - Blog Escola Espai<\/title>\n<meta name=\"robots\" content=\"index, follow, max-snippet:-1, max-image-preview:large, max-video-preview:-1\" \/>\n<link rel=\"canonical\" href=\"https:\/\/www.espai.es\/blog\/2011\/06\/pensando-en-migrar-nuevos-usuarios-de-mac\/\" \/>\n<meta property=\"og:locale\" content=\"es_ES\" \/>\n<meta property=\"og:type\" content=\"article\" \/>\n<meta property=\"og:title\" content=\"Pensando en migrar, nuevos usuarios de Mac. - Blog Escola Espai\" \/>\n<meta property=\"og:description\" content=\"Actualmente, y cada vez m\u00e1s se est\u00e1 notando un cambio en la tendencia de usuarios, muchos usuarios de PC, est\u00e1n migrando a Mac. Esto est\u00e1 teniendo lugar, entre otras cosas, gracias al \u00e9xito de los perif\u00e9ricos Apple, ipods, ipads, iphones, etc. los cuales est\u00e1n siendo...\" \/>\n<meta property=\"og:url\" content=\"https:\/\/www.espai.es\/blog\/2011\/06\/pensando-en-migrar-nuevos-usuarios-de-mac\/\" \/>\n<meta property=\"og:site_name\" content=\"Blog Escola Espai\" \/>\n<meta property=\"article:published_time\" content=\"2011-06-06T12:07:04+00:00\" \/>\n<meta property=\"article:modified_time\" content=\"2013-11-12T10:12:08+00:00\" \/>\n<meta name=\"author\" content=\"Xavier Lara\" \/>\n<meta name=\"twitter:card\" content=\"summary_large_image\" \/>\n<meta name=\"twitter:label1\" content=\"Escrito por\" \/>\n\t<meta name=\"twitter:data1\" content=\"Xavier Lara\" \/>\n\t<meta name=\"twitter:label2\" content=\"Tiempo de lectura\" \/>\n\t<meta name=\"twitter:data2\" content=\"1 minuto\" \/>\n<script type=\"application\/ld+json\" class=\"yoast-schema-graph\">{\"@context\":\"https:\/\/schema.org\",\"@graph\":[{\"@type\":\"Article\",\"@id\":\"https:\/\/www.espai.es\/blog\/2011\/06\/pensando-en-migrar-nuevos-usuarios-de-mac\/#article\",\"isPartOf\":{\"@id\":\"https:\/\/www.espai.es\/blog\/2011\/06\/pensando-en-migrar-nuevos-usuarios-de-mac\/\"},\"author\":{\"name\":\"Xavier Lara\",\"@id\":\"https:\/\/www.espai.es\/blog\/#\/schema\/person\/f4b1b7f2b4d9546814581ba81276ae5f\"},\"headline\":\"Pensando en migrar, nuevos usuarios de Mac.\",\"datePublished\":\"2011-06-06T12:07:04+00:00\",\"dateModified\":\"2013-11-12T10:12:08+00:00\",\"mainEntityOfPage\":{\"@id\":\"https:\/\/www.espai.es\/blog\/2011\/06\/pensando-en-migrar-nuevos-usuarios-de-mac\/\"},\"wordCount\":228,\"keywords\":[\"apple\",\"Mac\",\"migraci\u00f3n mac-pc\"],\"articleSection\":[\"Hardware\",\"Internet\",\"Programaci\u00f3n\",\"Redes\"],\"inLanguage\":\"es\"},{\"@type\":\"WebPage\",\"@id\":\"https:\/\/www.espai.es\/blog\/2011\/06\/pensando-en-migrar-nuevos-usuarios-de-mac\/\",\"url\":\"https:\/\/www.espai.es\/blog\/2011\/06\/pensando-en-migrar-nuevos-usuarios-de-mac\/\",\"name\":\"Pensando en migrar, nuevos usuarios de Mac. - Blog Escola Espai\",\"isPartOf\":{\"@id\":\"https:\/\/www.espai.es\/blog\/#website\"},\"datePublished\":\"2011-06-06T12:07:04+00:00\",\"dateModified\":\"2013-11-12T10:12:08+00:00\",\"author\":{\"@id\":\"https:\/\/www.espai.es\/blog\/#\/schema\/person\/f4b1b7f2b4d9546814581ba81276ae5f\"},\"breadcrumb\":{\"@id\":\"https:\/\/www.espai.es\/blog\/2011\/06\/pensando-en-migrar-nuevos-usuarios-de-mac\/#breadcrumb\"},\"inLanguage\":\"es\",\"potentialAction\":[{\"@type\":\"ReadAction\",\"target\":[\"https:\/\/www.espai.es\/blog\/2011\/06\/pensando-en-migrar-nuevos-usuarios-de-mac\/\"]}]},{\"@type\":\"BreadcrumbList\",\"@id\":\"https:\/\/www.espai.es\/blog\/2011\/06\/pensando-en-migrar-nuevos-usuarios-de-mac\/#breadcrumb\",\"itemListElement\":[{\"@type\":\"ListItem\",\"position\":1,\"name\":\"Portada\",\"item\":\"https:\/\/www.espai.es\/blog\/\"},{\"@type\":\"ListItem\",\"position\":2,\"name\":\"Pensando en migrar, nuevos usuarios de Mac.\"}]},{\"@type\":\"WebSite\",\"@id\":\"https:\/\/www.espai.es\/blog\/#website\",\"url\":\"https:\/\/www.espai.es\/blog\/\",\"name\":\"Blog Escola Espai\",\"description\":\"\",\"potentialAction\":[{\"@type\":\"SearchAction\",\"target\":{\"@type\":\"EntryPoint\",\"urlTemplate\":\"https:\/\/www.espai.es\/blog\/?s={search_term_string}\"},\"query-input\":{\"@type\":\"PropertyValueSpecification\",\"valueRequired\":true,\"valueName\":\"search_term_string\"}}],\"inLanguage\":\"es\"},{\"@type\":\"Person\",\"@id\":\"https:\/\/www.espai.es\/blog\/#\/schema\/person\/f4b1b7f2b4d9546814581ba81276ae5f\",\"name\":\"Xavier Lara\",\"image\":{\"@type\":\"ImageObject\",\"inLanguage\":\"es\",\"@id\":\"https:\/\/www.espai.es\/blog\/#\/schema\/person\/image\/\",\"url\":\"https:\/\/secure.gravatar.com\/avatar\/179d65a63022da125628e8d82fe6e32d4f8e1a2c77b044cd10cdee3f70a9d9bc?s=96&d=mm&r=g\",\"contentUrl\":\"https:\/\/secure.gravatar.com\/avatar\/179d65a63022da125628e8d82fe6e32d4f8e1a2c77b044cd10cdee3f70a9d9bc?s=96&d=mm&r=g\",\"caption\":\"Xavier Lara\"},\"sameAs\":[\"http:\/\/www.espai.es\"],\"url\":\"https:\/\/www.espai.es\/blog\/author\/xavier\/\"}]}<\/script>\n<!-- \/ Yoast SEO plugin. -->","yoast_head_json":{"title":"Pensando en migrar, nuevos usuarios de Mac. - Blog Escola Espai","robots":{"index":"index","follow":"follow","max-snippet":"max-snippet:-1","max-image-preview":"max-image-preview:large","max-video-preview":"max-video-preview:-1"},"canonical":"https:\/\/www.espai.es\/blog\/2011\/06\/pensando-en-migrar-nuevos-usuarios-de-mac\/","og_locale":"es_ES","og_type":"article","og_title":"Pensando en migrar, nuevos usuarios de Mac. - Blog Escola Espai","og_description":"Actualmente, y cada vez m\u00e1s se est\u00e1 notando un cambio en la tendencia de usuarios, muchos usuarios de PC, est\u00e1n migrando a Mac. Esto est\u00e1 teniendo lugar, entre otras cosas, gracias al \u00e9xito de los perif\u00e9ricos Apple, ipods, ipads, iphones, etc. los cuales est\u00e1n siendo...","og_url":"https:\/\/www.espai.es\/blog\/2011\/06\/pensando-en-migrar-nuevos-usuarios-de-mac\/","og_site_name":"Blog Escola Espai","article_published_time":"2011-06-06T12:07:04+00:00","article_modified_time":"2013-11-12T10:12:08+00:00","author":"Xavier Lara","twitter_card":"summary_large_image","twitter_misc":{"Escrito por":"Xavier Lara","Tiempo de lectura":"1 minuto"},"schema":{"@context":"https:\/\/schema.org","@graph":[{"@type":"Article","@id":"https:\/\/www.espai.es\/blog\/2011\/06\/pensando-en-migrar-nuevos-usuarios-de-mac\/#article","isPartOf":{"@id":"https:\/\/www.espai.es\/blog\/2011\/06\/pensando-en-migrar-nuevos-usuarios-de-mac\/"},"author":{"name":"Xavier Lara","@id":"https:\/\/www.espai.es\/blog\/#\/schema\/person\/f4b1b7f2b4d9546814581ba81276ae5f"},"headline":"Pensando en migrar, nuevos usuarios de Mac.","datePublished":"2011-06-06T12:07:04+00:00","dateModified":"2013-11-12T10:12:08+00:00","mainEntityOfPage":{"@id":"https:\/\/www.espai.es\/blog\/2011\/06\/pensando-en-migrar-nuevos-usuarios-de-mac\/"},"wordCount":228,"keywords":["apple","Mac","migraci\u00f3n mac-pc"],"articleSection":["Hardware","Internet","Programaci\u00f3n","Redes"],"inLanguage":"es"},{"@type":"WebPage","@id":"https:\/\/www.espai.es\/blog\/2011\/06\/pensando-en-migrar-nuevos-usuarios-de-mac\/","url":"https:\/\/www.espai.es\/blog\/2011\/06\/pensando-en-migrar-nuevos-usuarios-de-mac\/","name":"Pensando en migrar, nuevos usuarios de Mac. - Blog Escola Espai","isPartOf":{"@id":"https:\/\/www.espai.es\/blog\/#website"},"datePublished":"2011-06-06T12:07:04+00:00","dateModified":"2013-11-12T10:12:08+00:00","author":{"@id":"https:\/\/www.espai.es\/blog\/#\/schema\/person\/f4b1b7f2b4d9546814581ba81276ae5f"},"breadcrumb":{"@id":"https:\/\/www.espai.es\/blog\/2011\/06\/pensando-en-migrar-nuevos-usuarios-de-mac\/#breadcrumb"},"inLanguage":"es","potentialAction":[{"@type":"ReadAction","target":["https:\/\/www.espai.es\/blog\/2011\/06\/pensando-en-migrar-nuevos-usuarios-de-mac\/"]}]},{"@type":"BreadcrumbList","@id":"https:\/\/www.espai.es\/blog\/2011\/06\/pensando-en-migrar-nuevos-usuarios-de-mac\/#breadcrumb","itemListElement":[{"@type":"ListItem","position":1,"name":"Portada","item":"https:\/\/www.espai.es\/blog\/"},{"@type":"ListItem","position":2,"name":"Pensando en migrar, nuevos usuarios de Mac."}]},{"@type":"WebSite","@id":"https:\/\/www.espai.es\/blog\/#website","url":"https:\/\/www.espai.es\/blog\/","name":"Blog Escola Espai","description":"","potentialAction":[{"@type":"SearchAction","target":{"@type":"EntryPoint","urlTemplate":"https:\/\/www.espai.es\/blog\/?s={search_term_string}"},"query-input":{"@type":"PropertyValueSpecification","valueRequired":true,"valueName":"search_term_string"}}],"inLanguage":"es"},{"@type":"Person","@id":"https:\/\/www.espai.es\/blog\/#\/schema\/person\/f4b1b7f2b4d9546814581ba81276ae5f","name":"Xavier Lara","image":{"@type":"ImageObject","inLanguage":"es","@id":"https:\/\/www.espai.es\/blog\/#\/schema\/person\/image\/","url":"https:\/\/secure.gravatar.com\/avatar\/179d65a63022da125628e8d82fe6e32d4f8e1a2c77b044cd10cdee3f70a9d9bc?s=96&d=mm&r=g","contentUrl":"https:\/\/secure.gravatar.com\/avatar\/179d65a63022da125628e8d82fe6e32d4f8e1a2c77b044cd10cdee3f70a9d9bc?s=96&d=mm&r=g","caption":"Xavier Lara"},"sameAs":["http:\/\/www.espai.es"],"url":"https:\/\/www.espai.es\/blog\/author\/xavier\/"}]}},"jetpack_featured_media_url":"","jetpack_sharing_enabled":true,"_links":{"self":[{"href":"https:\/\/www.espai.es\/blog\/wp-json\/wp\/v2\/posts\/183","targetHints":{"allow":["GET"]}}],"collection":[{"href":"https:\/\/www.espai.es\/blog\/wp-json\/wp\/v2\/posts"}],"about":[{"href":"https:\/\/www.espai.es\/blog\/wp-json\/wp\/v2\/types\/post"}],"author":[{"embeddable":true,"href":"https:\/\/www.espai.es\/blog\/wp-json\/wp\/v2\/users\/2"}],"replies":[{"embeddable":true,"href":"https:\/\/www.espai.es\/blog\/wp-json\/wp\/v2\/comments?post=183"}],"version-history":[{"count":6,"href":"https:\/\/www.espai.es\/blog\/wp-json\/wp\/v2\/posts\/183\/revisions"}],"predecessor-version":[{"id":1238,"href":"https:\/\/www.espai.es\/blog\/wp-json\/wp\/v2\/posts\/183\/revisions\/1238"}],"wp:attachment":[{"href":"https:\/\/www.espai.es\/blog\/wp-json\/wp\/v2\/media?parent=183"}],"wp:term":[{"taxonomy":"category","embeddable":true,"href":"https:\/\/www.espai.es\/blog\/wp-json\/wp\/v2\/categories?post=183"},{"taxonomy":"post_tag","embeddable":true,"href":"https:\/\/www.espai.es\/blog\/wp-json\/wp\/v2\/tags?post=183"}],"curies":[{"name":"wp","href":"https:\/\/api.w.org\/{rel}","templated":true}]}}