{"id":1807,"date":"2014-04-23T12:59:55","date_gmt":"2014-04-23T11:59:55","guid":{"rendered":"http:\/\/www.espai.es\/blog\/?p=1807"},"modified":"2016-02-01T11:05:05","modified_gmt":"2016-02-01T10:05:05","slug":"programacion-neuro-linguistica","status":"publish","type":"post","link":"https:\/\/www.espai.es\/blog\/2014\/04\/programacion-neuro-linguistica\/","title":{"rendered":"Programaci\u00f3n&#8230; Neuro Ling\u00fc\u00edstica"},"content":{"rendered":"<p>Hola a tod@s y bienvenidos a un nuevo art\u00edculo del blog de Espai. En esta ocasi\u00f3n vamos a hablar de Programaci\u00f3n, pero no para programar ordenadores sino&#8230; Humanos! Wow estar\u00e9is pensando, est\u00e1 fumando droga\u00edna y lo peor es que no comparte!<\/p>\n<p><span style=\"font-size: 13px\">No es el caso, en realidad ni fumo ni comparto&#8230; La PNL es una t\u00e9cnica estupenda para centrarnos en nuestros objetivos, que nos da la posibilidad de comprender c\u00f3mo funciona nuestro cerebro. Ya que no vino con manual de instrucciones puede ser interesante, no cre\u00e9is?<\/span><\/p>\n<p>&nbsp;<\/p>\n<p style=\"text-align: center\"><a href=\"http:\/\/www.espai.es\/blog\/wp-content\/uploads\/2014\/02\/robot.jpg\"><img loading=\"lazy\" decoding=\"async\" class=\"aligncenter wp-image-1813 size-full\" src=\"http:\/\/www.espai.es\/blog\/wp-content\/uploads\/2014\/02\/robot.jpg\" alt=\"Programaci\u00f3n... Neuro Ling\u00fc\u00edstica\" width=\"600\" height=\"497\" srcset=\"https:\/\/www.espai.es\/blog\/wp-content\/uploads\/2014\/02\/robot.jpg 600w, https:\/\/www.espai.es\/blog\/wp-content\/uploads\/2014\/02\/robot-300x248.jpg 300w\" sizes=\"auto, (max-width: 600px) 100vw, 600px\" \/><\/a><\/p>\n<p style=\"text-align: center\">R2D2 despu\u00e9s de tomar droga\u00edna<\/p>\n<h3 style=\"text-align: left\">Programaci\u00f3n&#8230; Neuro Ling\u00fc\u00edstica. Introducci\u00f3n<\/h3>\n<p style=\"text-align: left\">El tema es tremendamente extenso, pero se puede resumir en 3 puntos:<\/p>\n<ul>\n<li>Las palabras cuentan<\/li>\n<li>Las creencias definen la realidad.<\/li>\n<li>El mapa no es el territorio<\/li>\n<\/ul>\n<h3><\/h3>\n<h3>Las palabras cuentan<\/h3>\n<p>Te has parado a pensar en la persona con la que hablas m\u00e1s, cada d\u00eda? Aquella que m\u00e1s tratas, la que te aguanta por las ma\u00f1anas (que no es poco)&#8230; No no me refiero a tu madre, ni tu pareja. Me refiero a t\u00ed mismo.<\/p>\n<p><span style=\"line-height: 1.5em\">Si eres como la mayor\u00eda (y me incluyo en el saco, que conste) pasas mucho tiempo dici\u00e9ndote\u00a0<\/span><em style=\"line-height: 1.5em\">Esto no va a salir bien<\/em><span style=\"line-height: 1.5em\">, o <\/span><em style=\"line-height: 1.5em\">Para que probar si no funcionar\u00e1,<\/em><span style=\"line-height: 1.5em\"> o <\/span><em style=\"line-height: 1.5em\">Tendr\u00eda que haber hecho tal en vez de cual&#8230;<\/em><span style=\"line-height: 1.5em\">\u00a0En resumen, todo el d\u00eda juzgando negativamente lo que haces. Imag\u00ednate a alguien habl\u00e1ndote as\u00ed cada d\u00eda,<\/span><\/p>\n<p>Lo m\u00e1s probable es que le mandaras a paseo o le arrearas una colleja. La violencia no arregla nada, as\u00ed que antes de que te auto-lesiones y duermas en una bonita celda acolchada te propongo algo mejor: Deja el papel de Juez.<\/p>\n<p>Cada vez que oigas esa voz en la cabeza, s\u00e9 consciente de que no eres t\u00fa. Son tus creencias, lo que la vida te ha \u00abense\u00f1ado\u00bb y el papel que has tomado en la misma. Es como una obra de teatro, todos cogemos nuestro personaje y al final nos lo creemos, y como obra que es vamos repitiendo nuestro texto d\u00eda tras d\u00eda. <em>No valgo para estudiar<\/em> o <em>Soy muy patoso\u00a0<\/em>son ejemplos de nuestro mon\u00f3logo. Y esto nos lleva al siguiente punto<\/p>\n<p>&nbsp;<\/p>\n<p style=\"text-align: center\"><a href=\"http:\/\/www.espai.es\/blog\/wp-content\/uploads\/2014\/04\/escuela_espai_2.jpg\"><img loading=\"lazy\" decoding=\"async\" class=\"aligncenter wp-image-2310\" src=\"http:\/\/www.espai.es\/blog\/wp-content\/uploads\/2014\/04\/escuela_espai_2.jpg\" alt=\"Programaci\u00f3n... Neuro Ling\u00fc\u00edstica\" width=\"420\" height=\"314\" srcset=\"https:\/\/www.espai.es\/blog\/wp-content\/uploads\/2014\/04\/escuela_espai_2.jpg 600w, https:\/\/www.espai.es\/blog\/wp-content\/uploads\/2014\/04\/escuela_espai_2-300x224.jpg 300w\" sizes=\"auto, (max-width: 420px) 100vw, 420px\" \/><\/a>Tu juez interior, \u00a1por fin os conoc\u00e9is!<\/p>\n<p>&nbsp;<\/p>\n<h3>Las creencias crean tu realidad<\/h3>\n<p>\u00bfQu\u00e9 es real? Frase extra\u00edda de la peli de Matrix con m\u00e1s raz\u00f3n que un Santo. El cerebro va creando la realidad sobre la marcha, basado en lo que percibimos (sentidos) y el filtro por el que pasa esa informaci\u00f3n (nuestras creencias).<\/p>\n<p>Imaginaros que vais por la calle comiendo un helado. Si \u00a0una chica os mira y\u00a0os cre\u00e9is que sois guapos, pensar\u00e9is \u00abtoma ya, la tengo en el bote\u00bb<span style=\"font-size: medium\"><strong>*<\/strong><\/span>. En cambio, si no os veis bien dir\u00e9is \u00abseguro que me he manchado la camisa, que guarrote soy\u00bb. Y quiz\u00e1s la chica est\u00e1 mirando porque le record\u00e1is a su hermano, o porque es miope y se olvid\u00f3 las gafas&#8230; Como veis, los 2 est\u00e1n convencidos de algo, y sea o no real es SU realidad. La misma les define como personas, ellos son lo que son porque CREEN que lo son. Y esto nos lleva al siguiente punto:<\/p>\n<p>&nbsp;<\/p>\n<p><a href=\"http:\/\/www.espai.es\/blog\/wp-content\/uploads\/2014\/04\/escuela_espai_3.jpg\"><img loading=\"lazy\" decoding=\"async\" class=\"aligncenter wp-image-2311 size-full\" src=\"http:\/\/www.espai.es\/blog\/wp-content\/uploads\/2014\/04\/escuela_espai_3.jpg\" alt=\"Programaci\u00f3n... Neuro Ling\u00fc\u00edstica\" width=\"474\" height=\"356\" srcset=\"https:\/\/www.espai.es\/blog\/wp-content\/uploads\/2014\/04\/escuela_espai_3.jpg 474w, https:\/\/www.espai.es\/blog\/wp-content\/uploads\/2014\/04\/escuela_espai_3-300x225.jpg 300w\" sizes=\"auto, (max-width: 474px) 100vw, 474px\" \/><\/a><\/p>\n<p style=\"text-align: center\"><a href=\"https:\/\/www.youtube.com\/watch?v=VwVWeii477A\">\u00a0F\u00e1bula del elefante encadenado<\/a><\/p>\n<h3>El mapa NO es el territorio<\/h3>\n<p>En nuestra mente tenemos una idea de la realidad que es solo nuestra. Es nuestro \u00abmapa\u00bb de la vida, como os dec\u00eda condicionado por nuestras creencias.<\/p>\n<p>Estas creencias las aprendimos de peque\u00f1os. El entorno en que crecimos, la gente que nos encontramos y c\u00f3mo nos relacionamos hicieron nuestro car\u00e1cter. Son creencias tan ciertas o falsas como las de cualquier otro. En realidad no importa si lo son, lo que importa es que te funcionen o como dice el refr\u00e1n:<\/p>\n<p><em>\u00abTanto si crees que puedes hacer algo, como si crees que no, tienes toda la raz\u00f3n\u00bb<\/em><\/p>\n<p>Este concepto se llama profec\u00eda Auto &#8211; cumplida. Si crees que la vas a liar, te aseguro amigo&#8230; Que la liar\u00e1s parda. En cambio si te hablas a ti mismo de una forma positiva, es mucho m\u00e1s probable que tu mente est\u00e9 despejada, lo cual te ayudar\u00e1 a concentrarte mejor el tu tarea y dar el 100% de t\u00ed mismo. No cabe duda de que \u00e9so te acerca a conseguir tus objetivos.<\/p>\n<p>&nbsp;<\/p>\n<p style=\"text-align: center\"><a href=\"http:\/\/www.espai.es\/blog\/wp-content\/uploads\/2014\/04\/escuela_espai_41.jpg\"><img loading=\"lazy\" decoding=\"async\" class=\"aligncenter wp-image-2313\" src=\"http:\/\/www.espai.es\/blog\/wp-content\/uploads\/2014\/04\/escuela_espai_41.jpg\" alt=\"Programaci\u00f3n... Neuro Ling\u00fc\u00edstica\" width=\"360\" height=\"524\" \/><\/a>Programaci\u00f3n&#8230; Neuro Ling\u00fc\u00edstica. Coach: Julio Iglesias The F***ing Boss!!<\/p>\n<p>&nbsp;<\/p>\n<h3>Conclusi\u00f3n<\/h3>\n<p>El tema da para d\u00edas, semanas o m\u00e1s bien a\u00f1os. Para resumir:<\/p>\n<p><span style=\"text-decoration: underline\">Vigila lo que te dices a t\u00ed mismo<\/span>. Cada vez que dices <em>\u00abNo soy capaz de X\u00bb\u00a0<\/em>le mandas una se\u00f1al a tu inconsciente, que forma el 90% de tu cerebro. Te va a creer&#8230; Y se va a cumplir.<\/p>\n<p><span style=\"text-decoration: underline\">Revisa tus creencias<\/span>. Muchas veces est\u00e1n basadas en como \u00e9ramos de peque\u00f1os, y desde entonces ya han pasado bastantes a\u00f1os verdad? Seguro que has evolucionado. Y si eres menor de edad, \u00a1A hacer los deberes, y deja ya el Intern\u00e9 hombre!<\/p>\n<p><span style=\"text-decoration: underline\">Pide una cucharita<\/span>\u00a0cuando te comas el helado, as\u00ed no te llenar\u00e1s toa la cara hombre!<\/p>\n<p>&nbsp;<\/p>\n<p>Bromas aparte, es algo que funciona. Ya tenemos quien nos complica la vida, si tienes un amigo en casa (es decir, t\u00fa mismo) la cosa mejora. Garantizado 100%, pero no se devuelve el dinero!<\/p>\n<p>&nbsp;<\/p>\n<p>Un saludo y hasta la pr\u00f3xima!!<\/p>\n<p>&nbsp;<\/p>\n<p>&nbsp;<\/p>\n<p style=\"text-align: center\">\u00a0<a href=\"https:\/\/www.youtube.com\/watch?v=MsXW_Tz4LnA\"><img loading=\"lazy\" decoding=\"async\" class=\"aligncenter wp-image-2305\" src=\"http:\/\/www.espai.es\/blog\/wp-content\/uploads\/2014\/04\/escuela_espai_1.png\" alt=\"Programaci\u00f3n... Neuro Ling\u00fc\u00edstica\" width=\"576\" height=\"348\" srcset=\"https:\/\/www.espai.es\/blog\/wp-content\/uploads\/2014\/04\/escuela_espai_1.png 960w, https:\/\/www.espai.es\/blog\/wp-content\/uploads\/2014\/04\/escuela_espai_1-300x181.png 300w\" sizes=\"auto, (max-width: 576px) 100vw, 576px\" \/><\/a><\/p>\n<p style=\"text-align: center\"><strong>*\u00a0<\/strong>Comentario estilo \u00abque vienen las suecass!!\u00bb al que no me pude resistir \ud83d\ude42<\/p>\n<p>&nbsp;<\/p>\n","protected":false},"excerpt":{"rendered":"<p>Hola a tod@s y bienvenidos a un nuevo art\u00edculo del blog de Espai. En esta ocasi\u00f3n vamos a hablar de Programaci\u00f3n, pero no para programar ordenadores sino&#8230; Humanos! Wow estar\u00e9is pensando, est\u00e1 fumando droga\u00edna y lo peor es que no comparte! No es el caso,&#8230;<\/p>\n","protected":false},"author":3,"featured_media":2315,"comment_status":"open","ping_status":"open","sticky":false,"template":"","format":"standard","meta":{"_monsterinsights_skip_tracking":false,"_monsterinsights_sitenote_active":false,"_monsterinsights_sitenote_note":"","_monsterinsights_sitenote_category":0,"jetpack_post_was_ever_published":false,"_jetpack_newsletter_access":"","_jetpack_dont_email_post_to_subs":false,"_jetpack_newsletter_tier_id":0,"_jetpack_memberships_contains_paywalled_content":false,"_ef_editorial_meta_date_first-draft-date":"","_ef_editorial_meta_paragraph_assignment":"","_ef_editorial_meta_checkbox_needs-photo":"","_ef_editorial_meta_number_word-count":"","_jetpack_memberships_contains_paid_content":false,"footnotes":""},"categories":[379],"tags":[207,229,266],"class_list":["post-1807","post","type-post","status-publish","format-standard","has-post-thumbnail","hentry","category-productividad","tag-escuela-espai","tag-motivacion","tag-pnl"],"yoast_head":"<!-- This site is optimized with the Yoast SEO plugin v27.1.1 - https:\/\/yoast.com\/product\/yoast-seo-wordpress\/ -->\n<title>Programaci\u00f3n... Neuro Ling\u00fc\u00edstica - Blog Escola Espai<\/title>\n<meta name=\"description\" content=\"Programaci\u00f3n... Neuro Ling\u00fc\u00edstica. Escuela Espai, calle Enten\u00e7a 182, Barcelona, CP 08029. Tel 93 163 53 53. \u00c1rea de programaci\u00f3n y ofim\u00e1tica. Horario 10-22h\" \/>\n<meta name=\"robots\" content=\"index, follow, max-snippet:-1, max-image-preview:large, max-video-preview:-1\" \/>\n<link rel=\"canonical\" href=\"https:\/\/www.espai.es\/blog\/2014\/04\/programacion-neuro-linguistica\/\" \/>\n<meta property=\"og:locale\" content=\"es_ES\" \/>\n<meta property=\"og:type\" content=\"article\" \/>\n<meta property=\"og:title\" content=\"Programaci\u00f3n... Neuro Ling\u00fc\u00edstica - Blog Escola Espai\" \/>\n<meta property=\"og:description\" content=\"Programaci\u00f3n... Neuro Ling\u00fc\u00edstica. Escuela Espai, calle Enten\u00e7a 182, Barcelona, CP 08029. Tel 93 163 53 53. \u00c1rea de programaci\u00f3n y ofim\u00e1tica. Horario 10-22h\" \/>\n<meta property=\"og:url\" content=\"https:\/\/www.espai.es\/blog\/2014\/04\/programacion-neuro-linguistica\/\" \/>\n<meta property=\"og:site_name\" content=\"Blog Escola Espai\" \/>\n<meta property=\"article:published_time\" content=\"2014-04-23T11:59:55+00:00\" \/>\n<meta property=\"article:modified_time\" content=\"2016-02-01T10:05:05+00:00\" \/>\n<meta property=\"og:image\" content=\"https:\/\/www.espai.es\/blog\/wp-content\/uploads\/2014\/04\/escuela_espai_5.jpg\" \/>\n\t<meta property=\"og:image:width\" content=\"360\" \/>\n\t<meta property=\"og:image:height\" content=\"240\" \/>\n\t<meta property=\"og:image:type\" content=\"image\/jpeg\" \/>\n<meta name=\"author\" content=\"Escobar\" \/>\n<meta name=\"twitter:card\" content=\"summary_large_image\" \/>\n<meta name=\"twitter:label1\" content=\"Escrito por\" \/>\n\t<meta name=\"twitter:data1\" content=\"Escobar\" \/>\n\t<meta name=\"twitter:label2\" content=\"Tiempo de lectura\" \/>\n\t<meta name=\"twitter:data2\" content=\"5 minutos\" \/>\n<script type=\"application\/ld+json\" class=\"yoast-schema-graph\">{\"@context\":\"https:\/\/schema.org\",\"@graph\":[{\"@type\":\"Article\",\"@id\":\"https:\/\/www.espai.es\/blog\/2014\/04\/programacion-neuro-linguistica\/#article\",\"isPartOf\":{\"@id\":\"https:\/\/www.espai.es\/blog\/2014\/04\/programacion-neuro-linguistica\/\"},\"author\":{\"name\":\"Escobar\",\"@id\":\"https:\/\/www.espai.es\/blog\/#\/schema\/person\/d2e265073982f28e16cb7edccbd16602\"},\"headline\":\"Programaci\u00f3n&#8230; Neuro Ling\u00fc\u00edstica\",\"datePublished\":\"2014-04-23T11:59:55+00:00\",\"dateModified\":\"2016-02-01T10:05:05+00:00\",\"mainEntityOfPage\":{\"@id\":\"https:\/\/www.espai.es\/blog\/2014\/04\/programacion-neuro-linguistica\/\"},\"wordCount\":935,\"commentCount\":1,\"image\":{\"@id\":\"https:\/\/www.espai.es\/blog\/2014\/04\/programacion-neuro-linguistica\/#primaryimage\"},\"thumbnailUrl\":\"https:\/\/www.espai.es\/blog\/wp-content\/uploads\/2014\/04\/escuela_espai_5.jpg\",\"keywords\":[\"escuela espai\",\"Motivaci\u00f3n\",\"pnl\"],\"articleSection\":[\"Productividad\"],\"inLanguage\":\"es\",\"potentialAction\":[{\"@type\":\"CommentAction\",\"name\":\"Comment\",\"target\":[\"https:\/\/www.espai.es\/blog\/2014\/04\/programacion-neuro-linguistica\/#respond\"]}]},{\"@type\":\"WebPage\",\"@id\":\"https:\/\/www.espai.es\/blog\/2014\/04\/programacion-neuro-linguistica\/\",\"url\":\"https:\/\/www.espai.es\/blog\/2014\/04\/programacion-neuro-linguistica\/\",\"name\":\"Programaci\u00f3n... Neuro Ling\u00fc\u00edstica - Blog Escola Espai\",\"isPartOf\":{\"@id\":\"https:\/\/www.espai.es\/blog\/#website\"},\"primaryImageOfPage\":{\"@id\":\"https:\/\/www.espai.es\/blog\/2014\/04\/programacion-neuro-linguistica\/#primaryimage\"},\"image\":{\"@id\":\"https:\/\/www.espai.es\/blog\/2014\/04\/programacion-neuro-linguistica\/#primaryimage\"},\"thumbnailUrl\":\"https:\/\/www.espai.es\/blog\/wp-content\/uploads\/2014\/04\/escuela_espai_5.jpg\",\"datePublished\":\"2014-04-23T11:59:55+00:00\",\"dateModified\":\"2016-02-01T10:05:05+00:00\",\"author\":{\"@id\":\"https:\/\/www.espai.es\/blog\/#\/schema\/person\/d2e265073982f28e16cb7edccbd16602\"},\"description\":\"Programaci\u00f3n... Neuro Ling\u00fc\u00edstica. Escuela Espai, calle Enten\u00e7a 182, Barcelona, CP 08029. Tel 93 163 53 53. \u00c1rea de programaci\u00f3n y ofim\u00e1tica. Horario 10-22h\",\"breadcrumb\":{\"@id\":\"https:\/\/www.espai.es\/blog\/2014\/04\/programacion-neuro-linguistica\/#breadcrumb\"},\"inLanguage\":\"es\",\"potentialAction\":[{\"@type\":\"ReadAction\",\"target\":[\"https:\/\/www.espai.es\/blog\/2014\/04\/programacion-neuro-linguistica\/\"]}]},{\"@type\":\"ImageObject\",\"inLanguage\":\"es\",\"@id\":\"https:\/\/www.espai.es\/blog\/2014\/04\/programacion-neuro-linguistica\/#primaryimage\",\"url\":\"https:\/\/www.espai.es\/blog\/wp-content\/uploads\/2014\/04\/escuela_espai_5.jpg\",\"contentUrl\":\"https:\/\/www.espai.es\/blog\/wp-content\/uploads\/2014\/04\/escuela_espai_5.jpg\",\"width\":360,\"height\":240},{\"@type\":\"BreadcrumbList\",\"@id\":\"https:\/\/www.espai.es\/blog\/2014\/04\/programacion-neuro-linguistica\/#breadcrumb\",\"itemListElement\":[{\"@type\":\"ListItem\",\"position\":1,\"name\":\"Portada\",\"item\":\"https:\/\/www.espai.es\/blog\/\"},{\"@type\":\"ListItem\",\"position\":2,\"name\":\"Programaci\u00f3n&#8230; Neuro Ling\u00fc\u00edstica\"}]},{\"@type\":\"WebSite\",\"@id\":\"https:\/\/www.espai.es\/blog\/#website\",\"url\":\"https:\/\/www.espai.es\/blog\/\",\"name\":\"Blog Escola Espai\",\"description\":\"\",\"potentialAction\":[{\"@type\":\"SearchAction\",\"target\":{\"@type\":\"EntryPoint\",\"urlTemplate\":\"https:\/\/www.espai.es\/blog\/?s={search_term_string}\"},\"query-input\":{\"@type\":\"PropertyValueSpecification\",\"valueRequired\":true,\"valueName\":\"search_term_string\"}}],\"inLanguage\":\"es\"},{\"@type\":\"Person\",\"@id\":\"https:\/\/www.espai.es\/blog\/#\/schema\/person\/d2e265073982f28e16cb7edccbd16602\",\"name\":\"Escobar\",\"image\":{\"@type\":\"ImageObject\",\"inLanguage\":\"es\",\"@id\":\"https:\/\/www.espai.es\/blog\/#\/schema\/person\/image\/\",\"url\":\"https:\/\/secure.gravatar.com\/avatar\/6fb517675f8bc757ee26d9143abae3c5eac58b13068bfcbc1485bbb092cef370?s=96&d=mm&r=g\",\"contentUrl\":\"https:\/\/secure.gravatar.com\/avatar\/6fb517675f8bc757ee26d9143abae3c5eac58b13068bfcbc1485bbb092cef370?s=96&d=mm&r=g\",\"caption\":\"Escobar\"},\"sameAs\":[\"http:\/\/www.espai.es\"],\"url\":\"https:\/\/www.espai.es\/blog\/author\/escobar\/\"}]}<\/script>\n<!-- \/ Yoast SEO plugin. -->","yoast_head_json":{"title":"Programaci\u00f3n... Neuro Ling\u00fc\u00edstica - Blog Escola Espai","description":"Programaci\u00f3n... Neuro Ling\u00fc\u00edstica. Escuela Espai, calle Enten\u00e7a 182, Barcelona, CP 08029. Tel 93 163 53 53. \u00c1rea de programaci\u00f3n y ofim\u00e1tica. Horario 10-22h","robots":{"index":"index","follow":"follow","max-snippet":"max-snippet:-1","max-image-preview":"max-image-preview:large","max-video-preview":"max-video-preview:-1"},"canonical":"https:\/\/www.espai.es\/blog\/2014\/04\/programacion-neuro-linguistica\/","og_locale":"es_ES","og_type":"article","og_title":"Programaci\u00f3n... Neuro Ling\u00fc\u00edstica - Blog Escola Espai","og_description":"Programaci\u00f3n... Neuro Ling\u00fc\u00edstica. Escuela Espai, calle Enten\u00e7a 182, Barcelona, CP 08029. Tel 93 163 53 53. \u00c1rea de programaci\u00f3n y ofim\u00e1tica. Horario 10-22h","og_url":"https:\/\/www.espai.es\/blog\/2014\/04\/programacion-neuro-linguistica\/","og_site_name":"Blog Escola Espai","article_published_time":"2014-04-23T11:59:55+00:00","article_modified_time":"2016-02-01T10:05:05+00:00","og_image":[{"width":360,"height":240,"url":"https:\/\/www.espai.es\/blog\/wp-content\/uploads\/2014\/04\/escuela_espai_5.jpg","type":"image\/jpeg"}],"author":"Escobar","twitter_card":"summary_large_image","twitter_misc":{"Escrito por":"Escobar","Tiempo de lectura":"5 minutos"},"schema":{"@context":"https:\/\/schema.org","@graph":[{"@type":"Article","@id":"https:\/\/www.espai.es\/blog\/2014\/04\/programacion-neuro-linguistica\/#article","isPartOf":{"@id":"https:\/\/www.espai.es\/blog\/2014\/04\/programacion-neuro-linguistica\/"},"author":{"name":"Escobar","@id":"https:\/\/www.espai.es\/blog\/#\/schema\/person\/d2e265073982f28e16cb7edccbd16602"},"headline":"Programaci\u00f3n&#8230; Neuro Ling\u00fc\u00edstica","datePublished":"2014-04-23T11:59:55+00:00","dateModified":"2016-02-01T10:05:05+00:00","mainEntityOfPage":{"@id":"https:\/\/www.espai.es\/blog\/2014\/04\/programacion-neuro-linguistica\/"},"wordCount":935,"commentCount":1,"image":{"@id":"https:\/\/www.espai.es\/blog\/2014\/04\/programacion-neuro-linguistica\/#primaryimage"},"thumbnailUrl":"https:\/\/www.espai.es\/blog\/wp-content\/uploads\/2014\/04\/escuela_espai_5.jpg","keywords":["escuela espai","Motivaci\u00f3n","pnl"],"articleSection":["Productividad"],"inLanguage":"es","potentialAction":[{"@type":"CommentAction","name":"Comment","target":["https:\/\/www.espai.es\/blog\/2014\/04\/programacion-neuro-linguistica\/#respond"]}]},{"@type":"WebPage","@id":"https:\/\/www.espai.es\/blog\/2014\/04\/programacion-neuro-linguistica\/","url":"https:\/\/www.espai.es\/blog\/2014\/04\/programacion-neuro-linguistica\/","name":"Programaci\u00f3n... Neuro Ling\u00fc\u00edstica - Blog Escola Espai","isPartOf":{"@id":"https:\/\/www.espai.es\/blog\/#website"},"primaryImageOfPage":{"@id":"https:\/\/www.espai.es\/blog\/2014\/04\/programacion-neuro-linguistica\/#primaryimage"},"image":{"@id":"https:\/\/www.espai.es\/blog\/2014\/04\/programacion-neuro-linguistica\/#primaryimage"},"thumbnailUrl":"https:\/\/www.espai.es\/blog\/wp-content\/uploads\/2014\/04\/escuela_espai_5.jpg","datePublished":"2014-04-23T11:59:55+00:00","dateModified":"2016-02-01T10:05:05+00:00","author":{"@id":"https:\/\/www.espai.es\/blog\/#\/schema\/person\/d2e265073982f28e16cb7edccbd16602"},"description":"Programaci\u00f3n... Neuro Ling\u00fc\u00edstica. Escuela Espai, calle Enten\u00e7a 182, Barcelona, CP 08029. Tel 93 163 53 53. \u00c1rea de programaci\u00f3n y ofim\u00e1tica. Horario 10-22h","breadcrumb":{"@id":"https:\/\/www.espai.es\/blog\/2014\/04\/programacion-neuro-linguistica\/#breadcrumb"},"inLanguage":"es","potentialAction":[{"@type":"ReadAction","target":["https:\/\/www.espai.es\/blog\/2014\/04\/programacion-neuro-linguistica\/"]}]},{"@type":"ImageObject","inLanguage":"es","@id":"https:\/\/www.espai.es\/blog\/2014\/04\/programacion-neuro-linguistica\/#primaryimage","url":"https:\/\/www.espai.es\/blog\/wp-content\/uploads\/2014\/04\/escuela_espai_5.jpg","contentUrl":"https:\/\/www.espai.es\/blog\/wp-content\/uploads\/2014\/04\/escuela_espai_5.jpg","width":360,"height":240},{"@type":"BreadcrumbList","@id":"https:\/\/www.espai.es\/blog\/2014\/04\/programacion-neuro-linguistica\/#breadcrumb","itemListElement":[{"@type":"ListItem","position":1,"name":"Portada","item":"https:\/\/www.espai.es\/blog\/"},{"@type":"ListItem","position":2,"name":"Programaci\u00f3n&#8230; Neuro Ling\u00fc\u00edstica"}]},{"@type":"WebSite","@id":"https:\/\/www.espai.es\/blog\/#website","url":"https:\/\/www.espai.es\/blog\/","name":"Blog Escola Espai","description":"","potentialAction":[{"@type":"SearchAction","target":{"@type":"EntryPoint","urlTemplate":"https:\/\/www.espai.es\/blog\/?s={search_term_string}"},"query-input":{"@type":"PropertyValueSpecification","valueRequired":true,"valueName":"search_term_string"}}],"inLanguage":"es"},{"@type":"Person","@id":"https:\/\/www.espai.es\/blog\/#\/schema\/person\/d2e265073982f28e16cb7edccbd16602","name":"Escobar","image":{"@type":"ImageObject","inLanguage":"es","@id":"https:\/\/www.espai.es\/blog\/#\/schema\/person\/image\/","url":"https:\/\/secure.gravatar.com\/avatar\/6fb517675f8bc757ee26d9143abae3c5eac58b13068bfcbc1485bbb092cef370?s=96&d=mm&r=g","contentUrl":"https:\/\/secure.gravatar.com\/avatar\/6fb517675f8bc757ee26d9143abae3c5eac58b13068bfcbc1485bbb092cef370?s=96&d=mm&r=g","caption":"Escobar"},"sameAs":["http:\/\/www.espai.es"],"url":"https:\/\/www.espai.es\/blog\/author\/escobar\/"}]}},"jetpack_featured_media_url":"https:\/\/www.espai.es\/blog\/wp-content\/uploads\/2014\/04\/escuela_espai_5.jpg","jetpack_sharing_enabled":true,"_links":{"self":[{"href":"https:\/\/www.espai.es\/blog\/wp-json\/wp\/v2\/posts\/1807","targetHints":{"allow":["GET"]}}],"collection":[{"href":"https:\/\/www.espai.es\/blog\/wp-json\/wp\/v2\/posts"}],"about":[{"href":"https:\/\/www.espai.es\/blog\/wp-json\/wp\/v2\/types\/post"}],"author":[{"embeddable":true,"href":"https:\/\/www.espai.es\/blog\/wp-json\/wp\/v2\/users\/3"}],"replies":[{"embeddable":true,"href":"https:\/\/www.espai.es\/blog\/wp-json\/wp\/v2\/comments?post=1807"}],"version-history":[{"count":21,"href":"https:\/\/www.espai.es\/blog\/wp-json\/wp\/v2\/posts\/1807\/revisions"}],"predecessor-version":[{"id":4003,"href":"https:\/\/www.espai.es\/blog\/wp-json\/wp\/v2\/posts\/1807\/revisions\/4003"}],"wp:featuredmedia":[{"embeddable":true,"href":"https:\/\/www.espai.es\/blog\/wp-json\/wp\/v2\/media\/2315"}],"wp:attachment":[{"href":"https:\/\/www.espai.es\/blog\/wp-json\/wp\/v2\/media?parent=1807"}],"wp:term":[{"taxonomy":"category","embeddable":true,"href":"https:\/\/www.espai.es\/blog\/wp-json\/wp\/v2\/categories?post=1807"},{"taxonomy":"post_tag","embeddable":true,"href":"https:\/\/www.espai.es\/blog\/wp-json\/wp\/v2\/tags?post=1807"}],"curies":[{"name":"wp","href":"https:\/\/api.w.org\/{rel}","templated":true}]}}