{"id":1634,"date":"2014-01-30T13:02:06","date_gmt":"2014-01-30T11:02:06","guid":{"rendered":"http:\/\/www.espai.es\/blog\/?p=1634"},"modified":"2015-04-27T21:20:18","modified_gmt":"2015-04-27T20:20:18","slug":"ya-soy-alumno-de-escola-espai-por-donde-empiezo","status":"publish","type":"post","link":"https:\/\/www.espai.es\/blog\/2014\/01\/ya-soy-alumno-de-escola-espai-por-donde-empiezo\/","title":{"rendered":"Ya soy alumno de Escola Espai \u00bfPor d\u00f3nde empiezo?"},"content":{"rendered":"<p style=\"text-align: justify;\">Ya soy alumno de Escola Espai \u00bfPor d\u00f3nde empiezo?<\/p>\n<p style=\"text-align: justify;\">Bien pues antes de nada, darte la bienvenida a <a title=\"Escola Espai Barcelona\" href=\"http:\/\/www.espai.es\/\" target=\"_blank\">Escola Espai<\/a><\/p>\n<p style=\"text-align: justify;\">Te has matriculado en un curso, te hemos explicado todos los recursos con los que cuenta la escuela, pero ahora que ha llegado el momento de empezar, te encuentras perdido y un poco desubicado entre tantas clases, recursos y posibilidades.<\/p>\n<p style=\"text-align: justify;\">Pues bien, la idea de este post es ordenarte un poco todo lo que te ha explicado nuestra asesora de estudios, para que estos primeros d\u00edas en nuestra escuela, sean lo m\u00e1s f\u00e1ciles y c\u00f3modos para ti, que enseguida te sientas uno m\u00e1s de nosotros y tus objetivos iniciales se vean materializados en el tiempo previsto. Empecemos!!<\/p>\n<h4><strong>\u00bfQu\u00e9 significa ense\u00f1anza individual?<\/strong><\/h4>\n<p style=\"text-align: justify;\">La escuela est\u00e1 abierta <strong>de 10 a 22 horas de Lunes a Viernes y S\u00e1bados de 10 a 14 horas<\/strong>. Como ver\u00e1s, un horario lo suficientemente amplio para poder asistir de una forma regular, pudiendo combinar la formaci\u00f3n con trabajo y\/o\u00a0 estudios que est\u00e9s realizando.<\/p>\n<p style=\"text-align: justify;\">Lo que nosotros te aconsejamos es que vengas como <strong>m\u00ednimo 5-6 horas semanales<\/strong> y que estas horas a ser posible las repartas en dos d\u00edas diferentes. Si vives cerca, no est\u00e1s trabajando o simplemente puedes venir m\u00e1s, much\u00edsimo mejor, especialmente al iniciar tu formaci\u00f3n, que es cuando tienes que familiarizarte con nuestro sistema, conocer al profesor y que \u00e9ste a su vez conozca tu forma de trabajar, conocimientos previos, habilidades personales, etc&#8230;<\/p>\n<p style=\"text-align: justify;\">En estas horas podr\u00e1s desarrollar el temario, siguiendo el plan de estudios siempre con el soporte de tu profesor, que te resolver\u00e1 las dudas o preguntas que te puedan surgir mientras desarrollas la materia.<\/p>\n<p style=\"text-align: justify;\"><a href=\"http:\/\/www.espai.es\/blog\/wp-content\/uploads\/2014\/01\/Fotolia_60532680_S1.jpg\"><img loading=\"lazy\" decoding=\"async\" class=\"aligncenter size-medium wp-image-1670\" title=\"junge gesch\u00c3\u00a4ftsleute zeigen etwas am laptop\" src=\"http:\/\/www.espai.es\/blog\/wp-content\/uploads\/2014\/01\/Fotolia_60532680_S1-300x200.jpg\" alt=\"\" width=\"300\" height=\"200\" \/><\/a><\/p>\n<h4><strong>Seminarios Presenciales<\/strong><\/h4>\n<p style=\"text-align: justify;\">Para reforzar nuestro sistema de ense\u00f1anza, en el plan de estudios se incluyen una serie de seminarios presenciales a los que es muy recomendable que asistas. El calendario de seminarios est\u00e1 visible en nuestra p\u00e1gina web en la zona de alumnos. Desde all\u00ed puedes inscribirte t\u00fa mismo al seminario que te interese, con el c\u00f3digo de alumno que la secretaria te ha proporcionado el primer d\u00eda de clase.<\/p>\n<p style=\"text-align: justify;\"><strong>\u00bfC\u00f3mo funciona?<\/strong> Segmentamos el temario en varias partes y de cada una de ellas hacemos un seminario. De esta forma, tu profesor desarrolla la materia de forma <strong>100% presencial<\/strong>, con ejemplos pr\u00e1cticos que te ayudar\u00e1n a entender mucho mejor los puntos del temario.<\/p>\n<h4 style=\"text-align: justify;\">Podcast o tutoriales on-line<\/h4>\n<p style=\"text-align: justify;\">Adem\u00e1s de los recursos mencionados, tienes a tu disposici\u00f3n un gran n\u00famero de podcasts que puedes escuchar desde casa, desde la oficina o incluso si lo deseas puedes hacerlo desde el aula (en secretar\u00eda pide unos cascos con tu carnet de alumno).<\/p>\n<p style=\"text-align: justify;\">Estos tutoriales est\u00e1n grabados por tu profesor, lo que te garantiza que todo lo que aprendas en ellos est\u00e1 dentro de tu plan de estudios. Te ayudar\u00e1n a repasar los puntos m\u00e1s complejos del temario, podr\u00e1s parar en el punto que desees y practicar a la par que vas escuchando el tutorial y por supuesto verlo tantas veces como desees y desde donde t\u00fa quieras.<\/p>\n<h4 style=\"text-align: justify;\">Nuestro Campus Online<\/h4>\n<p style=\"text-align: justify;\">Una herramienta muy \u00fatil es nuestro Campus Online, porque te ayuda a conocer todos los puntos del temario que tienes que realizar, cu\u00e1les son los seminarios a los que has de asistir y qu\u00e9 podcasts tienes a tu disposici\u00f3n. Adem\u00e1s cuentas con un foro donde los alumnos y profesores compart\u00eds dudas y comentarios, puedes consultar desde aqu\u00ed los dossiers complementarios y descarg\u00e1rtelos, cuestionarios de nivel, etc&#8230;<\/p>\n<h4 style=\"text-align: justify;\">Lo m\u00e1s importante&#8230; tu motivaci\u00f3n<\/h4>\n<p style=\"text-align: justify;\">Por supuesto nosotros estamos para ayudarte en todo lo que necesites, pero lo m\u00e1s importante es que t\u00fa est\u00e9s motivado para formarte y tengas confianza en ti mismo. Como bien nos explic\u00f3 <a title=\"Motivaci\u00f3n en el estudio por Rafael santandreu\" href=\"https:\/\/www.youtube.com\/watch?v=0eml4nyJqlU\" target=\"_blank\">Rafael Santandreu<\/a> en su visita a Espai, es muy importante que todo lo que empecemos lo terminemos. Y eso en realidad s\u00f3lo depende de ti, nos gustar\u00eda que ahora que eres uno m\u00e1s de Escola Espai, aproveches todos los recursos que te ofrece la escuela para conseguir tus objetivos iniciales y &#8230; muchos m\u00e1s.<\/p>\n<p style=\"text-align: justify;\"><strong>Bienvenido a Espai!!<\/strong><\/p>\n","protected":false},"excerpt":{"rendered":"<p>Ya soy alumno de Escola Espai \u00bfPor d\u00f3nde empiezo? Bien pues antes de nada, darte la bienvenida a Escola Espai Te has matriculado en un curso, te hemos explicado todos los recursos con los que cuenta la escuela, pero ahora que ha llegado el momento&#8230;<\/p>\n","protected":false},"author":11,"featured_media":2139,"comment_status":"open","ping_status":"open","sticky":false,"template":"","format":"standard","meta":{"_monsterinsights_skip_tracking":false,"_monsterinsights_sitenote_active":false,"_monsterinsights_sitenote_note":"","_monsterinsights_sitenote_category":0,"jetpack_post_was_ever_published":false,"_jetpack_newsletter_access":"","_jetpack_dont_email_post_to_subs":false,"_jetpack_newsletter_tier_id":0,"_jetpack_memberships_contains_paywalled_content":false,"_ef_editorial_meta_date_first-draft-date":"","_ef_editorial_meta_paragraph_assignment":"","_ef_editorial_meta_checkbox_needs-photo":"","_ef_editorial_meta_number_word-count":"","_jetpack_memberships_contains_paid_content":false,"footnotes":""},"categories":[218],"tags":[528,219,229,217,228,227],"class_list":["post-1634","post","type-post","status-publish","format-standard","has-post-thumbnail","hentry","category-escola-espai","tag-escola-espai","tag-espai-barcelona","tag-motivacion","tag-opiniones","tag-rafael-santandreu","tag-seminarios"],"yoast_head":"<!-- This site is optimized with the Yoast SEO plugin v27.1.1 - https:\/\/yoast.com\/product\/yoast-seo-wordpress\/ -->\n<title>Ya soy alumno de Escola Espai \u00bfPor d\u00f3nde empiezo?<\/title>\n<meta name=\"description\" content=\"Si ya eres alumno de Escola Espai y no sabes por d\u00f3nde empezar, en este art\u00edculo encontrar\u00e1s una buena gu\u00eda de todos los recursos que tienes a tu alcance.\" \/>\n<meta name=\"robots\" content=\"index, follow, max-snippet:-1, max-image-preview:large, max-video-preview:-1\" \/>\n<link rel=\"canonical\" href=\"https:\/\/www.espai.es\/blog\/2014\/01\/ya-soy-alumno-de-escola-espai-por-donde-empiezo\/\" \/>\n<meta property=\"og:locale\" content=\"es_ES\" \/>\n<meta property=\"og:type\" content=\"article\" \/>\n<meta property=\"og:title\" content=\"Ya soy alumno de Escola Espai \u00bfPor d\u00f3nde empiezo?\" \/>\n<meta property=\"og:description\" content=\"Si ya eres alumno de Escola Espai y no sabes por d\u00f3nde empezar, en este art\u00edculo encontrar\u00e1s una buena gu\u00eda de todos los recursos que tienes a tu alcance.\" \/>\n<meta property=\"og:url\" content=\"https:\/\/www.espai.es\/blog\/2014\/01\/ya-soy-alumno-de-escola-espai-por-donde-empiezo\/\" \/>\n<meta property=\"og:site_name\" content=\"Blog Escola Espai\" \/>\n<meta property=\"article:published_time\" content=\"2014-01-30T11:02:06+00:00\" \/>\n<meta property=\"article:modified_time\" content=\"2015-04-27T20:20:18+00:00\" \/>\n<meta property=\"og:image\" content=\"https:\/\/www.espai.es\/blog\/wp-content\/uploads\/2014\/01\/Fotolia_60532680_S1.jpg\" \/>\n\t<meta property=\"og:image:width\" content=\"360\" \/>\n\t<meta property=\"og:image:height\" content=\"240\" \/>\n\t<meta property=\"og:image:type\" content=\"image\/jpeg\" \/>\n<meta name=\"author\" content=\"Magui Sanz\" \/>\n<meta name=\"twitter:card\" content=\"summary_large_image\" \/>\n<meta name=\"twitter:label1\" content=\"Escrito por\" \/>\n\t<meta name=\"twitter:data1\" content=\"Magui Sanz\" \/>\n\t<meta name=\"twitter:label2\" content=\"Tiempo de lectura\" \/>\n\t<meta name=\"twitter:data2\" content=\"4 minutos\" \/>\n<script type=\"application\/ld+json\" class=\"yoast-schema-graph\">{\"@context\":\"https:\/\/schema.org\",\"@graph\":[{\"@type\":\"Article\",\"@id\":\"https:\/\/www.espai.es\/blog\/2014\/01\/ya-soy-alumno-de-escola-espai-por-donde-empiezo\/#article\",\"isPartOf\":{\"@id\":\"https:\/\/www.espai.es\/blog\/2014\/01\/ya-soy-alumno-de-escola-espai-por-donde-empiezo\/\"},\"author\":{\"name\":\"Magui Sanz\",\"@id\":\"https:\/\/www.espai.es\/blog\/#\/schema\/person\/b5a4f91fbe4f0cfb43c9a3c2ad6efe50\"},\"headline\":\"Ya soy alumno de Escola Espai \u00bfPor d\u00f3nde empiezo?\",\"datePublished\":\"2014-01-30T11:02:06+00:00\",\"dateModified\":\"2015-04-27T20:20:18+00:00\",\"mainEntityOfPage\":{\"@id\":\"https:\/\/www.espai.es\/blog\/2014\/01\/ya-soy-alumno-de-escola-espai-por-donde-empiezo\/\"},\"wordCount\":710,\"commentCount\":3,\"image\":{\"@id\":\"https:\/\/www.espai.es\/blog\/2014\/01\/ya-soy-alumno-de-escola-espai-por-donde-empiezo\/#primaryimage\"},\"thumbnailUrl\":\"https:\/\/www.espai.es\/blog\/wp-content\/uploads\/2014\/01\/Fotolia_60532680_S1.jpg\",\"keywords\":[\"Escola Espai\",\"Espai Barcelona\",\"Motivaci\u00f3n\",\"Opiniones\",\"Rafael Santandreu\",\"Seminarios\"],\"articleSection\":[\"Escola Espai\"],\"inLanguage\":\"es\",\"potentialAction\":[{\"@type\":\"CommentAction\",\"name\":\"Comment\",\"target\":[\"https:\/\/www.espai.es\/blog\/2014\/01\/ya-soy-alumno-de-escola-espai-por-donde-empiezo\/#respond\"]}]},{\"@type\":\"WebPage\",\"@id\":\"https:\/\/www.espai.es\/blog\/2014\/01\/ya-soy-alumno-de-escola-espai-por-donde-empiezo\/\",\"url\":\"https:\/\/www.espai.es\/blog\/2014\/01\/ya-soy-alumno-de-escola-espai-por-donde-empiezo\/\",\"name\":\"Ya soy alumno de Escola Espai \u00bfPor d\u00f3nde empiezo?\",\"isPartOf\":{\"@id\":\"https:\/\/www.espai.es\/blog\/#website\"},\"primaryImageOfPage\":{\"@id\":\"https:\/\/www.espai.es\/blog\/2014\/01\/ya-soy-alumno-de-escola-espai-por-donde-empiezo\/#primaryimage\"},\"image\":{\"@id\":\"https:\/\/www.espai.es\/blog\/2014\/01\/ya-soy-alumno-de-escola-espai-por-donde-empiezo\/#primaryimage\"},\"thumbnailUrl\":\"https:\/\/www.espai.es\/blog\/wp-content\/uploads\/2014\/01\/Fotolia_60532680_S1.jpg\",\"datePublished\":\"2014-01-30T11:02:06+00:00\",\"dateModified\":\"2015-04-27T20:20:18+00:00\",\"author\":{\"@id\":\"https:\/\/www.espai.es\/blog\/#\/schema\/person\/b5a4f91fbe4f0cfb43c9a3c2ad6efe50\"},\"description\":\"Si ya eres alumno de Escola Espai y no sabes por d\u00f3nde empezar, en este art\u00edculo encontrar\u00e1s una buena gu\u00eda de todos los recursos que tienes a tu alcance.\",\"breadcrumb\":{\"@id\":\"https:\/\/www.espai.es\/blog\/2014\/01\/ya-soy-alumno-de-escola-espai-por-donde-empiezo\/#breadcrumb\"},\"inLanguage\":\"es\",\"potentialAction\":[{\"@type\":\"ReadAction\",\"target\":[\"https:\/\/www.espai.es\/blog\/2014\/01\/ya-soy-alumno-de-escola-espai-por-donde-empiezo\/\"]}]},{\"@type\":\"ImageObject\",\"inLanguage\":\"es\",\"@id\":\"https:\/\/www.espai.es\/blog\/2014\/01\/ya-soy-alumno-de-escola-espai-por-donde-empiezo\/#primaryimage\",\"url\":\"https:\/\/www.espai.es\/blog\/wp-content\/uploads\/2014\/01\/Fotolia_60532680_S1.jpg\",\"contentUrl\":\"https:\/\/www.espai.es\/blog\/wp-content\/uploads\/2014\/01\/Fotolia_60532680_S1.jpg\",\"width\":360,\"height\":240},{\"@type\":\"BreadcrumbList\",\"@id\":\"https:\/\/www.espai.es\/blog\/2014\/01\/ya-soy-alumno-de-escola-espai-por-donde-empiezo\/#breadcrumb\",\"itemListElement\":[{\"@type\":\"ListItem\",\"position\":1,\"name\":\"Portada\",\"item\":\"https:\/\/www.espai.es\/blog\/\"},{\"@type\":\"ListItem\",\"position\":2,\"name\":\"Ya soy alumno de Escola Espai \u00bfPor d\u00f3nde empiezo?\"}]},{\"@type\":\"WebSite\",\"@id\":\"https:\/\/www.espai.es\/blog\/#website\",\"url\":\"https:\/\/www.espai.es\/blog\/\",\"name\":\"Blog Escola Espai\",\"description\":\"\",\"potentialAction\":[{\"@type\":\"SearchAction\",\"target\":{\"@type\":\"EntryPoint\",\"urlTemplate\":\"https:\/\/www.espai.es\/blog\/?s={search_term_string}\"},\"query-input\":{\"@type\":\"PropertyValueSpecification\",\"valueRequired\":true,\"valueName\":\"search_term_string\"}}],\"inLanguage\":\"es\"},{\"@type\":\"Person\",\"@id\":\"https:\/\/www.espai.es\/blog\/#\/schema\/person\/b5a4f91fbe4f0cfb43c9a3c2ad6efe50\",\"name\":\"Magui Sanz\",\"image\":{\"@type\":\"ImageObject\",\"inLanguage\":\"es\",\"@id\":\"https:\/\/www.espai.es\/blog\/#\/schema\/person\/image\/\",\"url\":\"https:\/\/secure.gravatar.com\/avatar\/2c98f884b643db29421cd130f4740b473315f3a6cb026b8f12cc50d1cce44b50?s=96&d=mm&r=g\",\"contentUrl\":\"https:\/\/secure.gravatar.com\/avatar\/2c98f884b643db29421cd130f4740b473315f3a6cb026b8f12cc50d1cce44b50?s=96&d=mm&r=g\",\"caption\":\"Magui Sanz\"},\"sameAs\":[\"http:\/\/www.espai.es\"],\"url\":\"https:\/\/www.espai.es\/blog\/author\/magui\/\"}]}<\/script>\n<!-- \/ Yoast SEO plugin. -->","yoast_head_json":{"title":"Ya soy alumno de Escola Espai \u00bfPor d\u00f3nde empiezo?","description":"Si ya eres alumno de Escola Espai y no sabes por d\u00f3nde empezar, en este art\u00edculo encontrar\u00e1s una buena gu\u00eda de todos los recursos que tienes a tu alcance.","robots":{"index":"index","follow":"follow","max-snippet":"max-snippet:-1","max-image-preview":"max-image-preview:large","max-video-preview":"max-video-preview:-1"},"canonical":"https:\/\/www.espai.es\/blog\/2014\/01\/ya-soy-alumno-de-escola-espai-por-donde-empiezo\/","og_locale":"es_ES","og_type":"article","og_title":"Ya soy alumno de Escola Espai \u00bfPor d\u00f3nde empiezo?","og_description":"Si ya eres alumno de Escola Espai y no sabes por d\u00f3nde empezar, en este art\u00edculo encontrar\u00e1s una buena gu\u00eda de todos los recursos que tienes a tu alcance.","og_url":"https:\/\/www.espai.es\/blog\/2014\/01\/ya-soy-alumno-de-escola-espai-por-donde-empiezo\/","og_site_name":"Blog Escola Espai","article_published_time":"2014-01-30T11:02:06+00:00","article_modified_time":"2015-04-27T20:20:18+00:00","og_image":[{"width":360,"height":240,"url":"https:\/\/www.espai.es\/blog\/wp-content\/uploads\/2014\/01\/Fotolia_60532680_S1.jpg","type":"image\/jpeg"}],"author":"Magui Sanz","twitter_card":"summary_large_image","twitter_misc":{"Escrito por":"Magui Sanz","Tiempo de lectura":"4 minutos"},"schema":{"@context":"https:\/\/schema.org","@graph":[{"@type":"Article","@id":"https:\/\/www.espai.es\/blog\/2014\/01\/ya-soy-alumno-de-escola-espai-por-donde-empiezo\/#article","isPartOf":{"@id":"https:\/\/www.espai.es\/blog\/2014\/01\/ya-soy-alumno-de-escola-espai-por-donde-empiezo\/"},"author":{"name":"Magui Sanz","@id":"https:\/\/www.espai.es\/blog\/#\/schema\/person\/b5a4f91fbe4f0cfb43c9a3c2ad6efe50"},"headline":"Ya soy alumno de Escola Espai \u00bfPor d\u00f3nde empiezo?","datePublished":"2014-01-30T11:02:06+00:00","dateModified":"2015-04-27T20:20:18+00:00","mainEntityOfPage":{"@id":"https:\/\/www.espai.es\/blog\/2014\/01\/ya-soy-alumno-de-escola-espai-por-donde-empiezo\/"},"wordCount":710,"commentCount":3,"image":{"@id":"https:\/\/www.espai.es\/blog\/2014\/01\/ya-soy-alumno-de-escola-espai-por-donde-empiezo\/#primaryimage"},"thumbnailUrl":"https:\/\/www.espai.es\/blog\/wp-content\/uploads\/2014\/01\/Fotolia_60532680_S1.jpg","keywords":["Escola Espai","Espai Barcelona","Motivaci\u00f3n","Opiniones","Rafael Santandreu","Seminarios"],"articleSection":["Escola Espai"],"inLanguage":"es","potentialAction":[{"@type":"CommentAction","name":"Comment","target":["https:\/\/www.espai.es\/blog\/2014\/01\/ya-soy-alumno-de-escola-espai-por-donde-empiezo\/#respond"]}]},{"@type":"WebPage","@id":"https:\/\/www.espai.es\/blog\/2014\/01\/ya-soy-alumno-de-escola-espai-por-donde-empiezo\/","url":"https:\/\/www.espai.es\/blog\/2014\/01\/ya-soy-alumno-de-escola-espai-por-donde-empiezo\/","name":"Ya soy alumno de Escola Espai \u00bfPor d\u00f3nde empiezo?","isPartOf":{"@id":"https:\/\/www.espai.es\/blog\/#website"},"primaryImageOfPage":{"@id":"https:\/\/www.espai.es\/blog\/2014\/01\/ya-soy-alumno-de-escola-espai-por-donde-empiezo\/#primaryimage"},"image":{"@id":"https:\/\/www.espai.es\/blog\/2014\/01\/ya-soy-alumno-de-escola-espai-por-donde-empiezo\/#primaryimage"},"thumbnailUrl":"https:\/\/www.espai.es\/blog\/wp-content\/uploads\/2014\/01\/Fotolia_60532680_S1.jpg","datePublished":"2014-01-30T11:02:06+00:00","dateModified":"2015-04-27T20:20:18+00:00","author":{"@id":"https:\/\/www.espai.es\/blog\/#\/schema\/person\/b5a4f91fbe4f0cfb43c9a3c2ad6efe50"},"description":"Si ya eres alumno de Escola Espai y no sabes por d\u00f3nde empezar, en este art\u00edculo encontrar\u00e1s una buena gu\u00eda de todos los recursos que tienes a tu alcance.","breadcrumb":{"@id":"https:\/\/www.espai.es\/blog\/2014\/01\/ya-soy-alumno-de-escola-espai-por-donde-empiezo\/#breadcrumb"},"inLanguage":"es","potentialAction":[{"@type":"ReadAction","target":["https:\/\/www.espai.es\/blog\/2014\/01\/ya-soy-alumno-de-escola-espai-por-donde-empiezo\/"]}]},{"@type":"ImageObject","inLanguage":"es","@id":"https:\/\/www.espai.es\/blog\/2014\/01\/ya-soy-alumno-de-escola-espai-por-donde-empiezo\/#primaryimage","url":"https:\/\/www.espai.es\/blog\/wp-content\/uploads\/2014\/01\/Fotolia_60532680_S1.jpg","contentUrl":"https:\/\/www.espai.es\/blog\/wp-content\/uploads\/2014\/01\/Fotolia_60532680_S1.jpg","width":360,"height":240},{"@type":"BreadcrumbList","@id":"https:\/\/www.espai.es\/blog\/2014\/01\/ya-soy-alumno-de-escola-espai-por-donde-empiezo\/#breadcrumb","itemListElement":[{"@type":"ListItem","position":1,"name":"Portada","item":"https:\/\/www.espai.es\/blog\/"},{"@type":"ListItem","position":2,"name":"Ya soy alumno de Escola Espai \u00bfPor d\u00f3nde empiezo?"}]},{"@type":"WebSite","@id":"https:\/\/www.espai.es\/blog\/#website","url":"https:\/\/www.espai.es\/blog\/","name":"Blog Escola Espai","description":"","potentialAction":[{"@type":"SearchAction","target":{"@type":"EntryPoint","urlTemplate":"https:\/\/www.espai.es\/blog\/?s={search_term_string}"},"query-input":{"@type":"PropertyValueSpecification","valueRequired":true,"valueName":"search_term_string"}}],"inLanguage":"es"},{"@type":"Person","@id":"https:\/\/www.espai.es\/blog\/#\/schema\/person\/b5a4f91fbe4f0cfb43c9a3c2ad6efe50","name":"Magui Sanz","image":{"@type":"ImageObject","inLanguage":"es","@id":"https:\/\/www.espai.es\/blog\/#\/schema\/person\/image\/","url":"https:\/\/secure.gravatar.com\/avatar\/2c98f884b643db29421cd130f4740b473315f3a6cb026b8f12cc50d1cce44b50?s=96&d=mm&r=g","contentUrl":"https:\/\/secure.gravatar.com\/avatar\/2c98f884b643db29421cd130f4740b473315f3a6cb026b8f12cc50d1cce44b50?s=96&d=mm&r=g","caption":"Magui Sanz"},"sameAs":["http:\/\/www.espai.es"],"url":"https:\/\/www.espai.es\/blog\/author\/magui\/"}]}},"jetpack_featured_media_url":"https:\/\/www.espai.es\/blog\/wp-content\/uploads\/2014\/01\/Fotolia_60532680_S1.jpg","jetpack_sharing_enabled":true,"_links":{"self":[{"href":"https:\/\/www.espai.es\/blog\/wp-json\/wp\/v2\/posts\/1634","targetHints":{"allow":["GET"]}}],"collection":[{"href":"https:\/\/www.espai.es\/blog\/wp-json\/wp\/v2\/posts"}],"about":[{"href":"https:\/\/www.espai.es\/blog\/wp-json\/wp\/v2\/types\/post"}],"author":[{"embeddable":true,"href":"https:\/\/www.espai.es\/blog\/wp-json\/wp\/v2\/users\/11"}],"replies":[{"embeddable":true,"href":"https:\/\/www.espai.es\/blog\/wp-json\/wp\/v2\/comments?post=1634"}],"version-history":[{"count":14,"href":"https:\/\/www.espai.es\/blog\/wp-json\/wp\/v2\/posts\/1634\/revisions"}],"predecessor-version":[{"id":3436,"href":"https:\/\/www.espai.es\/blog\/wp-json\/wp\/v2\/posts\/1634\/revisions\/3436"}],"wp:featuredmedia":[{"embeddable":true,"href":"https:\/\/www.espai.es\/blog\/wp-json\/wp\/v2\/media\/2139"}],"wp:attachment":[{"href":"https:\/\/www.espai.es\/blog\/wp-json\/wp\/v2\/media?parent=1634"}],"wp:term":[{"taxonomy":"category","embeddable":true,"href":"https:\/\/www.espai.es\/blog\/wp-json\/wp\/v2\/categories?post=1634"},{"taxonomy":"post_tag","embeddable":true,"href":"https:\/\/www.espai.es\/blog\/wp-json\/wp\/v2\/tags?post=1634"}],"curies":[{"name":"wp","href":"https:\/\/api.w.org\/{rel}","templated":true}]}}