{"id":15370,"date":"2024-11-20T18:12:21","date_gmt":"2024-11-20T16:12:21","guid":{"rendered":"https:\/\/www.espai.es\/blog\/?p=15370"},"modified":"2024-11-20T19:30:36","modified_gmt":"2024-11-20T17:30:36","slug":"videos-cortos","status":"publish","type":"post","link":"https:\/\/www.espai.es\/blog\/2024\/11\/videos-cortos\/","title":{"rendered":"El poder de los v\u00eddeos cortos"},"content":{"rendered":"<h2>5 trucos para cautivar a tu audiencia en menos de 60 segundos con v\u00eddeos cortos<\/h2>\n<p>Los <strong>v\u00eddeos cortos<\/strong> son el alma de las redes sociales. En menos de un minuto puedes captar la atenci\u00f3n de tu audiencia, transmitir un mensaje claro y, con suerte, lograr que compartan tu contenido. Pero, \u00bfc\u00f3mo hacer que esos 60 segundos realmente cuenten? Aqu\u00ed tienes una gu\u00eda paso a paso para preparar, grabar y editar v\u00eddeos efectivos que triunfen en plataformas como Instagram o TikTok.<\/p>\n<p>&nbsp;<\/p>\n<h3>1. Define tu contenido: aprovecha la IA para planificar<\/h3>\n<p>&nbsp;<\/p>\n<p>Antes de grabar, decide qu\u00e9 tipo de v\u00eddeo quieres hacer:<\/p>\n<ul>\n<li><strong>Entrevista breve:<\/strong> Ideal para dar visibilidad a expertos o conectar con tu audiencia de forma aut\u00e9ntica.<\/li>\n<li><strong>Resumen de un evento:<\/strong> Perfecto para captar la atenci\u00f3n de quienes no pudieron asistir.<\/li>\n<li><strong>Storytelling:<\/strong> Comparte una historia breve pero impactante que despierte emociones.<\/li>\n<\/ul>\n<p>Si te falta inspiraci\u00f3n, herramientas como <a href=\"https:\/\/espai.es\/curso\/curso-introduccion-a-la-inteligencia-artificial-chatgpt\/\" target=\"_blank\" rel=\"noopener\">ChatGPT<\/a> pueden ayudarte a estructurar el guion del v\u00eddeo. Por ejemplo, puedes pedirle que te sugiera frases impactantes o incluso ideas creativas para transmitir tu mensaje en pocos segundos a trav\u00e9s de videos cortos.<\/p>\n<p>&nbsp;<\/p>\n<h3>2. Graba como un profesional con tu m\u00f3vil<\/h3>\n<p>&nbsp;<\/p>\n<p>No necesitas un equipo de grabaci\u00f3n costoso para obtener buenos resultados. Aqu\u00ed tienes algunos trucos esenciales:<\/p>\n<ul>\n<li><strong>Buena luz:<\/strong> Graba cerca de una ventana con luz natural o utiliza un aro de luz para iluminar tu rostro y fondo de manera uniforme.<\/li>\n<li><strong>Estabilidad:<\/strong> Usa un tr\u00edpode o apoya el m\u00f3vil sobre una superficie estable para evitar movimientos bruscos.<\/li>\n<li><strong>Composici\u00f3n:<\/strong> Activa la cuadr\u00edcula de tu c\u00e1mara y sigue la regla de los tercios para que el encuadre sea atractivo.<\/li>\n<li><strong>Revisa el fondo:<\/strong> Aseg\u00farate de que no haya distracciones o elementos fuera de lugar en el escenario.<\/li>\n<\/ul>\n<p>&nbsp;<\/p>\n<h3>3. A\u00f1ade un toque profesional con CapCut<\/h3>\n<p>&nbsp;<\/p>\n<p>CapCut es una herramienta intuitiva para editar v\u00eddeos desde el m\u00f3vil. Aqu\u00ed tienes algunas funciones clave:<\/p>\n<ul>\n<li><strong>Cortes r\u00e1pidos:<\/strong> Elimina pausas o errores para que tu v\u00eddeo sea din\u00e1mico.<\/li>\n<li><strong>Textos llamativos:<\/strong> A\u00f1ade subt\u00edtulos o palabras clave en pantalla para destacar tu mensaje.<\/li>\n<li><strong>Efectos y transiciones:<\/strong> Usa efectos sencillos para mantener la atenci\u00f3n del espectador.<\/li>\n<li><strong>Formato adecuado:<\/strong> Ajusta el v\u00eddeo a formato vertical (9:16) para que se vea perfecto en redes sociales.<\/li>\n<\/ul>\n<p>&nbsp;<\/p>\n<h3>4. La m\u00fasica: el coraz\u00f3n de tus v\u00eddeos cortos<\/h3>\n<p>&nbsp;<\/p>\n<p>La m\u00fasica puede transformar completamente la experiencia de tus v\u00eddeos cortos. En Instagram y TikTok tienes acceso a una biblioteca inmensa:<\/p>\n<ul>\n<li><strong>Tendencias:<\/strong> Busca canciones populares o sonidos que est\u00e9n en tendencia, ya que esto aumenta la visibilidad de tu contenido.<\/li>\n<li><strong>Tono adecuado:<\/strong> Elige m\u00fasica que coincida con la emoci\u00f3n de tu v\u00eddeo. Por ejemplo, algo en\u00e9rgico para un resumen de evento o un ritmo m\u00e1s suave para storytelling.<\/li>\n<li><strong>Volumen balanceado:<\/strong> Aseg\u00farate de que la m\u00fasica no tape tu voz, si est\u00e1s hablando en el v\u00eddeo.<\/li>\n<\/ul>\n<p>&nbsp;<\/p>\n<h3>5. Publica y analiza los resultados<\/h3>\n<p>&nbsp;<\/p>\n<p>Antes de publicar, revisa tu v\u00eddeo para asegurarte de que cumple con el objetivo inicial. Una vez publicado, observa las m\u00e9tricas: \u00bftiene interacciones? \u00bfC\u00f3mo responde tu audiencia? Esto te ayudar\u00e1 a mejorar para futuros contenidos.<\/p>\n<p>Los v\u00eddeos cortos son una herramienta poderosa para destacar en redes sociales. Con estos trucos y un poco de pr\u00e1ctica, estar\u00e1s listo para captar la atenci\u00f3n de tu audiencia en menos de 60 segundos. \u00a1Empieza a grabar! <\/p>\n","protected":false},"excerpt":{"rendered":"<p>Los v\u00eddeos cortos son el alma de las redes sociales. En menos de un minuto puedes captar la atenci\u00f3n de tu audiencia.<\/p>\n","protected":false},"author":44,"featured_media":15371,"comment_status":"open","ping_status":"closed","sticky":false,"template":"","format":"standard","meta":{"_monsterinsights_skip_tracking":false,"_monsterinsights_sitenote_active":false,"_monsterinsights_sitenote_note":"","_monsterinsights_sitenote_category":0,"jetpack_post_was_ever_published":false,"_jetpack_newsletter_access":"","_jetpack_dont_email_post_to_subs":false,"_jetpack_newsletter_tier_id":0,"_jetpack_memberships_contains_paywalled_content":false,"_ef_editorial_meta_date_first-draft-date":"","_ef_editorial_meta_paragraph_assignment":"","_ef_editorial_meta_checkbox_needs-photo":"","_ef_editorial_meta_number_word-count":"","_jetpack_memberships_contains_paid_content":false,"footnotes":""},"categories":[9,390],"tags":[898,584,198],"class_list":["post-15370","post","type-post","status-publish","format-standard","has-post-thumbnail","hentry","category-marketing-online","category-redes-sociales","tag-edicion-video","tag-marketing-digital","tag-redes-sociales"],"yoast_head":"<!-- This site is optimized with the Yoast SEO plugin v27.1.1 - https:\/\/yoast.com\/product\/yoast-seo-wordpress\/ -->\n<title>El poder de los v\u00eddeos cortos - Blog Escola Espai<\/title>\n<meta name=\"description\" content=\"Los v\u00eddeos cortos son el alma de las redes sociales. En menos de un minuto puedes captar la atenci\u00f3n de tu audiencia.\" \/>\n<meta name=\"robots\" content=\"index, follow, max-snippet:-1, max-image-preview:large, max-video-preview:-1\" \/>\n<link rel=\"canonical\" href=\"https:\/\/www.espai.es\/blog\/2024\/11\/videos-cortos\/\" \/>\n<meta property=\"og:locale\" content=\"es_ES\" \/>\n<meta property=\"og:type\" content=\"article\" \/>\n<meta property=\"og:title\" content=\"El poder de los v\u00eddeos cortos - Blog Escola Espai\" \/>\n<meta property=\"og:description\" content=\"Los v\u00eddeos cortos son el alma de las redes sociales. En menos de un minuto puedes captar la atenci\u00f3n de tu audiencia.\" \/>\n<meta property=\"og:url\" content=\"https:\/\/www.espai.es\/blog\/2024\/11\/videos-cortos\/\" \/>\n<meta property=\"og:site_name\" content=\"Blog Escola Espai\" \/>\n<meta property=\"article:published_time\" content=\"2024-11-20T16:12:21+00:00\" \/>\n<meta property=\"article:modified_time\" content=\"2024-11-20T17:30:36+00:00\" \/>\n<meta property=\"og:image\" content=\"https:\/\/www.espai.es\/blog\/wp-content\/uploads\/2024\/11\/videos-cortos.jpg\" \/>\n\t<meta property=\"og:image:width\" content=\"1000\" \/>\n\t<meta property=\"og:image:height\" content=\"500\" \/>\n\t<meta property=\"og:image:type\" content=\"image\/jpeg\" \/>\n<meta name=\"author\" content=\"Elisenda Jaquemot\" \/>\n<meta name=\"twitter:card\" content=\"summary_large_image\" \/>\n<meta name=\"twitter:label1\" content=\"Escrito por\" \/>\n\t<meta name=\"twitter:data1\" content=\"Elisenda Jaquemot\" \/>\n\t<meta name=\"twitter:label2\" content=\"Tiempo de lectura\" \/>\n\t<meta name=\"twitter:data2\" content=\"3 minutos\" \/>\n<script type=\"application\/ld+json\" class=\"yoast-schema-graph\">{\"@context\":\"https:\/\/schema.org\",\"@graph\":[{\"@type\":\"Article\",\"@id\":\"https:\/\/www.espai.es\/blog\/2024\/11\/videos-cortos\/#article\",\"isPartOf\":{\"@id\":\"https:\/\/www.espai.es\/blog\/2024\/11\/videos-cortos\/\"},\"author\":{\"name\":\"Elisenda Jaquemot\",\"@id\":\"https:\/\/www.espai.es\/blog\/#\/schema\/person\/8539b5dda3211dcc4c7ee0db74930849\"},\"headline\":\"El poder de los v\u00eddeos cortos\",\"datePublished\":\"2024-11-20T16:12:21+00:00\",\"dateModified\":\"2024-11-20T17:30:36+00:00\",\"mainEntityOfPage\":{\"@id\":\"https:\/\/www.espai.es\/blog\/2024\/11\/videos-cortos\/\"},\"wordCount\":589,\"commentCount\":1,\"image\":{\"@id\":\"https:\/\/www.espai.es\/blog\/2024\/11\/videos-cortos\/#primaryimage\"},\"thumbnailUrl\":\"https:\/\/www.espai.es\/blog\/wp-content\/uploads\/2024\/11\/videos-cortos.jpg\",\"keywords\":[\"Edici\u00f3n Video\",\"marketing digital\",\"Redes Sociales\"],\"articleSection\":[\"Marketing Digital\",\"Redes Sociales\"],\"inLanguage\":\"es\",\"potentialAction\":[{\"@type\":\"CommentAction\",\"name\":\"Comment\",\"target\":[\"https:\/\/www.espai.es\/blog\/2024\/11\/videos-cortos\/#respond\"]}]},{\"@type\":\"WebPage\",\"@id\":\"https:\/\/www.espai.es\/blog\/2024\/11\/videos-cortos\/\",\"url\":\"https:\/\/www.espai.es\/blog\/2024\/11\/videos-cortos\/\",\"name\":\"El poder de los v\u00eddeos cortos - Blog Escola Espai\",\"isPartOf\":{\"@id\":\"https:\/\/www.espai.es\/blog\/#website\"},\"primaryImageOfPage\":{\"@id\":\"https:\/\/www.espai.es\/blog\/2024\/11\/videos-cortos\/#primaryimage\"},\"image\":{\"@id\":\"https:\/\/www.espai.es\/blog\/2024\/11\/videos-cortos\/#primaryimage\"},\"thumbnailUrl\":\"https:\/\/www.espai.es\/blog\/wp-content\/uploads\/2024\/11\/videos-cortos.jpg\",\"datePublished\":\"2024-11-20T16:12:21+00:00\",\"dateModified\":\"2024-11-20T17:30:36+00:00\",\"author\":{\"@id\":\"https:\/\/www.espai.es\/blog\/#\/schema\/person\/8539b5dda3211dcc4c7ee0db74930849\"},\"description\":\"Los v\u00eddeos cortos son el alma de las redes sociales. En menos de un minuto puedes captar la atenci\u00f3n de tu audiencia.\",\"breadcrumb\":{\"@id\":\"https:\/\/www.espai.es\/blog\/2024\/11\/videos-cortos\/#breadcrumb\"},\"inLanguage\":\"es\",\"potentialAction\":[{\"@type\":\"ReadAction\",\"target\":[\"https:\/\/www.espai.es\/blog\/2024\/11\/videos-cortos\/\"]}]},{\"@type\":\"ImageObject\",\"inLanguage\":\"es\",\"@id\":\"https:\/\/www.espai.es\/blog\/2024\/11\/videos-cortos\/#primaryimage\",\"url\":\"https:\/\/www.espai.es\/blog\/wp-content\/uploads\/2024\/11\/videos-cortos.jpg\",\"contentUrl\":\"https:\/\/www.espai.es\/blog\/wp-content\/uploads\/2024\/11\/videos-cortos.jpg\",\"width\":1000,\"height\":500,\"caption\":\"videos cortos\"},{\"@type\":\"BreadcrumbList\",\"@id\":\"https:\/\/www.espai.es\/blog\/2024\/11\/videos-cortos\/#breadcrumb\",\"itemListElement\":[{\"@type\":\"ListItem\",\"position\":1,\"name\":\"Portada\",\"item\":\"https:\/\/www.espai.es\/blog\/\"},{\"@type\":\"ListItem\",\"position\":2,\"name\":\"El poder de los v\u00eddeos cortos\"}]},{\"@type\":\"WebSite\",\"@id\":\"https:\/\/www.espai.es\/blog\/#website\",\"url\":\"https:\/\/www.espai.es\/blog\/\",\"name\":\"Blog Escola Espai\",\"description\":\"\",\"potentialAction\":[{\"@type\":\"SearchAction\",\"target\":{\"@type\":\"EntryPoint\",\"urlTemplate\":\"https:\/\/www.espai.es\/blog\/?s={search_term_string}\"},\"query-input\":{\"@type\":\"PropertyValueSpecification\",\"valueRequired\":true,\"valueName\":\"search_term_string\"}}],\"inLanguage\":\"es\"},{\"@type\":\"Person\",\"@id\":\"https:\/\/www.espai.es\/blog\/#\/schema\/person\/8539b5dda3211dcc4c7ee0db74930849\",\"name\":\"Elisenda Jaquemot\",\"image\":{\"@type\":\"ImageObject\",\"inLanguage\":\"es\",\"@id\":\"https:\/\/www.espai.es\/blog\/#\/schema\/person\/image\/\",\"url\":\"https:\/\/secure.gravatar.com\/avatar\/f243cb95d23611a1d90e45bd7742b62689df6c07dd73b545f73fc0ab1e48e89c?s=96&d=mm&r=g\",\"contentUrl\":\"https:\/\/secure.gravatar.com\/avatar\/f243cb95d23611a1d90e45bd7742b62689df6c07dd73b545f73fc0ab1e48e89c?s=96&d=mm&r=g\",\"caption\":\"Elisenda Jaquemot\"},\"url\":\"https:\/\/www.espai.es\/blog\/author\/elisenda\/\"}]}<\/script>\n<!-- \/ Yoast SEO plugin. -->","yoast_head_json":{"title":"El poder de los v\u00eddeos cortos - Blog Escola Espai","description":"Los v\u00eddeos cortos son el alma de las redes sociales. En menos de un minuto puedes captar la atenci\u00f3n de tu audiencia.","robots":{"index":"index","follow":"follow","max-snippet":"max-snippet:-1","max-image-preview":"max-image-preview:large","max-video-preview":"max-video-preview:-1"},"canonical":"https:\/\/www.espai.es\/blog\/2024\/11\/videos-cortos\/","og_locale":"es_ES","og_type":"article","og_title":"El poder de los v\u00eddeos cortos - Blog Escola Espai","og_description":"Los v\u00eddeos cortos son el alma de las redes sociales. En menos de un minuto puedes captar la atenci\u00f3n de tu audiencia.","og_url":"https:\/\/www.espai.es\/blog\/2024\/11\/videos-cortos\/","og_site_name":"Blog Escola Espai","article_published_time":"2024-11-20T16:12:21+00:00","article_modified_time":"2024-11-20T17:30:36+00:00","og_image":[{"width":1000,"height":500,"url":"https:\/\/www.espai.es\/blog\/wp-content\/uploads\/2024\/11\/videos-cortos.jpg","type":"image\/jpeg"}],"author":"Elisenda Jaquemot","twitter_card":"summary_large_image","twitter_misc":{"Escrito por":"Elisenda Jaquemot","Tiempo de lectura":"3 minutos"},"schema":{"@context":"https:\/\/schema.org","@graph":[{"@type":"Article","@id":"https:\/\/www.espai.es\/blog\/2024\/11\/videos-cortos\/#article","isPartOf":{"@id":"https:\/\/www.espai.es\/blog\/2024\/11\/videos-cortos\/"},"author":{"name":"Elisenda Jaquemot","@id":"https:\/\/www.espai.es\/blog\/#\/schema\/person\/8539b5dda3211dcc4c7ee0db74930849"},"headline":"El poder de los v\u00eddeos cortos","datePublished":"2024-11-20T16:12:21+00:00","dateModified":"2024-11-20T17:30:36+00:00","mainEntityOfPage":{"@id":"https:\/\/www.espai.es\/blog\/2024\/11\/videos-cortos\/"},"wordCount":589,"commentCount":1,"image":{"@id":"https:\/\/www.espai.es\/blog\/2024\/11\/videos-cortos\/#primaryimage"},"thumbnailUrl":"https:\/\/www.espai.es\/blog\/wp-content\/uploads\/2024\/11\/videos-cortos.jpg","keywords":["Edici\u00f3n Video","marketing digital","Redes Sociales"],"articleSection":["Marketing Digital","Redes Sociales"],"inLanguage":"es","potentialAction":[{"@type":"CommentAction","name":"Comment","target":["https:\/\/www.espai.es\/blog\/2024\/11\/videos-cortos\/#respond"]}]},{"@type":"WebPage","@id":"https:\/\/www.espai.es\/blog\/2024\/11\/videos-cortos\/","url":"https:\/\/www.espai.es\/blog\/2024\/11\/videos-cortos\/","name":"El poder de los v\u00eddeos cortos - Blog Escola Espai","isPartOf":{"@id":"https:\/\/www.espai.es\/blog\/#website"},"primaryImageOfPage":{"@id":"https:\/\/www.espai.es\/blog\/2024\/11\/videos-cortos\/#primaryimage"},"image":{"@id":"https:\/\/www.espai.es\/blog\/2024\/11\/videos-cortos\/#primaryimage"},"thumbnailUrl":"https:\/\/www.espai.es\/blog\/wp-content\/uploads\/2024\/11\/videos-cortos.jpg","datePublished":"2024-11-20T16:12:21+00:00","dateModified":"2024-11-20T17:30:36+00:00","author":{"@id":"https:\/\/www.espai.es\/blog\/#\/schema\/person\/8539b5dda3211dcc4c7ee0db74930849"},"description":"Los v\u00eddeos cortos son el alma de las redes sociales. En menos de un minuto puedes captar la atenci\u00f3n de tu audiencia.","breadcrumb":{"@id":"https:\/\/www.espai.es\/blog\/2024\/11\/videos-cortos\/#breadcrumb"},"inLanguage":"es","potentialAction":[{"@type":"ReadAction","target":["https:\/\/www.espai.es\/blog\/2024\/11\/videos-cortos\/"]}]},{"@type":"ImageObject","inLanguage":"es","@id":"https:\/\/www.espai.es\/blog\/2024\/11\/videos-cortos\/#primaryimage","url":"https:\/\/www.espai.es\/blog\/wp-content\/uploads\/2024\/11\/videos-cortos.jpg","contentUrl":"https:\/\/www.espai.es\/blog\/wp-content\/uploads\/2024\/11\/videos-cortos.jpg","width":1000,"height":500,"caption":"videos cortos"},{"@type":"BreadcrumbList","@id":"https:\/\/www.espai.es\/blog\/2024\/11\/videos-cortos\/#breadcrumb","itemListElement":[{"@type":"ListItem","position":1,"name":"Portada","item":"https:\/\/www.espai.es\/blog\/"},{"@type":"ListItem","position":2,"name":"El poder de los v\u00eddeos cortos"}]},{"@type":"WebSite","@id":"https:\/\/www.espai.es\/blog\/#website","url":"https:\/\/www.espai.es\/blog\/","name":"Blog Escola Espai","description":"","potentialAction":[{"@type":"SearchAction","target":{"@type":"EntryPoint","urlTemplate":"https:\/\/www.espai.es\/blog\/?s={search_term_string}"},"query-input":{"@type":"PropertyValueSpecification","valueRequired":true,"valueName":"search_term_string"}}],"inLanguage":"es"},{"@type":"Person","@id":"https:\/\/www.espai.es\/blog\/#\/schema\/person\/8539b5dda3211dcc4c7ee0db74930849","name":"Elisenda Jaquemot","image":{"@type":"ImageObject","inLanguage":"es","@id":"https:\/\/www.espai.es\/blog\/#\/schema\/person\/image\/","url":"https:\/\/secure.gravatar.com\/avatar\/f243cb95d23611a1d90e45bd7742b62689df6c07dd73b545f73fc0ab1e48e89c?s=96&d=mm&r=g","contentUrl":"https:\/\/secure.gravatar.com\/avatar\/f243cb95d23611a1d90e45bd7742b62689df6c07dd73b545f73fc0ab1e48e89c?s=96&d=mm&r=g","caption":"Elisenda Jaquemot"},"url":"https:\/\/www.espai.es\/blog\/author\/elisenda\/"}]}},"jetpack_featured_media_url":"https:\/\/www.espai.es\/blog\/wp-content\/uploads\/2024\/11\/videos-cortos.jpg","jetpack_sharing_enabled":true,"_links":{"self":[{"href":"https:\/\/www.espai.es\/blog\/wp-json\/wp\/v2\/posts\/15370","targetHints":{"allow":["GET"]}}],"collection":[{"href":"https:\/\/www.espai.es\/blog\/wp-json\/wp\/v2\/posts"}],"about":[{"href":"https:\/\/www.espai.es\/blog\/wp-json\/wp\/v2\/types\/post"}],"author":[{"embeddable":true,"href":"https:\/\/www.espai.es\/blog\/wp-json\/wp\/v2\/users\/44"}],"replies":[{"embeddable":true,"href":"https:\/\/www.espai.es\/blog\/wp-json\/wp\/v2\/comments?post=15370"}],"version-history":[{"count":8,"href":"https:\/\/www.espai.es\/blog\/wp-json\/wp\/v2\/posts\/15370\/revisions"}],"predecessor-version":[{"id":15374,"href":"https:\/\/www.espai.es\/blog\/wp-json\/wp\/v2\/posts\/15370\/revisions\/15374"}],"wp:featuredmedia":[{"embeddable":true,"href":"https:\/\/www.espai.es\/blog\/wp-json\/wp\/v2\/media\/15371"}],"wp:attachment":[{"href":"https:\/\/www.espai.es\/blog\/wp-json\/wp\/v2\/media?parent=15370"}],"wp:term":[{"taxonomy":"category","embeddable":true,"href":"https:\/\/www.espai.es\/blog\/wp-json\/wp\/v2\/categories?post=15370"},{"taxonomy":"post_tag","embeddable":true,"href":"https:\/\/www.espai.es\/blog\/wp-json\/wp\/v2\/tags?post=15370"}],"curies":[{"name":"wp","href":"https:\/\/api.w.org\/{rel}","templated":true}]}}