{"id":1016,"date":"2013-10-18T13:22:37","date_gmt":"2013-10-18T11:22:37","guid":{"rendered":"http:\/\/www.espai.es\/blog\/?p=1016"},"modified":"2016-02-01T11:05:13","modified_gmt":"2016-02-01T10:05:13","slug":"y-llego-el-lunes","status":"publish","type":"post","link":"https:\/\/www.espai.es\/blog\/2013\/10\/y-llego-el-lunes\/","title":{"rendered":"&#8230; Y lleg\u00f3 el lunes"},"content":{"rendered":"<p>Buenos d\u00edas a todos, y bienvenidos a un nuevo art\u00edculo de Espai.<\/p>\n<p>Si lo s\u00e9, es viernes&#8230; No me he vuelto loco, es que hoy vamos a hablar de los lunes o como dicen algunos<\/p>\n<p><span style=\"font-size: 13px\">\u00abEl innombrable\u00bb <a href=\"http:\/\/www.youtube.com\/watch?v=7edeOEuXdMU\" target=\"_blank\">(risa de malo)<\/a><\/span><\/p>\n<p><span style=\"font-size: 13px\">Es el d\u00eda que entramos en baj\u00f3n despu\u00e9s del fin de semana. \u00bfQue le vamos a hacer? Parece inevitable estar deprimidos pero amig@s, \u00a1no est\u00e1 todo perdido!<\/span><\/p>\n<p>&nbsp;<\/p>\n<h2>&#8230; Y lleg\u00f3 el lunes<\/h2>\n<p>Vamos con unas ideas:<\/p>\n<p>&nbsp;<\/p>\n<p style=\"padding-left: 30px\"><span style=\"text-decoration: underline\">1. Haz una sola cosa a la vez<\/span><\/p>\n<p style=\"padding-left: 30px\">Estudios cient\u00edficos demuestran (siempre quise decir eso) que la multitarea disminuye nuestro rendimiento. As\u00ed que mejor concentrarse en una sola cosa, terminarla y pasar a la siguiente. No solo lo haremos mejor, adem\u00e1s reduciremos el estr\u00e9s y la sensaci\u00f3n de agobio.<\/p>\n<p style=\"padding-left: 30px\"><a href=\"http:\/\/www.publico.es\/252208\/la-multitarea-colapsa-el-cerebro\" target=\"_blank\">Diario P\u00fablico: La multitarea colapsa el cerebro<\/a><\/p>\n<p>&nbsp;<\/p>\n<p style=\"padding-left: 30px\"><span style=\"text-decoration: underline\">2. Oc\u00fapate en vez de preocuparte<\/span><br \/>\n<span style=\"font-size: 13px\"><br \/>\nEstamos muchas veces preocupados por un problema que todav\u00eda no ha sucedido, y que probablemente nunca llegue a suceder. Ser\u00eda m\u00e1s constructivo \u00abocuparse\u00bb de ello cuando suceda. Si le ves soluci\u00f3n hazlo, y si no d\u00e9jalo estar y no malgastes m\u00e1s energ\u00eda<\/span><\/p>\n<p style=\"padding-left: 30px\"><span style=\"font-size: 13px\"><br \/>\n<\/span><\/p>\n<p style=\"padding-left: 30px\"><span style=\"font-size: 13px\"><span style=\"text-decoration: underline\">3. Vigila tus pensamientos<\/span><\/span><\/p>\n<p style=\"padding-left: 30px\">Piensa en tu cerebro como un campo, si siembras malas hierbas (preocupaciones, dudas y pensamientos negativos) eso mismo conseguir\u00e1s. Una manera de evitar esto es atajar conscientemente los malos pensamientos y ponerlos en duda. \u00bfDe verdad es as\u00ed, o estoy molesto por otra cosa? Cuando te hayas limpiado de \u00abmalos rollos\u00bb&#8230;<\/p>\n<p style=\"padding-left: 30px;text-align: center\"><a href=\"http:\/\/www.espai.es\/blog\/wp-content\/uploads\/2013\/10\/greenhighwayroadbackground.jpg\"><img loading=\"lazy\" decoding=\"async\" class=\"aligncenter wp-image-1044 size-full\" src=\"http:\/\/www.espai.es\/blog\/wp-content\/uploads\/2013\/10\/greenhighwayroadbackground.jpg\" alt=\"... Y lleg\u00f3 el lunes\" width=\"650\" height=\"587\" srcset=\"https:\/\/www.espai.es\/blog\/wp-content\/uploads\/2013\/10\/greenhighwayroadbackground.jpg 650w, https:\/\/www.espai.es\/blog\/wp-content\/uploads\/2013\/10\/greenhighwayroadbackground-300x270.jpg 300w\" sizes=\"auto, (max-width: 650px) 100vw, 650px\" \/><\/a><\/p>\n<p style=\"padding-left: 30px;text-align: center\">Filosof\u00eda ma\u00f1anera, pero con mucho sentido<\/p>\n<p style=\"padding-left: 30px\"><span style=\"font-size: 13px\"><span style=\"text-decoration: underline\">4.\u00a0Visualiza<\/span><\/span><\/p>\n<p style=\"padding-left: 30px\">Forma en tu mente una imagen de aquello que deseas, y una vez lo tengas con todo detalle, empieza a imaginar todo lo que necesitas para conseguirlo. Tambi\u00e9n puedes utilizar im\u00e1genes, fondos de pantalla o posters que te ayuden a tener ese \u00abpremio\u00bb en tu punto de mira, y as\u00ed darte una raz\u00f3n para acabar lo que est\u00e9s haciendo.<\/p>\n<p style=\"padding-left: 30px\"><span style=\"font-size: 13px\"><span style=\"text-decoration: underline\">5. Haz algo nuevo cada d\u00eda<\/span><\/span><\/p>\n<p style=\"padding-left: 30px\">Pasea por un lugar diferente, lee un libro nuevo, ap\u00fantate a un curso de cocina o habla con alguien que no conozcas&#8230; Cualquier cosa que te ayude a salir de la rutina, activar\u00e1 en tu cerebro nuevas zonas y esto ayudar\u00e1 a tu creatividad. A m\u00e1s creatividad, m\u00e1s facilidad para dar soluciones a los problemas del d\u00eda a d\u00eda.<\/p>\n<p style=\"padding-left: 30px;text-align: center\"><a href=\"http:\/\/www.espai.es\/blog\/wp-content\/uploads\/2013\/10\/9e2cc3b05451c8a8fe5810e6c18fa584.jpg\"><img loading=\"lazy\" decoding=\"async\" class=\"aligncenter wp-image-1069 size-full\" src=\"http:\/\/www.espai.es\/blog\/wp-content\/uploads\/2013\/10\/9e2cc3b05451c8a8fe5810e6c18fa584.jpg\" alt=\"... Y lleg\u00f3 el lunes\" width=\"600\" height=\"600\" srcset=\"https:\/\/www.espai.es\/blog\/wp-content\/uploads\/2013\/10\/9e2cc3b05451c8a8fe5810e6c18fa584.jpg 600w, https:\/\/www.espai.es\/blog\/wp-content\/uploads\/2013\/10\/9e2cc3b05451c8a8fe5810e6c18fa584-150x150.jpg 150w, https:\/\/www.espai.es\/blog\/wp-content\/uploads\/2013\/10\/9e2cc3b05451c8a8fe5810e6c18fa584-300x300.jpg 300w\" sizes=\"auto, (max-width: 600px) 100vw, 600px\" \/><\/a><br \/>\nPara el curso de cocina se necesita un delantal<\/p>\n<p style=\"padding-left: 30px\"><span style=\"font-size: 13px\"><span style=\"text-decoration: underline\">6. Pon m\u00fasica en tu vida<\/span><\/span><\/p>\n<p style=\"padding-left: 30px\">Piensa por ejemplo en las pel\u00edculas que m\u00e1s te han impactado. Piensa ahora en las mismas, pero en silencio&#8230; \u00abGladiator\u00bb ser\u00eda otra de romanos, con t\u00edos d\u00e1ndose <em>ostias como panes<\/em>, eso s\u00ed. Ahora le pones la m\u00fasica, y se te ponen los pelos de punta verdad? Busca las canciones que te activan, o lev\u00e1ntate con \u00e9sta y me dices si funciona!<\/p>\n<p><a href=\"http:\/\/www.youtube.com\/watch?v=_ovdm2yX4MA\" target=\"_blank\"><img loading=\"lazy\" decoding=\"async\" class=\"aligncenter wp-image-1023 size-full\" src=\"http:\/\/www.espai.es\/blog\/wp-content\/uploads\/2013\/10\/video1.png\" alt=\"... Y lleg\u00f3 el lunes\" width=\"960\" height=\"582\" srcset=\"https:\/\/www.espai.es\/blog\/wp-content\/uploads\/2013\/10\/video1.png 960w, https:\/\/www.espai.es\/blog\/wp-content\/uploads\/2013\/10\/video1-300x181.png 300w\" sizes=\"auto, (max-width: 960px) 100vw, 960px\" \/><\/a><\/p>\n<p>&nbsp;<\/p>\n<p style=\"padding-left: 30px\"><span style=\"text-decoration: underline;font-size: 13px\">7. Prioriza<\/span><\/p>\n<p style=\"padding-left: 30px\">Tuve un jefe una vez que le preguntabas: De toda esta lista, \u00bfqu\u00e9 es m\u00e1s urgente? Y su respuesta era: Todo.<br \/>\nEntonces lo entregabas todo, junto e igual de tarde. Siempre hay maneras de ordenar las tareas, y no es igual de urgente entregar el proyecto final del curso que regar las macetas.<\/p>\n<p style=\"padding-left: 30px;text-align: center\"><a href=\"http:\/\/www.espai.es\/blog\/wp-content\/uploads\/2013\/10\/little-shop-of-horrors-movie-still-5.jpg\"><img loading=\"lazy\" decoding=\"async\" class=\"aligncenter wp-image-1054 size-full\" src=\"http:\/\/www.espai.es\/blog\/wp-content\/uploads\/2013\/10\/little-shop-of-horrors-movie-still-5.jpg\" alt=\"... Y lleg\u00f3 el lunes\" width=\"630\" height=\"420\" srcset=\"https:\/\/www.espai.es\/blog\/wp-content\/uploads\/2013\/10\/little-shop-of-horrors-movie-still-5.jpg 630w, https:\/\/www.espai.es\/blog\/wp-content\/uploads\/2013\/10\/little-shop-of-horrors-movie-still-5-300x200.jpg 300w\" sizes=\"auto, (max-width: 630px) 100vw, 630px\" \/><\/a>Bueno si la planta es \u00e9sta, mejor la riegas primero&#8230;<\/p>\n<p style=\"padding-left: 30px\"><span style=\"text-decoration: underline\">8. No hay fracasos, s\u00f3lo resultados <\/span><\/p>\n<p style=\"padding-left: 30px\">\u00bfNo sali\u00f3 como quer\u00edas? Bueno es una faena, no dir\u00e9 que me alegre&#8230; Pero aprendiste algo de ello, y la pr\u00f3xima vez lo har\u00e1s mejor. Un tal <a href=\"http:\/\/es.wikipedia.org\/wiki\/Thomas_Alva_Edison\" target=\"_blank\">Thomas Alva Edison<\/a> fracas\u00f3 m\u00e1s de 1000 veces antes de inventar la bombilla. Cuando le preguntaron por este hecho, contesto: No he fracasado, he aprendido 1000 formas en que NO funciona una bombilla.<\/p>\n<p style=\"padding-left: 30px\"><span style=\"text-decoration: underline\">9. Lo bueno atrae a lo mejor<\/span><\/p>\n<p style=\"padding-left: 30px\">\u00bfTe has fijado que hay d\u00edas que todo parece ir mal, y empez\u00f3 en la ma\u00f1ana que volcaste el caf\u00e9 sobre la alfombra? Nos ha pasado a todos, y tambi\u00e9n el efecto contrario, otros que todo sale bien y tampoco entendemos el porqu\u00e9.<\/p>\n<p style=\"padding-left: 30px\">Es una cuesti\u00f3n de actitud, si est\u00e1s motivado atraes lo bueno hacia ti. Una mala actitud te empuja a contestar mal a tu pareja, con la bronca consecuente. O a tu jefe, o a hacer algo con prisas y acabar estrope\u00e1ndolo&#8230;<\/p>\n<p style=\"padding-left: 30px\">Los problemas que te traer\u00e1 todo esto durar\u00e1n d\u00edas, as\u00ed que la pr\u00f3xima vez que vuelques el caf\u00e9, simplemente l\u00edmpialo y no derrames todo ese \u00abmal rollo\u00bb sobre el resto de tu d\u00eda.<\/p>\n<p style=\"padding-left: 30px\"><span style=\"text-decoration: underline\">10. Medita<\/span><\/p>\n<p style=\"padding-left: 30px\">No se trata de ponerse a lo monje budista, basta con cerrar los ojos y concentrarse en la respiraci\u00f3n durante 5 minutos sin pensar en nada m\u00e1s. (<span style=\"text-decoration: underline\">S\u00ed chicas es posible<\/span>, as\u00ed que creednos por fin cuando decimos \u00abno pensaba en nada!\u00bb)<\/p>\n<p style=\"padding-left: 30px;text-align: center\"><a href=\"http:\/\/www.espai.es\/blog\/wp-content\/uploads\/2013\/10\/meditation-funny.jpg\"><br \/>\n<\/a><a href=\"http:\/\/www.espai.es\/blog\/wp-content\/uploads\/2013\/10\/homer-brain.jpg\"><img loading=\"lazy\" decoding=\"async\" class=\"aligncenter wp-image-1063 size-full\" src=\"http:\/\/www.espai.es\/blog\/wp-content\/uploads\/2013\/10\/homer-brain.jpg\" alt=\"... Y lleg\u00f3 el lunes\" width=\"1024\" height=\"768\" srcset=\"https:\/\/www.espai.es\/blog\/wp-content\/uploads\/2013\/10\/homer-brain.jpg 1024w, https:\/\/www.espai.es\/blog\/wp-content\/uploads\/2013\/10\/homer-brain-300x225.jpg 300w\" sizes=\"auto, (max-width: 1024px) 100vw, 1024px\" \/><\/a>Cuando meditamos, nuestro cerebro debe parecerse al de H.S<\/p>\n<p>Esto son s\u00f3lo unas cuantas ideas, pero seguro que tienes las tuyas propias que tambi\u00e9n funcionan. Lo importante es motivarse activamente, y no dejar que la \u00absuerte\u00bb sea la \u00fanica que decida si tenemos un mal d\u00eda o uno bueno.<\/p>\n<p>&nbsp;<\/p>\n<p>Bueno, espero que os haya parecido interesante el art\u00edculo o al menos, que os haya dado ganas de aprender m\u00e1s sobre el tema!<\/p>\n<p>&nbsp;<\/p>\n<p>Saludos y hasta la pr\u00f3xima!<\/p>\n","protected":false},"excerpt":{"rendered":"<p>Buenos d\u00edas a todos, y bienvenidos a un nuevo art\u00edculo de Espai. Si lo s\u00e9, es viernes&#8230; No me he vuelto loco, es que hoy vamos a hablar de los lunes o como dicen algunos \u00abEl innombrable\u00bb (risa de malo) Es el d\u00eda que entramos&#8230;<\/p>\n","protected":false},"author":3,"featured_media":2429,"comment_status":"closed","ping_status":"open","sticky":false,"template":"","format":"standard","meta":{"_monsterinsights_skip_tracking":false,"_monsterinsights_sitenote_active":false,"_monsterinsights_sitenote_note":"","_monsterinsights_sitenote_category":0,"jetpack_post_was_ever_published":false,"_jetpack_newsletter_access":"","_jetpack_dont_email_post_to_subs":false,"_jetpack_newsletter_tier_id":0,"_jetpack_memberships_contains_paywalled_content":false,"_ef_editorial_meta_date_first-draft-date":"","_ef_editorial_meta_paragraph_assignment":"","_ef_editorial_meta_checkbox_needs-photo":"","_ef_editorial_meta_number_word-count":"","_jetpack_memberships_contains_paid_content":false,"footnotes":""},"categories":[379],"tags":[],"class_list":["post-1016","post","type-post","status-publish","format-standard","has-post-thumbnail","hentry","category-productividad"],"yoast_head":"<!-- This site is optimized with the Yoast SEO plugin v27.1.1 - https:\/\/yoast.com\/product\/yoast-seo-wordpress\/ -->\n<title>... Y lleg\u00f3 el lunes - Blog Escola Espai<\/title>\n<meta name=\"description\" content=\"... Y lleg\u00f3 el lunes. Escuela Espai, calle Enten\u00e7a 182, Barcelona, CP 08029. Tel 93 163 53 53. \u00c1rea de programaci\u00f3n \/ofim\u00e1tica. Horario 10-22h, sabado 10-14\" \/>\n<meta name=\"robots\" content=\"index, follow, max-snippet:-1, max-image-preview:large, max-video-preview:-1\" \/>\n<link rel=\"canonical\" href=\"https:\/\/www.espai.es\/blog\/2013\/10\/y-llego-el-lunes\/\" \/>\n<meta property=\"og:locale\" content=\"es_ES\" \/>\n<meta property=\"og:type\" content=\"article\" \/>\n<meta property=\"og:title\" content=\"... Y lleg\u00f3 el lunes - Blog Escola Espai\" \/>\n<meta property=\"og:description\" content=\"... Y lleg\u00f3 el lunes. Escuela Espai, calle Enten\u00e7a 182, Barcelona, CP 08029. Tel 93 163 53 53. \u00c1rea de programaci\u00f3n \/ofim\u00e1tica. Horario 10-22h, sabado 10-14\" \/>\n<meta property=\"og:url\" content=\"https:\/\/www.espai.es\/blog\/2013\/10\/y-llego-el-lunes\/\" \/>\n<meta property=\"og:site_name\" content=\"Blog Escola Espai\" \/>\n<meta property=\"article:published_time\" content=\"2013-10-18T11:22:37+00:00\" \/>\n<meta property=\"article:modified_time\" content=\"2016-02-01T10:05:13+00:00\" \/>\n<meta property=\"og:image\" content=\"https:\/\/www.espai.es\/blog\/wp-content\/uploads\/2013\/10\/escuela_espai_lunes.jpg\" \/>\n\t<meta property=\"og:image:width\" content=\"400\" \/>\n\t<meta property=\"og:image:height\" content=\"300\" \/>\n\t<meta property=\"og:image:type\" content=\"image\/jpeg\" \/>\n<meta name=\"author\" content=\"Escobar\" \/>\n<meta name=\"twitter:card\" content=\"summary_large_image\" \/>\n<meta name=\"twitter:label1\" content=\"Escrito por\" \/>\n\t<meta name=\"twitter:data1\" content=\"Escobar\" \/>\n\t<meta name=\"twitter:label2\" content=\"Tiempo de lectura\" \/>\n\t<meta name=\"twitter:data2\" content=\"4 minutos\" \/>\n<script type=\"application\/ld+json\" class=\"yoast-schema-graph\">{\"@context\":\"https:\/\/schema.org\",\"@graph\":[{\"@type\":\"Article\",\"@id\":\"https:\/\/www.espai.es\/blog\/2013\/10\/y-llego-el-lunes\/#article\",\"isPartOf\":{\"@id\":\"https:\/\/www.espai.es\/blog\/2013\/10\/y-llego-el-lunes\/\"},\"author\":{\"name\":\"Escobar\",\"@id\":\"https:\/\/www.espai.es\/blog\/#\/schema\/person\/d2e265073982f28e16cb7edccbd16602\"},\"headline\":\"&#8230; Y lleg\u00f3 el lunes\",\"datePublished\":\"2013-10-18T11:22:37+00:00\",\"dateModified\":\"2016-02-01T10:05:13+00:00\",\"mainEntityOfPage\":{\"@id\":\"https:\/\/www.espai.es\/blog\/2013\/10\/y-llego-el-lunes\/\"},\"wordCount\":881,\"image\":{\"@id\":\"https:\/\/www.espai.es\/blog\/2013\/10\/y-llego-el-lunes\/#primaryimage\"},\"thumbnailUrl\":\"https:\/\/www.espai.es\/blog\/wp-content\/uploads\/2013\/10\/escuela_espai_lunes.jpg\",\"articleSection\":[\"Productividad\"],\"inLanguage\":\"es\"},{\"@type\":\"WebPage\",\"@id\":\"https:\/\/www.espai.es\/blog\/2013\/10\/y-llego-el-lunes\/\",\"url\":\"https:\/\/www.espai.es\/blog\/2013\/10\/y-llego-el-lunes\/\",\"name\":\"... Y lleg\u00f3 el lunes - Blog Escola Espai\",\"isPartOf\":{\"@id\":\"https:\/\/www.espai.es\/blog\/#website\"},\"primaryImageOfPage\":{\"@id\":\"https:\/\/www.espai.es\/blog\/2013\/10\/y-llego-el-lunes\/#primaryimage\"},\"image\":{\"@id\":\"https:\/\/www.espai.es\/blog\/2013\/10\/y-llego-el-lunes\/#primaryimage\"},\"thumbnailUrl\":\"https:\/\/www.espai.es\/blog\/wp-content\/uploads\/2013\/10\/escuela_espai_lunes.jpg\",\"datePublished\":\"2013-10-18T11:22:37+00:00\",\"dateModified\":\"2016-02-01T10:05:13+00:00\",\"author\":{\"@id\":\"https:\/\/www.espai.es\/blog\/#\/schema\/person\/d2e265073982f28e16cb7edccbd16602\"},\"description\":\"... Y lleg\u00f3 el lunes. Escuela Espai, calle Enten\u00e7a 182, Barcelona, CP 08029. Tel 93 163 53 53. \u00c1rea de programaci\u00f3n \/ofim\u00e1tica. Horario 10-22h, sabado 10-14\",\"breadcrumb\":{\"@id\":\"https:\/\/www.espai.es\/blog\/2013\/10\/y-llego-el-lunes\/#breadcrumb\"},\"inLanguage\":\"es\",\"potentialAction\":[{\"@type\":\"ReadAction\",\"target\":[\"https:\/\/www.espai.es\/blog\/2013\/10\/y-llego-el-lunes\/\"]}]},{\"@type\":\"ImageObject\",\"inLanguage\":\"es\",\"@id\":\"https:\/\/www.espai.es\/blog\/2013\/10\/y-llego-el-lunes\/#primaryimage\",\"url\":\"https:\/\/www.espai.es\/blog\/wp-content\/uploads\/2013\/10\/escuela_espai_lunes.jpg\",\"contentUrl\":\"https:\/\/www.espai.es\/blog\/wp-content\/uploads\/2013\/10\/escuela_espai_lunes.jpg\",\"width\":400,\"height\":300},{\"@type\":\"BreadcrumbList\",\"@id\":\"https:\/\/www.espai.es\/blog\/2013\/10\/y-llego-el-lunes\/#breadcrumb\",\"itemListElement\":[{\"@type\":\"ListItem\",\"position\":1,\"name\":\"Portada\",\"item\":\"https:\/\/www.espai.es\/blog\/\"},{\"@type\":\"ListItem\",\"position\":2,\"name\":\"&#8230; Y lleg\u00f3 el lunes\"}]},{\"@type\":\"WebSite\",\"@id\":\"https:\/\/www.espai.es\/blog\/#website\",\"url\":\"https:\/\/www.espai.es\/blog\/\",\"name\":\"Blog Escola Espai\",\"description\":\"\",\"potentialAction\":[{\"@type\":\"SearchAction\",\"target\":{\"@type\":\"EntryPoint\",\"urlTemplate\":\"https:\/\/www.espai.es\/blog\/?s={search_term_string}\"},\"query-input\":{\"@type\":\"PropertyValueSpecification\",\"valueRequired\":true,\"valueName\":\"search_term_string\"}}],\"inLanguage\":\"es\"},{\"@type\":\"Person\",\"@id\":\"https:\/\/www.espai.es\/blog\/#\/schema\/person\/d2e265073982f28e16cb7edccbd16602\",\"name\":\"Escobar\",\"image\":{\"@type\":\"ImageObject\",\"inLanguage\":\"es\",\"@id\":\"https:\/\/www.espai.es\/blog\/#\/schema\/person\/image\/\",\"url\":\"https:\/\/secure.gravatar.com\/avatar\/6fb517675f8bc757ee26d9143abae3c5eac58b13068bfcbc1485bbb092cef370?s=96&d=mm&r=g\",\"contentUrl\":\"https:\/\/secure.gravatar.com\/avatar\/6fb517675f8bc757ee26d9143abae3c5eac58b13068bfcbc1485bbb092cef370?s=96&d=mm&r=g\",\"caption\":\"Escobar\"},\"sameAs\":[\"http:\/\/www.espai.es\"],\"url\":\"https:\/\/www.espai.es\/blog\/author\/escobar\/\"}]}<\/script>\n<!-- \/ Yoast SEO plugin. -->","yoast_head_json":{"title":"... Y lleg\u00f3 el lunes - Blog Escola Espai","description":"... Y lleg\u00f3 el lunes. Escuela Espai, calle Enten\u00e7a 182, Barcelona, CP 08029. Tel 93 163 53 53. \u00c1rea de programaci\u00f3n \/ofim\u00e1tica. Horario 10-22h, sabado 10-14","robots":{"index":"index","follow":"follow","max-snippet":"max-snippet:-1","max-image-preview":"max-image-preview:large","max-video-preview":"max-video-preview:-1"},"canonical":"https:\/\/www.espai.es\/blog\/2013\/10\/y-llego-el-lunes\/","og_locale":"es_ES","og_type":"article","og_title":"... Y lleg\u00f3 el lunes - Blog Escola Espai","og_description":"... Y lleg\u00f3 el lunes. Escuela Espai, calle Enten\u00e7a 182, Barcelona, CP 08029. Tel 93 163 53 53. \u00c1rea de programaci\u00f3n \/ofim\u00e1tica. Horario 10-22h, sabado 10-14","og_url":"https:\/\/www.espai.es\/blog\/2013\/10\/y-llego-el-lunes\/","og_site_name":"Blog Escola Espai","article_published_time":"2013-10-18T11:22:37+00:00","article_modified_time":"2016-02-01T10:05:13+00:00","og_image":[{"width":400,"height":300,"url":"https:\/\/www.espai.es\/blog\/wp-content\/uploads\/2013\/10\/escuela_espai_lunes.jpg","type":"image\/jpeg"}],"author":"Escobar","twitter_card":"summary_large_image","twitter_misc":{"Escrito por":"Escobar","Tiempo de lectura":"4 minutos"},"schema":{"@context":"https:\/\/schema.org","@graph":[{"@type":"Article","@id":"https:\/\/www.espai.es\/blog\/2013\/10\/y-llego-el-lunes\/#article","isPartOf":{"@id":"https:\/\/www.espai.es\/blog\/2013\/10\/y-llego-el-lunes\/"},"author":{"name":"Escobar","@id":"https:\/\/www.espai.es\/blog\/#\/schema\/person\/d2e265073982f28e16cb7edccbd16602"},"headline":"&#8230; Y lleg\u00f3 el lunes","datePublished":"2013-10-18T11:22:37+00:00","dateModified":"2016-02-01T10:05:13+00:00","mainEntityOfPage":{"@id":"https:\/\/www.espai.es\/blog\/2013\/10\/y-llego-el-lunes\/"},"wordCount":881,"image":{"@id":"https:\/\/www.espai.es\/blog\/2013\/10\/y-llego-el-lunes\/#primaryimage"},"thumbnailUrl":"https:\/\/www.espai.es\/blog\/wp-content\/uploads\/2013\/10\/escuela_espai_lunes.jpg","articleSection":["Productividad"],"inLanguage":"es"},{"@type":"WebPage","@id":"https:\/\/www.espai.es\/blog\/2013\/10\/y-llego-el-lunes\/","url":"https:\/\/www.espai.es\/blog\/2013\/10\/y-llego-el-lunes\/","name":"... Y lleg\u00f3 el lunes - Blog Escola Espai","isPartOf":{"@id":"https:\/\/www.espai.es\/blog\/#website"},"primaryImageOfPage":{"@id":"https:\/\/www.espai.es\/blog\/2013\/10\/y-llego-el-lunes\/#primaryimage"},"image":{"@id":"https:\/\/www.espai.es\/blog\/2013\/10\/y-llego-el-lunes\/#primaryimage"},"thumbnailUrl":"https:\/\/www.espai.es\/blog\/wp-content\/uploads\/2013\/10\/escuela_espai_lunes.jpg","datePublished":"2013-10-18T11:22:37+00:00","dateModified":"2016-02-01T10:05:13+00:00","author":{"@id":"https:\/\/www.espai.es\/blog\/#\/schema\/person\/d2e265073982f28e16cb7edccbd16602"},"description":"... Y lleg\u00f3 el lunes. Escuela Espai, calle Enten\u00e7a 182, Barcelona, CP 08029. Tel 93 163 53 53. \u00c1rea de programaci\u00f3n \/ofim\u00e1tica. Horario 10-22h, sabado 10-14","breadcrumb":{"@id":"https:\/\/www.espai.es\/blog\/2013\/10\/y-llego-el-lunes\/#breadcrumb"},"inLanguage":"es","potentialAction":[{"@type":"ReadAction","target":["https:\/\/www.espai.es\/blog\/2013\/10\/y-llego-el-lunes\/"]}]},{"@type":"ImageObject","inLanguage":"es","@id":"https:\/\/www.espai.es\/blog\/2013\/10\/y-llego-el-lunes\/#primaryimage","url":"https:\/\/www.espai.es\/blog\/wp-content\/uploads\/2013\/10\/escuela_espai_lunes.jpg","contentUrl":"https:\/\/www.espai.es\/blog\/wp-content\/uploads\/2013\/10\/escuela_espai_lunes.jpg","width":400,"height":300},{"@type":"BreadcrumbList","@id":"https:\/\/www.espai.es\/blog\/2013\/10\/y-llego-el-lunes\/#breadcrumb","itemListElement":[{"@type":"ListItem","position":1,"name":"Portada","item":"https:\/\/www.espai.es\/blog\/"},{"@type":"ListItem","position":2,"name":"&#8230; Y lleg\u00f3 el lunes"}]},{"@type":"WebSite","@id":"https:\/\/www.espai.es\/blog\/#website","url":"https:\/\/www.espai.es\/blog\/","name":"Blog Escola Espai","description":"","potentialAction":[{"@type":"SearchAction","target":{"@type":"EntryPoint","urlTemplate":"https:\/\/www.espai.es\/blog\/?s={search_term_string}"},"query-input":{"@type":"PropertyValueSpecification","valueRequired":true,"valueName":"search_term_string"}}],"inLanguage":"es"},{"@type":"Person","@id":"https:\/\/www.espai.es\/blog\/#\/schema\/person\/d2e265073982f28e16cb7edccbd16602","name":"Escobar","image":{"@type":"ImageObject","inLanguage":"es","@id":"https:\/\/www.espai.es\/blog\/#\/schema\/person\/image\/","url":"https:\/\/secure.gravatar.com\/avatar\/6fb517675f8bc757ee26d9143abae3c5eac58b13068bfcbc1485bbb092cef370?s=96&d=mm&r=g","contentUrl":"https:\/\/secure.gravatar.com\/avatar\/6fb517675f8bc757ee26d9143abae3c5eac58b13068bfcbc1485bbb092cef370?s=96&d=mm&r=g","caption":"Escobar"},"sameAs":["http:\/\/www.espai.es"],"url":"https:\/\/www.espai.es\/blog\/author\/escobar\/"}]}},"jetpack_featured_media_url":"https:\/\/www.espai.es\/blog\/wp-content\/uploads\/2013\/10\/escuela_espai_lunes.jpg","jetpack_sharing_enabled":true,"_links":{"self":[{"href":"https:\/\/www.espai.es\/blog\/wp-json\/wp\/v2\/posts\/1016","targetHints":{"allow":["GET"]}}],"collection":[{"href":"https:\/\/www.espai.es\/blog\/wp-json\/wp\/v2\/posts"}],"about":[{"href":"https:\/\/www.espai.es\/blog\/wp-json\/wp\/v2\/types\/post"}],"author":[{"embeddable":true,"href":"https:\/\/www.espai.es\/blog\/wp-json\/wp\/v2\/users\/3"}],"replies":[{"embeddable":true,"href":"https:\/\/www.espai.es\/blog\/wp-json\/wp\/v2\/comments?post=1016"}],"version-history":[{"count":65,"href":"https:\/\/www.espai.es\/blog\/wp-json\/wp\/v2\/posts\/1016\/revisions"}],"predecessor-version":[{"id":4051,"href":"https:\/\/www.espai.es\/blog\/wp-json\/wp\/v2\/posts\/1016\/revisions\/4051"}],"wp:featuredmedia":[{"embeddable":true,"href":"https:\/\/www.espai.es\/blog\/wp-json\/wp\/v2\/media\/2429"}],"wp:attachment":[{"href":"https:\/\/www.espai.es\/blog\/wp-json\/wp\/v2\/media?parent=1016"}],"wp:term":[{"taxonomy":"category","embeddable":true,"href":"https:\/\/www.espai.es\/blog\/wp-json\/wp\/v2\/categories?post=1016"},{"taxonomy":"post_tag","embeddable":true,"href":"https:\/\/www.espai.es\/blog\/wp-json\/wp\/v2\/tags?post=1016"}],"curies":[{"name":"wp","href":"https:\/\/api.w.org\/{rel}","templated":true}]}}